{"id":13940,"date":"2024-10-22T12:00:00","date_gmt":"2024-10-22T15:00:00","guid":{"rendered":"https:\/\/sgvaimudar.com.br\/?p=13940"},"modified":"2024-10-22T10:29:50","modified_gmt":"2024-10-22T13:29:50","slug":"nova-unidade-de-saude-de-vista-alegre-vai-dobrar-atendimento","status":"publish","type":"post","link":"https:\/\/sgvaimudar.com.br\/index.php\/2024\/10\/22\/nova-unidade-de-saude-de-vista-alegre-vai-dobrar-atendimento\/","title":{"rendered":"Nova unidade de sa\u00fade de Vista Alegre vai dobrar atendimento"},"content":{"rendered":"\n<p><em>USF ter\u00e1 consultas, exames laboratoriais e tamb\u00e9m oferecer\u00e1 raios-x&nbsp;<\/em><\/p>\n\n\n\n<p>A nova Unidade de Sa\u00fade da Fam\u00edlia (USF) de Vista Alegre est\u00e1 quase pronta, segundo a Prefeitura de S\u00e3o Gon\u00e7alo. De acordo com a Secretaria de Sa\u00fade, a parte estrutural foi finalizada e agora s\u00f3 faltam acabamentos e algumas instala\u00e7\u00f5es da \u00e1rea interna e\u00a0conclus\u00e3o de alvenaria da parte externa.<\/p>\n\n\n\n<figure class=\"wp-block-image size-full\"><img fetchpriority=\"high\" decoding=\"async\" width=\"1024\" height=\"683\" src=\"https:\/\/sgvaimudar.com.br\/wp-content\/uploads\/2024\/10\/unnamed-1-14.jpg\" alt=\"\" class=\"wp-image-13941\" srcset=\"https:\/\/sgvaimudar.com.br\/wp-content\/uploads\/2024\/10\/unnamed-1-14.jpg 1024w, https:\/\/sgvaimudar.com.br\/wp-content\/uploads\/2024\/10\/unnamed-1-14-300x200.jpg 300w, https:\/\/sgvaimudar.com.br\/wp-content\/uploads\/2024\/10\/unnamed-1-14-768x512.jpg 768w\" sizes=\"(max-width: 1024px) 100vw, 1024px\" \/><\/figure>\n\n\n\n<p>Depois, ela deve receber o mobili\u00e1rio e equipamentos para ser inaugurada e, finalmente, entregue para a popula\u00e7\u00e3o do bairro com o diferencial de ter exame de raios-x.\u00a0<\/p>\n\n\n\n<p>Com o novo im\u00f3vel, a capacidade de atendimento ser\u00e1 dobrada dos atuais oito mil pacientes para 16 mil e contar\u00e1 com atendimentos m\u00e9dicos, servi\u00e7os e exames laboratoriais. Localizada na Estrada S\u00e3o Pedro, o equipamento vai substituir a atual USF, que fica na Rua Luis Gama, no mesmo bairro.\u00a0<\/p>\n\n\n\n<p>&#8220;Al\u00e9m das equipes de Estrat\u00e9gia da Fam\u00edlia (ESFs) com m\u00e9dicos, enfermeiros, t\u00e9cnicos de enfermagem e agentes comunit\u00e1rios de sa\u00fade, a unidade ter\u00e1 o eMulti \u2013 equipe multiprofissional composta por nutricionista, fisioterapeuta, educador f\u00edsico, assistente social, psic\u00f3logo e fonoaudi\u00f3logo. Dentistas e equipes dos programas da Aten\u00e7\u00e3o B\u00e1sica, de apoio e administrativas tamb\u00e9m estar\u00e3o dispon\u00edveis&#8221;, informou o Executivo no texto.<\/p>\n\n\n\n<p>Segundo as informa\u00e7\u00f5es, a nova unidade tem recep\u00e7\u00e3o ampla com sala de espera e frald\u00e1rio, sala para os agentes comunit\u00e1rios de sa\u00fade (ACs), consult\u00f3rios multifuncionais, odontol\u00f3gico e ginecol\u00f3gico, salas de curativo, imuniza\u00e7\u00e3o, coleta laboratorial, estoque, inala\u00e7\u00e3o, descontamina\u00e7\u00e3o, esteriliza\u00e7\u00e3o, copa, farm\u00e1cia, almoxarifado e \u00e1rea livre de conviv\u00eancia com jardim.\u00a0<\/p>\n\n\n\n<p>\u201cA nova USF vai trazer mais dignidade no atendimento aos pacientes com ambientes humanizados, climatizados e padronizados e vai oferecer mais um servi\u00e7o que n\u00e3o \u00e9 comum nas USFs: o raio-x. O prefeito Capit\u00e3o Nelson quer que o atendimento em sa\u00fade seja exemplo e sempre nos cobra para refor\u00e7ar o atendimento humanizado com os funcion\u00e1rios, principalmente das novas unidades\u201d, disse a secret\u00e1ria de Sa\u00fade da Prefeitura de S\u00e3o Gon\u00e7alo, a m\u00e9dica Bianca Serour.\u00a0\u00a0<\/p>\n\n\n\n<p>Assim como todas as demais obras realizadas pela Secretaria, a USF Vista Alegre obedece todas as adequa\u00e7\u00f5es gerais e de acessibilidade (rampa, piso t\u00e1til, barras, banheiros adaptados para pessoas com defici\u00eancia e com campainha de alerta) \u2013 tudo conforme as normas da Anvisa: a RDC 50, que diz respeito aos ambientes e a NBR 9050, sobre acessibilidade.\u00a0<\/p>\n\n\n\n<p><em>Fotos: Julio Diniz<\/em><\/p>\n\n\n\n<p><strong><em><sup>S\u00e3o Gon\u00e7alo Vai Mudar. O Maior Portal da Cidade.<\/sup><\/em><\/strong><\/p>\n\n\n\n<figure class=\"wp-block-image size-full\"><img decoding=\"async\" width=\"251\" height=\"88\" src=\"https:\/\/sgvaimudar.com.br\/wp-content\/uploads\/2023\/08\/Logo.png\" alt=\"\" class=\"wp-image-2738\" \/><\/figure>\n","protected":false},"excerpt":{"rendered":"<p>USF ter\u00e1 consultas, exames laboratoriais e tamb\u00e9m oferecer\u00e1 raios-x&nbsp; A nova Unidade de Sa\u00fade da Fam\u00edlia (USF) de Vista Alegre&hellip;<\/p>\n","protected":false},"author":5,"featured_media":13942,"comment_status":"open","ping_status":"open","sticky":false,"template":"","format":"standard","meta":{"fifu_image_url":"","fifu_image_alt":"","footnotes":""},"categories":[7],"tags":[],"class_list":["post-13940","post","type-post","status-publish","format-standard","has-post-thumbnail","hentry","category-saude"],"_links":{"self":[{"href":"https:\/\/sgvaimudar.com.br\/index.php\/wp-json\/wp\/v2\/posts\/13940","targetHints":{"allow":["GET"]}}],"collection":[{"href":"https:\/\/sgvaimudar.com.br\/index.php\/wp-json\/wp\/v2\/posts"}],"about":[{"href":"https:\/\/sgvaimudar.com.br\/index.php\/wp-json\/wp\/v2\/types\/post"}],"author":[{"embeddable":true,"href":"https:\/\/sgvaimudar.com.br\/index.php\/wp-json\/wp\/v2\/users\/5"}],"replies":[{"embeddable":true,"href":"https:\/\/sgvaimudar.com.br\/index.php\/wp-json\/wp\/v2\/comments?post=13940"}],"version-history":[{"count":1,"href":"https:\/\/sgvaimudar.com.br\/index.php\/wp-json\/wp\/v2\/posts\/13940\/revisions"}],"predecessor-version":[{"id":13943,"href":"https:\/\/sgvaimudar.com.br\/index.php\/wp-json\/wp\/v2\/posts\/13940\/revisions\/13943"}],"wp:featuredmedia":[{"embeddable":true,"href":"https:\/\/sgvaimudar.com.br\/index.php\/wp-json\/wp\/v2\/media\/13942"}],"wp:attachment":[{"href":"https:\/\/sgvaimudar.com.br\/index.php\/wp-json\/wp\/v2\/media?parent=13940"}],"wp:term":[{"taxonomy":"category","embeddable":true,"href":"https:\/\/sgvaimudar.com.br\/index.php\/wp-json\/wp\/v2\/categories?post=13940"},{"taxonomy":"post_tag","embeddable":true,"href":"https:\/\/sgvaimudar.com.br\/index.php\/wp-json\/wp\/v2\/tags?post=13940"}],"curies":[{"name":"wp","href":"https:\/\/api.w.org\/{rel}","templated":true}]}}