{"id":13935,"date":"2024-10-22T11:00:00","date_gmt":"2024-10-22T14:00:00","guid":{"rendered":"https:\/\/sgvaimudar.com.br\/?p=13935"},"modified":"2024-10-22T10:14:46","modified_gmt":"2024-10-22T13:14:46","slug":"segundo-dia-de-feira-de-beleza-em-sao-goncalo-promove-capacitacoes","status":"publish","type":"post","link":"https:\/\/sgvaimudar.com.br\/index.php\/2024\/10\/22\/segundo-dia-de-feira-de-beleza-em-sao-goncalo-promove-capacitacoes\/","title":{"rendered":"Feira de beleza em S\u00e3o Gon\u00e7alo promove capacita\u00e7\u00f5es"},"content":{"rendered":"\n<p><em>Evento tem apoio da Secretaria de Desenvolvimento Econ\u00f4mico<\/em><\/p>\n\n\n\n<p>A 7\u00aa edi\u00e7\u00e3o do Expo Hair S\u00e3o Gon\u00e7alo, que conta com o apoio da Secretaria de Desenvolvimento Econ\u00f4mico da Prefeitura de S\u00e3o Gon\u00e7alo \u00e9 um sucesso. A feira de beleza teve in\u00edcio neste domingo (20) e se estende at\u00e9 est\u00e1 ter\u00e7a-feira (22), no Sesc S\u00e3o Gon\u00e7alo, no bairro Estrela do Norte, das 10h \u00e0s 19h. <\/p>\n\n\n\n<figure class=\"wp-block-image size-full\"><img fetchpriority=\"high\" decoding=\"async\" width=\"1024\" height=\"683\" src=\"https:\/\/sgvaimudar.com.br\/wp-content\/uploads\/2024\/10\/unnamed-17-1.jpg\" alt=\"\" class=\"wp-image-13936\" srcset=\"https:\/\/sgvaimudar.com.br\/wp-content\/uploads\/2024\/10\/unnamed-17-1.jpg 1024w, https:\/\/sgvaimudar.com.br\/wp-content\/uploads\/2024\/10\/unnamed-17-1-300x200.jpg 300w, https:\/\/sgvaimudar.com.br\/wp-content\/uploads\/2024\/10\/unnamed-17-1-768x512.jpg 768w\" sizes=\"(max-width: 1024px) 100vw, 1024px\" \/><\/figure>\n\n\n\n<p>Al\u00e9m da venda de produtos com pre\u00e7os acess\u00edveis, o Expo Hair promete repassar ensinamentos atrav\u00e9s de mais de 30 cursos e workshops com profissionais do ramo da beleza, al\u00e9m de outros, oferecidos pelo Senac e Sebrae.<\/p>\n\n\n\n<p>Segundo os organizadores do evento, no domingo (20), mais de 1.500 pessoas compareceram. J\u00e1 nesta segunda-feira (21), o evento teve tr\u00eas mil pessoas. Juntando os tr\u00eas dias, a expectativa de p\u00fablico \u00e9 de 10 mil pessoas.<\/p>\n\n\n\n<p>O secret\u00e1rio de Desenvolvimento Econ\u00f4mico, Eug\u00eanio Abreu, destacou a import\u00e2ncia do evento para S\u00e3o Gon\u00e7alo. &#8220;Nosso objetivo com eventos do tipo \u00e9 fazer com que o munic\u00edpio seja cada vez mais visto comercialmente e cres\u00e7a cada vez mais. Aqui, no Expo Hair, estamos recebendo tamb\u00e9m pessoas de fora do munic\u00edpio. Na parceria com a Firjan e Senac, vamos proporcionar capacita\u00e7\u00f5es a mais para os profissionais. al\u00e9m de t\u00e9cnicas para fomentar a abertura de novos empreendimentos em S\u00e3o Gon\u00e7alo&#8221;, disse Abreu.<\/p>\n\n\n\n<p>Marcelo Teixeira \u00e9 um dos organizadores do evento e destacou como o Expo Hair vem sendo feito com o apoio de parcerias com profissionais do mercado da beleza e da Prefeitura. <\/p>\n\n\n\n<p>&#8220;Estamos no segundo dia do evento aqui no Sesc S\u00e3o Gon\u00e7alo. Teremos aqui hoje a Vivi Siqueira, embaixadora L&#8217;Or\u00e9al. Amanh\u00e3 teremos o Bruno Lotufo, embaixador Wella. Hoje, estamos realizando v\u00e1rias palestras. Qualquer pessoa que ama o universo de beleza pode vir&#8221;, afirmou Teixeira.<\/p>\n\n\n\n<p>A Expo Hair \u00e9 importante porque fomenta a \u00e1rea da beleza em S\u00e3o Gon\u00e7alo e traz fornecedores de outros estados. Apesar da inscri\u00e7\u00e3o ser gratuita, os organizadores pedem que os interessados levem um brinquedo para que seja doado ao projeto \u2018Crian\u00e7a Feliz\u2019, que leva alegria e apoio a crian\u00e7as de comunidades locais.<\/p>\n\n\n\n<p>Doralice Ramos, de 57 anos, \u00e9 cabeleireira e mora em Nova Igua\u00e7u. Ela soube do evento atrav\u00e9s de amigos da \u00e1rea da beleza e resolveu vir at\u00e9 S\u00e3o Gon\u00e7alo para comprar alguns produtos. <\/p>\n\n\n\n<p>&#8220;Foi um fornecedor que me contou do evento e eu vim. Estou adorando os pre\u00e7os, aprendendo muito. Os produtos s\u00e3o mais em conta e eu consegui comprar algumas coisinhas. Al\u00e9m disso, assisti a uma palestra de empreendedorismo e vai me ajudar muito com o meu sal\u00e3o&#8221;, disse ela.<\/p>\n\n\n\n<p>Jaqueline Mello, de 43 anos, \u00e9 moradora do Engenho Pequeno e frequenta a feira h\u00e1 3 anos. &#8220;Fa\u00e7o curso de maquiagens, quero ser maquiadora. Aqui, fa\u00e7o um curso no qual paguei apenas R$ 15, um valor simb\u00f3lico, e vou aprender mais coisas que posso colocar na pr\u00e1tica, vai ser \u00f3timo. Aqui tem muitos produtos, at\u00e9 lan\u00e7amentos, e recomendo sempre para as minhas amigas&#8221;, disse ela, que estava no evento para aprender sobre maquiagens e penteados.<\/p>\n\n\n\n<p><strong>Servi\u00e7o:<\/strong><\/p>\n\n\n\n<p>O Expo Hair S\u00e3o Gon\u00e7alo est\u00e1 ocorrendo na\u00a0Av. Pres. Kennedy, 755, Estrela do Norte, SG. <\/p>\n\n\n\n<p>O evento foi poss\u00edvel atrav\u00e9s de uma parceria com a TB Pro Eventos e o Sindsal\u00f5es.<\/p>\n\n\n\n<p><em>Fotos: Fabio Guimar\u00e3es<\/em><\/p>\n\n\n\n<p><strong><em><sup>S\u00e3o Gon\u00e7alo Vai Mudar. O Maior Portal da Cidade.<\/sup><\/em><\/strong><\/p>\n\n\n\n<figure class=\"wp-block-image size-full\"><img decoding=\"async\" width=\"251\" height=\"88\" src=\"https:\/\/sgvaimudar.com.br\/wp-content\/uploads\/2023\/08\/Logo.png\" alt=\"\" class=\"wp-image-2738\" \/><\/figure>\n","protected":false},"excerpt":{"rendered":"<p>Evento tem apoio da Secretaria de Desenvolvimento Econ\u00f4mico A 7\u00aa edi\u00e7\u00e3o do Expo Hair S\u00e3o Gon\u00e7alo, que conta com o&hellip;<\/p>\n","protected":false},"author":5,"featured_media":13937,"comment_status":"open","ping_status":"open","sticky":false,"template":"","format":"standard","meta":{"fifu_image_url":"","fifu_image_alt":"","footnotes":""},"categories":[3],"tags":[],"class_list":["post-13935","post","type-post","status-publish","format-standard","has-post-thumbnail","hentry","category-sao-goncalo"],"_links":{"self":[{"href":"https:\/\/sgvaimudar.com.br\/index.php\/wp-json\/wp\/v2\/posts\/13935","targetHints":{"allow":["GET"]}}],"collection":[{"href":"https:\/\/sgvaimudar.com.br\/index.php\/wp-json\/wp\/v2\/posts"}],"about":[{"href":"https:\/\/sgvaimudar.com.br\/index.php\/wp-json\/wp\/v2\/types\/post"}],"author":[{"embeddable":true,"href":"https:\/\/sgvaimudar.com.br\/index.php\/wp-json\/wp\/v2\/users\/5"}],"replies":[{"embeddable":true,"href":"https:\/\/sgvaimudar.com.br\/index.php\/wp-json\/wp\/v2\/comments?post=13935"}],"version-history":[{"count":2,"href":"https:\/\/sgvaimudar.com.br\/index.php\/wp-json\/wp\/v2\/posts\/13935\/revisions"}],"predecessor-version":[{"id":13939,"href":"https:\/\/sgvaimudar.com.br\/index.php\/wp-json\/wp\/v2\/posts\/13935\/revisions\/13939"}],"wp:featuredmedia":[{"embeddable":true,"href":"https:\/\/sgvaimudar.com.br\/index.php\/wp-json\/wp\/v2\/media\/13937"}],"wp:attachment":[{"href":"https:\/\/sgvaimudar.com.br\/index.php\/wp-json\/wp\/v2\/media?parent=13935"}],"wp:term":[{"taxonomy":"category","embeddable":true,"href":"https:\/\/sgvaimudar.com.br\/index.php\/wp-json\/wp\/v2\/categories?post=13935"},{"taxonomy":"post_tag","embeddable":true,"href":"https:\/\/sgvaimudar.com.br\/index.php\/wp-json\/wp\/v2\/tags?post=13935"}],"curies":[{"name":"wp","href":"https:\/\/api.w.org\/{rel}","templated":true}]}}