{"id":13908,"date":"2024-10-21T09:14:35","date_gmt":"2024-10-21T12:14:35","guid":{"rendered":"https:\/\/sgvaimudar.com.br\/?p=13908"},"modified":"2024-10-21T09:14:36","modified_gmt":"2024-10-21T12:14:36","slug":"caravana-de-arte-e-lazer-leva-animacao-e-brincadeiras-para-criancas-na-trindade","status":"publish","type":"post","link":"https:\/\/sgvaimudar.com.br\/index.php\/2024\/10\/21\/caravana-de-arte-e-lazer-leva-animacao-e-brincadeiras-para-criancas-na-trindade\/","title":{"rendered":"Caravana de Arte e Lazer leva anima\u00e7\u00e3o e brincadeiras para crian\u00e7as na Trindade"},"content":{"rendered":"\n<p><em>Projeto \u00e9 realizado pela Funda\u00e7\u00e3o de Artes, Esporte e Lazer da Prefeitura de S\u00e3o Gon\u00e7alo<\/em><\/p>\n\n\n\n<p>Centenas de fam\u00edlias puderam se divertir e aproveitar, no \u00faltimo s\u00e1bado (19), brincadeiras e muita divers\u00e3o proporcionadas por mais uma edi\u00e7\u00e3o do \u201cCaravana de Arte e Lazer\u201d, projeto realizado pela Funda\u00e7\u00e3o de Artes, Esporte e Lazer (Faelsg) da Prefeitura de S\u00e3o Gon\u00e7alo. Desta vez, o projeto aconteceu na localidade Tr\u00eas Campos, na Trindade.<\/p>\n\n\n\n<figure class=\"wp-block-image size-large\"><img fetchpriority=\"high\" decoding=\"async\" width=\"1024\" height=\"768\" src=\"https:\/\/sgvaimudar.com.br\/wp-content\/uploads\/2024\/10\/unnamed-14-2-1024x768.jpg\" alt=\"\" class=\"wp-image-13910\" srcset=\"https:\/\/sgvaimudar.com.br\/wp-content\/uploads\/2024\/10\/unnamed-14-2-1024x768.jpg 1024w, https:\/\/sgvaimudar.com.br\/wp-content\/uploads\/2024\/10\/unnamed-14-2-300x225.jpg 300w, https:\/\/sgvaimudar.com.br\/wp-content\/uploads\/2024\/10\/unnamed-14-2-768x576.jpg 768w, https:\/\/sgvaimudar.com.br\/wp-content\/uploads\/2024\/10\/unnamed-14-2-1536x1152.jpg 1536w, https:\/\/sgvaimudar.com.br\/wp-content\/uploads\/2024\/10\/unnamed-14-2.jpg 1600w\" sizes=\"(max-width: 1024px) 100vw, 1024px\" \/><\/figure>\n\n\n\n<p>Durante a realiza\u00e7\u00e3o da Caravana, os moradores podem aproveitar diversas atividades esportivas e art\u00edsticas gratuitas, como a presen\u00e7a de personagens vivos, oficinas de pintura e desenhos, pintura facial, aulas de dan\u00e7a, al\u00e9m de barraquinhas de algod\u00e3o doce, cachorro quente e pipoca.<\/p>\n\n\n\n<p>A Caravana de Arte e Lazer foi criada com o objetivo de percorrer as principais \u00e1reas de vulnerabilidade social da cidade, levando pr\u00e1ticas sociais, esportivas e recreativas \u00e0s crian\u00e7as. A Caravana j\u00e1 realizou mais de 120 edi\u00e7\u00f5es desde outubro de 2022, quando teve in\u00edcio.<\/p>\n\n\n\n<p>Desta vez, em homenagem ao M\u00eas das Crian\u00e7as, a edi\u00e7\u00e3o do projeto ficou ainda mais especial e os pequenos puderam aproveitar tamb\u00e9m o show de m\u00e1gica \u2018Cinema Ou M\u00e1gica\u2019, al\u00e9m de assistirem ao filme &#8220;Turma da M\u00f4nica: La\u00e7os&#8221; atrav\u00e9s do Cinera Itinerante e conta\u00e7\u00e3o de hist\u00f3rias.<\/p>\n\n\n\n<p>Vale lembrar que a Prefeitura tamb\u00e9m realizou, no \u00faltimo final de semana, atividades da Caravana de Arte e Lazer para celebrar o Dia das Crian\u00e7as. No s\u00e1bado (12), a festa aconteceu na Pra\u00e7a Z\u00e9 Garoto e, no domingo (13), na Lona Cultura do Jardim Catarina, com a participa\u00e7\u00e3o do palha\u00e7o Topet\u00e3o e sua turma, que levaram o espet\u00e1culo \u201cCirco de brincar nas alturas\u201d, com toda a magia do circo.<\/p>\n\n\n\n<p>A edi\u00e7\u00e3o da Caravana que ocorreria neste domingo (20), na Estrada Sapucaia, no Salgueiro, foi cancelada devido \u00e0s chuvas que atingem o munic\u00edpio.<\/p>\n\n\n\n<p><strong><em><sup>S\u00e3o Gon\u00e7alo Vai Mudar. O Maior Portal da Cidade.<\/sup><\/em><\/strong><\/p>\n\n\n\n<figure class=\"wp-block-image size-full\"><img decoding=\"async\" width=\"251\" height=\"88\" src=\"https:\/\/sgvaimudar.com.br\/wp-content\/uploads\/2023\/08\/Logo.png\" alt=\"\" class=\"wp-image-2738\" \/><\/figure>\n\n\n\n<p> <\/p>\n","protected":false},"excerpt":{"rendered":"<p>Projeto \u00e9 realizado pela Funda\u00e7\u00e3o de Artes, Esporte e Lazer da Prefeitura de S\u00e3o Gon\u00e7alo Centenas de fam\u00edlias puderam se&hellip;<\/p>\n","protected":false},"author":5,"featured_media":13909,"comment_status":"open","ping_status":"open","sticky":false,"template":"","format":"standard","meta":{"fifu_image_url":"","fifu_image_alt":"","footnotes":""},"categories":[6],"tags":[],"class_list":["post-13908","post","type-post","status-publish","format-standard","has-post-thumbnail","hentry","category-entretenimento"],"_links":{"self":[{"href":"https:\/\/sgvaimudar.com.br\/index.php\/wp-json\/wp\/v2\/posts\/13908","targetHints":{"allow":["GET"]}}],"collection":[{"href":"https:\/\/sgvaimudar.com.br\/index.php\/wp-json\/wp\/v2\/posts"}],"about":[{"href":"https:\/\/sgvaimudar.com.br\/index.php\/wp-json\/wp\/v2\/types\/post"}],"author":[{"embeddable":true,"href":"https:\/\/sgvaimudar.com.br\/index.php\/wp-json\/wp\/v2\/users\/5"}],"replies":[{"embeddable":true,"href":"https:\/\/sgvaimudar.com.br\/index.php\/wp-json\/wp\/v2\/comments?post=13908"}],"version-history":[{"count":1,"href":"https:\/\/sgvaimudar.com.br\/index.php\/wp-json\/wp\/v2\/posts\/13908\/revisions"}],"predecessor-version":[{"id":13911,"href":"https:\/\/sgvaimudar.com.br\/index.php\/wp-json\/wp\/v2\/posts\/13908\/revisions\/13911"}],"wp:featuredmedia":[{"embeddable":true,"href":"https:\/\/sgvaimudar.com.br\/index.php\/wp-json\/wp\/v2\/media\/13909"}],"wp:attachment":[{"href":"https:\/\/sgvaimudar.com.br\/index.php\/wp-json\/wp\/v2\/media?parent=13908"}],"wp:term":[{"taxonomy":"category","embeddable":true,"href":"https:\/\/sgvaimudar.com.br\/index.php\/wp-json\/wp\/v2\/categories?post=13908"},{"taxonomy":"post_tag","embeddable":true,"href":"https:\/\/sgvaimudar.com.br\/index.php\/wp-json\/wp\/v2\/tags?post=13908"}],"curies":[{"name":"wp","href":"https:\/\/api.w.org\/{rel}","templated":true}]}}