{"id":13904,"date":"2024-10-21T09:10:32","date_gmt":"2024-10-21T12:10:32","guid":{"rendered":"https:\/\/sgvaimudar.com.br\/?p=13904"},"modified":"2024-10-21T09:10:33","modified_gmt":"2024-10-21T12:10:33","slug":"mais-de-58-mil-animais-sao-vacinados-em-sabado-de-vacinacao-antirrabica-em-sao-goncalo","status":"publish","type":"post","link":"https:\/\/sgvaimudar.com.br\/index.php\/2024\/10\/21\/mais-de-58-mil-animais-sao-vacinados-em-sabado-de-vacinacao-antirrabica-em-sao-goncalo\/","title":{"rendered":"Mais de 58 mil animais s\u00e3o vacinados em s\u00e1bado de vacina\u00e7\u00e3o antirr\u00e1bica em S\u00e3o Gon\u00e7alo"},"content":{"rendered":"\n<p><em>Ao todo, 66 pontos de vacina\u00e7\u00e3o funcionaram na segunda etapa da campanha no munic\u00edpio<\/em><\/p>\n\n\n\n<p>Cerca de 58.042 animais foram vacinados em S\u00e3o Gon\u00e7alo, neste s\u00e1bado (19), durante a segunda etapa da vacina\u00e7\u00e3o antirr\u00e1bica que aconteceu no munic\u00edpio. Ao todo, 44.565 c\u00e3es e 13.477 gatos receberam o imunizante em 66 pontos de vacina\u00e7\u00e3o que funcionaram das 8h \u00e0s 17h. A a\u00e7\u00e3o faz parte da Campanha Nacional de Vacina\u00e7\u00e3o Antirr\u00e1bica 2024 e a primeira etapa, que vacinou mais de 52 mil animais, aconteceu no dia 14 de setembro.<\/p>\n\n\n\n<figure class=\"wp-block-image size-full\"><img fetchpriority=\"high\" decoding=\"async\" width=\"1024\" height=\"683\" src=\"https:\/\/sgvaimudar.com.br\/wp-content\/uploads\/2024\/10\/unnamed-10-4.jpg\" alt=\"\" class=\"wp-image-13905\" srcset=\"https:\/\/sgvaimudar.com.br\/wp-content\/uploads\/2024\/10\/unnamed-10-4.jpg 1024w, https:\/\/sgvaimudar.com.br\/wp-content\/uploads\/2024\/10\/unnamed-10-4-300x200.jpg 300w, https:\/\/sgvaimudar.com.br\/wp-content\/uploads\/2024\/10\/unnamed-10-4-768x512.jpg 768w\" sizes=\"(max-width: 1024px) 100vw, 1024px\" \/><\/figure>\n\n\n\n<p>A imuniza\u00e7\u00e3o \u00e9 para os animais com mais de tr\u00eas meses de vida e que n\u00e3o estejam doentes. A raiva \u00e9 uma doen\u00e7a infecciosa causada por um v\u00edrus, n\u00e3o tem cura e, se n\u00e3o houver preven\u00e7\u00e3o e controle, pode levar \u00e0 morte. \u00c9 uma zoonose (doen\u00e7a que pode ser transmitida do animal para o ser humano) e o v\u00edrus pode estar presente na saliva de um animal infectado, podendo ser transmitido atrav\u00e9s de mordida, arranh\u00e3o ou lambedura. C\u00e3es e gatos dom\u00e9sticos, morcegos e outros mam\u00edferos silvestres podem transmitir a doen\u00e7a.&nbsp;&nbsp;&nbsp;&nbsp;&nbsp;&nbsp;&nbsp;&nbsp;&nbsp;&nbsp;<\/p>\n\n\n\n<p>Um dos pontos de vacina\u00e7\u00e3o foi o Col\u00e9gio Municipal Esteph\u00e2nia de Carvalho, no Laranjal. Dh\u00e9bora Rosa, de 43 anos, tutora de Belinha, uma cadela de 9 anos, esteve no local. Para ela, a vacina\u00e7\u00e3o \u00e9 imprescind\u00edvel para dar qualidade de vida para o animal. &#8220;A Belinha est\u00e1 comigo desde novinha e hoje eu trouxe ela para vacinar aqui como sempre trago, n\u00e3o perco nenhum ano. Acho que o cuidado que temos com a gente tamb\u00e9m \u00e9 necess\u00e1rio com os nossos bichinhos, eles s\u00e3o uma vida importante para n\u00f3s. Al\u00e9m disso, eu sempre falo da import\u00e2ncia da vacina\u00e7\u00e3o dos animais para as pessoas que eu conhe\u00e7o, \u00e9 necess\u00e1rio e importante&#8221;, afirmou a professora.<\/p>\n\n\n\n<p>Midria Toso, de 33 anos, levou sua gatinha Maya, de 12 anos, para vacinar neste s\u00e1bado no Curso Senes, localizado no Mutondo. A gata est\u00e1 com ela h\u00e1 7 anos e, desde ent\u00e3o, sempre foi vacinada. &#8220;Eu fa\u00e7o quest\u00e3o de traz\u00e9-la para se vacinar sempre. Ela tem a carteirinha dela de vacina\u00e7\u00e3o, que est\u00e1 certinha. A vacina\u00e7\u00e3o, para mim, \u00e9 excepcional, eu n\u00e3o abro m\u00e3o da vacina\u00e7\u00e3o dela. Eu soube da vacina\u00e7\u00e3o aqui hoje pelas redes sociais da Prefeitura e fiz quest\u00e3o de compartilhar com todo mundo. \u00c9 muito importante&#8221;, disse a artes\u00e3.<\/p>\n\n\n\n<p>Durante a vacina\u00e7\u00e3o, estavam presentes agentes de sa\u00fade, agentes de endemias e m\u00e9dicos veterin\u00e1rios integrantes do Departamento de Controle de Zoonoses e&nbsp;Vigil\u00e2ncia Sanit\u00e1ria e da Vigil\u00e2ncia em Sa\u00fade Ambiental, todos ligados \u00e0 Secretaria Municipal de Sa\u00fade e Defesa Civil (Semsa), al\u00e9m de volunt\u00e1rios capacitados.&nbsp;A expectativa da Campanha Nacional de Vacina\u00e7\u00e3o Antirr\u00e1bica 2024 \u00e9 vacinar cerca de 120 mil animais nas duas etapas na cidade.<\/p>\n\n\n\n<p>Para os gon\u00e7alenses que perderem a data da campanha, a vacina estar\u00e1 dispon\u00edvel nos Centros de Atendimento Veterin\u00e1rio Municipal (Cavems), no Mutu\u00e1 e Alc\u00e2ntara, sempre de segunda a sexta, das 8h \u00e0s 16h, sem a necessidade de realizar agendamento ou pegar senhas.<\/p>\n\n\n\n<p><em>Fotos: Julio Diniz<\/em><\/p>\n\n\n\n<p><strong><em>S\u00e3o Gon\u00e7alo Vai Mudar. O Maior Portal da Cidade.<\/em><\/strong><\/p>\n\n\n\n<figure class=\"wp-block-image size-full\"><img decoding=\"async\" width=\"251\" height=\"88\" src=\"https:\/\/sgvaimudar.com.br\/wp-content\/uploads\/2023\/08\/Logo.png\" alt=\"\" class=\"wp-image-2738\" \/><\/figure>\n","protected":false},"excerpt":{"rendered":"<p>Ao todo, 66 pontos de vacina\u00e7\u00e3o funcionaram na segunda etapa da campanha no munic\u00edpio Cerca de 58.042 animais foram vacinados&hellip;<\/p>\n","protected":false},"author":5,"featured_media":13906,"comment_status":"open","ping_status":"open","sticky":false,"template":"","format":"standard","meta":{"fifu_image_url":"","fifu_image_alt":"","footnotes":""},"categories":[3],"tags":[],"class_list":["post-13904","post","type-post","status-publish","format-standard","has-post-thumbnail","hentry","category-sao-goncalo"],"_links":{"self":[{"href":"https:\/\/sgvaimudar.com.br\/index.php\/wp-json\/wp\/v2\/posts\/13904","targetHints":{"allow":["GET"]}}],"collection":[{"href":"https:\/\/sgvaimudar.com.br\/index.php\/wp-json\/wp\/v2\/posts"}],"about":[{"href":"https:\/\/sgvaimudar.com.br\/index.php\/wp-json\/wp\/v2\/types\/post"}],"author":[{"embeddable":true,"href":"https:\/\/sgvaimudar.com.br\/index.php\/wp-json\/wp\/v2\/users\/5"}],"replies":[{"embeddable":true,"href":"https:\/\/sgvaimudar.com.br\/index.php\/wp-json\/wp\/v2\/comments?post=13904"}],"version-history":[{"count":1,"href":"https:\/\/sgvaimudar.com.br\/index.php\/wp-json\/wp\/v2\/posts\/13904\/revisions"}],"predecessor-version":[{"id":13907,"href":"https:\/\/sgvaimudar.com.br\/index.php\/wp-json\/wp\/v2\/posts\/13904\/revisions\/13907"}],"wp:featuredmedia":[{"embeddable":true,"href":"https:\/\/sgvaimudar.com.br\/index.php\/wp-json\/wp\/v2\/media\/13906"}],"wp:attachment":[{"href":"https:\/\/sgvaimudar.com.br\/index.php\/wp-json\/wp\/v2\/media?parent=13904"}],"wp:term":[{"taxonomy":"category","embeddable":true,"href":"https:\/\/sgvaimudar.com.br\/index.php\/wp-json\/wp\/v2\/categories?post=13904"},{"taxonomy":"post_tag","embeddable":true,"href":"https:\/\/sgvaimudar.com.br\/index.php\/wp-json\/wp\/v2\/tags?post=13904"}],"curies":[{"name":"wp","href":"https:\/\/api.w.org\/{rel}","templated":true}]}}