{"id":13900,"date":"2024-10-21T09:05:25","date_gmt":"2024-10-21T12:05:25","guid":{"rendered":"https:\/\/sgvaimudar.com.br\/?p=13900"},"modified":"2024-10-21T09:05:25","modified_gmt":"2024-10-21T12:05:25","slug":"policiais-do-12obpm-prendem-ladrao-e-receptador-de-celular-roubado-no-centro-de-niteroi","status":"publish","type":"post","link":"https:\/\/sgvaimudar.com.br\/index.php\/2024\/10\/21\/policiais-do-12obpm-prendem-ladrao-e-receptador-de-celular-roubado-no-centro-de-niteroi\/","title":{"rendered":"Policiais do 12\u00baBPM prendem ladr\u00e3o e receptador de celular roubado no Centro de Niter\u00f3i"},"content":{"rendered":"\n<p>Duas pessoas acusadas de furto de celular pela pol\u00edcia foram presas em flagrante na noite deste domingo (20), no Centro de Niter\u00f3i. Um dos suspeitos identificado como Gustavo Branquinho de Souza, de 22 anos, foi visto por equipe do 12\u00baBPM (Niter\u00f3i-Maric\u00e1) repassando o celular para o segundo suspeito identificado como Dionathan Fernandes Ferreira, de 39 anos, na Rua Desid\u00e9rio de Oliveira.<\/p>\n\n\n\n<figure class=\"wp-block-video\"><video height=\"480\" style=\"aspect-ratio: 848 \/ 480;\" width=\"848\" controls src=\"https:\/\/sgvaimudar.com.br\/wp-content\/uploads\/2024\/10\/WhatsApp-Video-2024-10-21-at-08.26.14.mp4\"><\/video><\/figure>\n\n\n\n<p>Segundo a ocorr\u00eancia, a PM recebeu as informa\u00e7\u00f5es do assalto via aplicativo de WhatsApp (Integrados do 12\u00ba BPM), que a v\u00edtima Ranielhy Andrade da Mota Spoladore, de 31 anos, havia acabado de ser roubada e precisava de aux\u00edlio.<\/p>\n\n\n\n<p>Na ocasi\u00e3o, foram repassadas as caracter\u00edsticas f\u00edsicas do autor e atrav\u00e9s de dados fornecidos por Ranielhy que disse a pol\u00edcia a cor do casaco e da bermuda, al\u00e9m da localiza\u00e7\u00e3o em tempo real do telefone subtra\u00eddo, a guarni\u00e7\u00e3o procedeu em patrulhamento com vistas ao mesmo e conseguiu localizar os bandidos.<\/p>\n\n\n\n<p>De acordo com a PM, ao avistar a guarni\u00e7\u00e3o Gustavo Branquinho demonstrou nervosismo e tentou se evadir, sendo detido pelos policiais, que enviaram uma fotografia \u00e0 v\u00edtima que o reconheceu como sendo o ladr\u00e3o que a abordou amea\u00e7ando-a de desferir-lhe facadas caso n\u00e3o entregasse o telefone celular. <\/p>\n\n\n\n<p>Gustavo Branquinho foi conduzido \u00e0 76\u00aa DP para autua\u00e7\u00e3o em flagrante delito. Pouco tempo antes, a guarni\u00e7\u00e3o da Supervis\u00e3o de Oficial relatou que recebeu as mesmas informa\u00e7\u00f5es via WhatsApp sobre a localiza\u00e7\u00e3o do bem subtra\u00eddo e na Rua Marques de Caxias, tamb\u00e9m no Centro de Niter\u00f3i conseguiu localizar Dionathan Fernandes com  uma mochila, e quando os policiais fizeram a revista, um telefone celular, que estava em posse de Dionathan, come\u00e7ou a tocar insistentemente e os policiais puderam perceber que o mesmo estava bloqueado.<\/p>\n\n\n\n<p>Segundo os policiais, ao ser perguntado sobre a proced\u00eancia do aparelho, Dionathan disse que: &#8220;Havia acabado de comprar por R$ 100,00 de Branquinho na Rua Heitor Carrilho&#8221;.<\/p>\n\n\n\n<p>Com isso, Dionathan tamb\u00e9m foi conduzido \u00e0 76\u00aa DP, onde a v\u00edtima reconheceu apenas o aparelho telef\u00f4nico celular que estava na sua posse. A faca utilizada por Gustavo Branquinho foi descartada, n\u00e3o sendo localizada.<\/p>\n\n\n\n<p>Na delegacia Gustavo foi autuado em flagrante pelo crime de roubo (art. 157, do C\u00f3digo Penal) e Dionathan pelo crime de recepta\u00e7\u00e3o (art. 180), permanecendo ambos presos. O aparelho celular da v\u00edtima foi recuperado e devolvido. <\/p>\n\n\n\n<p>A pol\u00edcia ressaltou que, ao verificar no sistema, foi constatado que ambos possuem uma extensa ficha criminal, somando 10 anota\u00e7\u00f5es por crimes como furto, roubo, recepta\u00e7\u00e3o e associa\u00e7\u00e3o para o tr\u00e1fico de drogas.<\/p>\n\n\n\n<p><strong><em><sup>S\u00e3o Gon\u00e7alo Vai Mudar. O Maior Portal da Cidade.<\/sup><\/em><\/strong><\/p>\n\n\n\n<figure class=\"wp-block-image size-full\"><img decoding=\"async\" width=\"251\" height=\"88\" src=\"https:\/\/sgvaimudar.com.br\/wp-content\/uploads\/2023\/08\/Logo.png\" alt=\"\" class=\"wp-image-2738\" \/><\/figure>\n","protected":false},"excerpt":{"rendered":"<p>Duas pessoas acusadas de furto de celular pela pol\u00edcia foram presas em flagrante na noite deste domingo (20), no Centro&hellip;<\/p>\n","protected":false},"author":5,"featured_media":13902,"comment_status":"open","ping_status":"open","sticky":false,"template":"","format":"standard","meta":{"fifu_image_url":"","fifu_image_alt":"","footnotes":""},"categories":[32],"tags":[],"class_list":["post-13900","post","type-post","status-publish","format-standard","has-post-thumbnail","hentry","category-casos-de-policia"],"_links":{"self":[{"href":"https:\/\/sgvaimudar.com.br\/index.php\/wp-json\/wp\/v2\/posts\/13900","targetHints":{"allow":["GET"]}}],"collection":[{"href":"https:\/\/sgvaimudar.com.br\/index.php\/wp-json\/wp\/v2\/posts"}],"about":[{"href":"https:\/\/sgvaimudar.com.br\/index.php\/wp-json\/wp\/v2\/types\/post"}],"author":[{"embeddable":true,"href":"https:\/\/sgvaimudar.com.br\/index.php\/wp-json\/wp\/v2\/users\/5"}],"replies":[{"embeddable":true,"href":"https:\/\/sgvaimudar.com.br\/index.php\/wp-json\/wp\/v2\/comments?post=13900"}],"version-history":[{"count":1,"href":"https:\/\/sgvaimudar.com.br\/index.php\/wp-json\/wp\/v2\/posts\/13900\/revisions"}],"predecessor-version":[{"id":13903,"href":"https:\/\/sgvaimudar.com.br\/index.php\/wp-json\/wp\/v2\/posts\/13900\/revisions\/13903"}],"wp:featuredmedia":[{"embeddable":true,"href":"https:\/\/sgvaimudar.com.br\/index.php\/wp-json\/wp\/v2\/media\/13902"}],"wp:attachment":[{"href":"https:\/\/sgvaimudar.com.br\/index.php\/wp-json\/wp\/v2\/media?parent=13900"}],"wp:term":[{"taxonomy":"category","embeddable":true,"href":"https:\/\/sgvaimudar.com.br\/index.php\/wp-json\/wp\/v2\/categories?post=13900"},{"taxonomy":"post_tag","embeddable":true,"href":"https:\/\/sgvaimudar.com.br\/index.php\/wp-json\/wp\/v2\/tags?post=13900"}],"curies":[{"name":"wp","href":"https:\/\/api.w.org\/{rel}","templated":true}]}}