{"id":13885,"date":"2024-10-20T19:00:00","date_gmt":"2024-10-20T22:00:00","guid":{"rendered":"https:\/\/sgvaimudar.com.br\/?p=13885"},"modified":"2024-10-20T10:04:01","modified_gmt":"2024-10-20T13:04:01","slug":"nikolas-ferreira-aciona-a-pgr-apos-palestra-erotica-na-ufma","status":"publish","type":"post","link":"https:\/\/sgvaimudar.com.br\/index.php\/2024\/10\/20\/nikolas-ferreira-aciona-a-pgr-apos-palestra-erotica-na-ufma\/","title":{"rendered":"Nikolas Ferreira aciona a PGR ap\u00f3s palestra er\u00f3tica na UFMA"},"content":{"rendered":"\n<p><em>O parlamentar divulgou em suas redes sociais que pediu informa\u00e7\u00f5es dos professores respons\u00e1veis pelo grupo de pesquisa que organizou o evento<\/em><\/p>\n\n\n\n<p>O presidente da Comiss\u00e3o de Educa\u00e7\u00e3o na C\u00e2mara,\u00a0deputado federal Nikolas Ferreira (PL-MG), acionou a Procuradoria-Geral da Rep\u00fablica (PGR), nesta sexta-feira (18), para investigar uma apresenta\u00e7\u00e3o na Universidade Federal do Maranh\u00e3o, onde uma cantora mostrou os gl\u00fateos. <\/p>\n\n\n\n<figure class=\"wp-block-video\"><video height=\"1280\" style=\"aspect-ratio: 720 \/ 1280;\" width=\"720\" controls src=\"https:\/\/sgvaimudar.com.br\/wp-content\/uploads\/2024\/10\/Snapinsta.app_video_F044C6593046C938448CC70C789FBC9D_video_dashinit.mp4\"><\/video><\/figure>\n\n\n\n<p>A solicita\u00e7\u00e3o decorre de uma performance considerada er\u00f3tica durante o I Encontro de G\u00eanero do Grupo de Pesquisa Epistemologia da Antropologia, Etnologia e Pol\u00edtica (Gaep) da UFMA.<\/p>\n\n\n\n<p>A historiadora e cantora Tertuliana Lustosa, que \u00e9 travesti, dan\u00e7ou em cima de uma mesa, levantando o vestido e cantando letras obscenas. Nikolas divulgou em suas redes sociais que pediu informa\u00e7\u00f5es dos professores respons\u00e1veis pelo grupo de pesquisa que organizou o evento.<\/p>\n\n\n\n<p> \u201cSe as investiga\u00e7\u00f5es mostrarem ci\u00eancia e leni\u00eancia em rela\u00e7\u00e3o ao fato, pedirei a exonera\u00e7\u00e3o de todos\u201d, afirmou o parlamentar, acrescentando que tamb\u00e9m protocolar\u00e1 uma indica\u00e7\u00e3o ao Procurador-Geral de Justi\u00e7a para sugerir a abertura de uma investiga\u00e7\u00e3o sobre poss\u00edveis crimes.<\/p>\n\n\n\n<p>Os organizadores do evento, que teve como tema \u201cG\u00eanero para al\u00e9m das fronteiras: tend\u00eancias contempor\u00e2neas na Am\u00e9rica Latina e no Sul Global\u201d, afirmaram que o objetivo era reunir representantes de diversas vertentes acad\u00eamicas para discutir g\u00eanero e suas interseccionalidades. <\/p>\n\n\n\n<p>Eles destacaram que o encontro buscava fortalecer trocas acad\u00eamicas e refletir a diversidade de experi\u00eancias de vida dos pesquisadores do grupo.<\/p>\n\n\n\n<p>O incidente gerou cr\u00edticas de v\u00e1rias personalidades. A cantora e pastora Ana Paula Valad\u00e3o descreveu a apresenta\u00e7\u00e3o como \u201cchocante\u201d. Filipe Duque Estrada, conhecido como pastor Lip\u00e3o, da igreja Onda Dura, tamb\u00e9m se manifestou, dizendo: \u201cO Brasil precisa de uma transforma\u00e7\u00e3o cultural. Enquanto o povo aplaudir isso, \u00e9 evidente que eleger\u00e3o corruptos e imorais.\u201d<\/p>\n\n\n\n<p>Um internauta comentou: \u201cEnquanto ela \u00e9 aplaudida, em Pernambuco o Minist\u00e9rio P\u00fablico recebe den\u00fancias porque alguns alunos estavam fazendo cultos crist\u00e3os nos intervalos. O certo \u00e9 o errado e o errado \u00e9 o certo nesse desgoverno&#8221;.<\/p>\n\n\n\n<h4 class=\"wp-block-heading\">Nota da UFMA<\/h4>\n\n\n\n<p>Em uma nota oficial publicada em seu site, a UFMA classificou a performance como \u201cinapropriada\u201d. A institui\u00e7\u00e3o afirmou que est\u00e1 averiguando o ocorrido, prometendo tomar as provid\u00eancias cab\u00edveis ap\u00f3s ouvir todas as partes envolvidas.<\/p>\n\n\n\n<p>A universidade reafirmou ainda o compromisso com um ambiente acad\u00eamico inclusivo, respeitoso e transparente. Al\u00e9m disso, destacou que busca contribuir para uma sociedade mais justa e plural, defendendo o ensino p\u00fablico, gratuito e de qualidade.<\/p>\n\n\n\n<p><strong><em><sup>S\u00e3o Gon\u00e7alo Vai Mudar. O Maior Portal da Cidade.<\/sup><\/em><\/strong><\/p>\n\n\n\n<figure class=\"wp-block-image size-full\"><img decoding=\"async\" width=\"251\" height=\"88\" src=\"https:\/\/sgvaimudar.com.br\/wp-content\/uploads\/2023\/08\/Logo.png\" alt=\"\" class=\"wp-image-2738\" \/><\/figure>\n\n\n\n<p><\/p>\n","protected":false},"excerpt":{"rendered":"<p>O parlamentar divulgou em suas redes sociais que pediu informa\u00e7\u00f5es dos professores respons\u00e1veis pelo grupo de pesquisa que organizou o&hellip;<\/p>\n","protected":false},"author":5,"featured_media":13886,"comment_status":"open","ping_status":"open","sticky":false,"template":"","format":"standard","meta":{"fifu_image_url":"","fifu_image_alt":"","footnotes":""},"categories":[4],"tags":[],"class_list":["post-13885","post","type-post","status-publish","format-standard","has-post-thumbnail","hentry","category-brasil"],"_links":{"self":[{"href":"https:\/\/sgvaimudar.com.br\/index.php\/wp-json\/wp\/v2\/posts\/13885","targetHints":{"allow":["GET"]}}],"collection":[{"href":"https:\/\/sgvaimudar.com.br\/index.php\/wp-json\/wp\/v2\/posts"}],"about":[{"href":"https:\/\/sgvaimudar.com.br\/index.php\/wp-json\/wp\/v2\/types\/post"}],"author":[{"embeddable":true,"href":"https:\/\/sgvaimudar.com.br\/index.php\/wp-json\/wp\/v2\/users\/5"}],"replies":[{"embeddable":true,"href":"https:\/\/sgvaimudar.com.br\/index.php\/wp-json\/wp\/v2\/comments?post=13885"}],"version-history":[{"count":2,"href":"https:\/\/sgvaimudar.com.br\/index.php\/wp-json\/wp\/v2\/posts\/13885\/revisions"}],"predecessor-version":[{"id":13890,"href":"https:\/\/sgvaimudar.com.br\/index.php\/wp-json\/wp\/v2\/posts\/13885\/revisions\/13890"}],"wp:featuredmedia":[{"embeddable":true,"href":"https:\/\/sgvaimudar.com.br\/index.php\/wp-json\/wp\/v2\/media\/13886"}],"wp:attachment":[{"href":"https:\/\/sgvaimudar.com.br\/index.php\/wp-json\/wp\/v2\/media?parent=13885"}],"wp:term":[{"taxonomy":"category","embeddable":true,"href":"https:\/\/sgvaimudar.com.br\/index.php\/wp-json\/wp\/v2\/categories?post=13885"},{"taxonomy":"post_tag","embeddable":true,"href":"https:\/\/sgvaimudar.com.br\/index.php\/wp-json\/wp\/v2\/tags?post=13885"}],"curies":[{"name":"wp","href":"https:\/\/api.w.org\/{rel}","templated":true}]}}