{"id":13781,"date":"2024-10-18T15:00:00","date_gmt":"2024-10-18T18:00:00","guid":{"rendered":"https:\/\/sgvaimudar.com.br\/?p=13781"},"modified":"2024-10-18T09:50:34","modified_gmt":"2024-10-18T12:50:34","slug":"travessia-de-pedestres-comeca-a-ser-feita-na-praia-das-pedrinhas","status":"publish","type":"post","link":"https:\/\/sgvaimudar.com.br\/index.php\/2024\/10\/18\/travessia-de-pedestres-comeca-a-ser-feita-na-praia-das-pedrinhas\/","title":{"rendered":"Travessia de pedestres come\u00e7a a ser feita na Praia das Pedrinhas"},"content":{"rendered":"\n<p><em>Obras de revitaliza\u00e7\u00e3o, que come\u00e7aram em julho, avan\u00e7am<\/em><\/p>\n\n\n\n<p>Nesta quinta-feira (17), foi feito um &#8216;traffic calming&#8217;, com uma travessia de pedestres na Praia das Pedrinhas, no Boa Vista, para tornar o tr\u00e1fego de pedestres no local mais seguro. A novidade faz parte das obras de infraestrutura que englobam a extens\u00e3o da rua da orla inteira. O projeto tem um investimento de quase R$ 5 milh\u00f5es e um prazo de conclus\u00e3o de 12 meses.<\/p>\n\n\n\n<figure class=\"wp-block-image size-full\"><img fetchpriority=\"high\" decoding=\"async\" width=\"1024\" height=\"683\" src=\"https:\/\/sgvaimudar.com.br\/wp-content\/uploads\/2024\/10\/unnamed-10-3.jpg\" alt=\"\" class=\"wp-image-13782\" srcset=\"https:\/\/sgvaimudar.com.br\/wp-content\/uploads\/2024\/10\/unnamed-10-3.jpg 1024w, https:\/\/sgvaimudar.com.br\/wp-content\/uploads\/2024\/10\/unnamed-10-3-300x200.jpg 300w, https:\/\/sgvaimudar.com.br\/wp-content\/uploads\/2024\/10\/unnamed-10-3-768x512.jpg 768w\" sizes=\"(max-width: 1024px) 100vw, 1024px\" \/><\/figure>\n\n\n\n<p>As cal\u00e7adas foram concretadas nos \u00faltimos dias. Al\u00e9m disso, o processo de drenagem est\u00e1 sendo finalizado no lado direito da rua. Com a obra, essa parte da via recebeu tamb\u00e9m, com o apoio da concession\u00e1ria \u00c1guas do Rio, esgotamento sanit\u00e1rio e abastecimento de \u00e1gua.<\/p>\n\n\n\n<p>As obras, que tiveram in\u00edcio no m\u00eas de julho, pela Prefeitura de S\u00e3o Gon\u00e7alo, visam atender \u00e0s necessidades tanto dos moradores, pescadores e comerciantes como dos turistas, proporcionando uma renova\u00e7\u00e3o do conv\u00edvio da popula\u00e7\u00e3o em rela\u00e7\u00e3o \u00e0 orla.<\/p>\n\n\n\n<p>O morador Elcias Klamath, de 55 anos, afirmou que as obras est\u00e3o melhorando o local. &#8220;Antes, tinha um problema de \u00e1gua, que agora foi resolvido com a obra, fora o asfalto, que ser\u00e1 colocado e as cal\u00e7adas que foram feitas. Estou aqui h\u00e1 um tempo e sempre prometeram mudan\u00e7as e nunca fizeram, j\u00e1 sofremos muito aqui e agora estamos vendo as mudan\u00e7as&#8221;, disse o morador.<\/p>\n\n\n\n<p>O aposentado Jos\u00e9 Lima, de 78 anos, mora no bairro h\u00e1 60 anos. Ele tamb\u00e9m acredita que a obra vai melhorar o local. &#8220;Estou acompanhando a obra. Est\u00e1 ficando uma maravilha, vai deixar aqui mais bonito&#8221;, disse Jos\u00e9 Lima.<\/p>\n\n\n\n<p>Segundo a Prefeitura, o pacote de obras inclui drenagem pluvial, esgotamento sanit\u00e1rio, abastecimento de \u00e1gua, repavimenta\u00e7\u00e3o, meio-fios, cal\u00e7adas acess\u00edveis, paisagismo e mobili\u00e1rio urbano, al\u00e9m da reorganiza\u00e7\u00e3o do cal\u00e7ad\u00e3o na frente da parte gastron\u00f4mica da orla (do lado direito). <\/p>\n\n\n\n<p>&#8220;A capta\u00e7\u00e3o de recursos para a realiza\u00e7\u00e3o da obra foi feito pela Secretaria de Gest\u00e3o Integrada e Projetos Especiais (Semgipe) da Prefeitura de S\u00e3o Gon\u00e7alo, junto ao Governo Federal, por meio dos Minist\u00e9rios das Cidades e do Minist\u00e9rio do Turismo&#8221;, disse o Executivo na nota.<\/p>\n\n\n\n<p>O projeto de obras recebeu men\u00e7\u00e3o honrosa do Pr\u00eamio ABAP Roberto Burle Marx, na Modalidade Projeto, Categoria Espa\u00e7o P\u00fablico e Preserva\u00e7\u00e3o Hist\u00f3rico-Cultural. <\/p>\n\n\n\n<p>De acordo com o poder p\u00fablico, a requalifica\u00e7\u00e3o do cal\u00e7ad\u00e3o ser\u00e1 focada na parte na frente dos restaurantes, que ter\u00e1 ainda um muro de conten\u00e7\u00e3o, com um tanque de areia elevado, com decks pergolados, e uma arquibancada com entroncamento de pedra para ter uma \u00e1rea de estar e contempla\u00e7\u00e3o para a ba\u00eda, onde as pessoas poder\u00e3o sentar e usufruir da paisagem.<\/p>\n\n\n\n<p><strong><sup>S\u00e3o Gon\u00e7alo Vai Mudar. O Maior Portal da Cidade.<\/sup><\/strong><\/p>\n\n\n\n<figure class=\"wp-block-image size-full\"><img decoding=\"async\" width=\"251\" height=\"88\" src=\"https:\/\/sgvaimudar.com.br\/wp-content\/uploads\/2023\/08\/Logo.png\" alt=\"\" class=\"wp-image-2738\" \/><\/figure>\n","protected":false},"excerpt":{"rendered":"<p>Obras de revitaliza\u00e7\u00e3o, que come\u00e7aram em julho, avan\u00e7am Nesta quinta-feira (17), foi feito um &#8216;traffic calming&#8217;, com uma travessia de&hellip;<\/p>\n","protected":false},"author":5,"featured_media":13783,"comment_status":"open","ping_status":"open","sticky":false,"template":"","format":"standard","meta":{"fifu_image_url":"","fifu_image_alt":"","footnotes":""},"categories":[3],"tags":[],"class_list":["post-13781","post","type-post","status-publish","format-standard","has-post-thumbnail","hentry","category-sao-goncalo"],"_links":{"self":[{"href":"https:\/\/sgvaimudar.com.br\/index.php\/wp-json\/wp\/v2\/posts\/13781","targetHints":{"allow":["GET"]}}],"collection":[{"href":"https:\/\/sgvaimudar.com.br\/index.php\/wp-json\/wp\/v2\/posts"}],"about":[{"href":"https:\/\/sgvaimudar.com.br\/index.php\/wp-json\/wp\/v2\/types\/post"}],"author":[{"embeddable":true,"href":"https:\/\/sgvaimudar.com.br\/index.php\/wp-json\/wp\/v2\/users\/5"}],"replies":[{"embeddable":true,"href":"https:\/\/sgvaimudar.com.br\/index.php\/wp-json\/wp\/v2\/comments?post=13781"}],"version-history":[{"count":1,"href":"https:\/\/sgvaimudar.com.br\/index.php\/wp-json\/wp\/v2\/posts\/13781\/revisions"}],"predecessor-version":[{"id":13784,"href":"https:\/\/sgvaimudar.com.br\/index.php\/wp-json\/wp\/v2\/posts\/13781\/revisions\/13784"}],"wp:featuredmedia":[{"embeddable":true,"href":"https:\/\/sgvaimudar.com.br\/index.php\/wp-json\/wp\/v2\/media\/13783"}],"wp:attachment":[{"href":"https:\/\/sgvaimudar.com.br\/index.php\/wp-json\/wp\/v2\/media?parent=13781"}],"wp:term":[{"taxonomy":"category","embeddable":true,"href":"https:\/\/sgvaimudar.com.br\/index.php\/wp-json\/wp\/v2\/categories?post=13781"},{"taxonomy":"post_tag","embeddable":true,"href":"https:\/\/sgvaimudar.com.br\/index.php\/wp-json\/wp\/v2\/tags?post=13781"}],"curies":[{"name":"wp","href":"https:\/\/api.w.org\/{rel}","templated":true}]}}