{"id":13778,"date":"2024-10-18T14:00:00","date_gmt":"2024-10-18T17:00:00","guid":{"rendered":"https:\/\/sgvaimudar.com.br\/?p=13778"},"modified":"2024-10-18T09:40:58","modified_gmt":"2024-10-18T12:40:58","slug":"plano-de-mobilidade-de-sao-goncalo-disputa-premio-nacional","status":"publish","type":"post","link":"https:\/\/sgvaimudar.com.br\/index.php\/2024\/10\/18\/plano-de-mobilidade-de-sao-goncalo-disputa-premio-nacional\/","title":{"rendered":"Plano de Mobilidade de S\u00e3o Gon\u00e7alo disputa pr\u00eamio nacional"},"content":{"rendered":"\n<p><em>Munic\u00edpio foi habilitado pelo Pr\u00eamio Bicicleta Brasil; Muvi e ciclorrota tamb\u00e9m concorrem<\/em><\/p>\n\n\n\n<p>As iniciativas da Prefeitura de S\u00e3o Gon\u00e7alo voltam a ter reconhecimento nacional. Desta vez, o munic\u00edpio recebeu habilita\u00e7\u00e3o para disputar o Pr\u00eamio Bicicleta Brasil, parte integrante do Programa Bicicleta Brasil, sob gest\u00e3o da Secretaria Nacional de Mobilidade Urbana, do Minist\u00e9rio das Cidades. O Plano Municipal de Mobilidade de S\u00e3o Gon\u00e7alo foi selecionado na categoria Projetos, Planos, Programas e Urbaniza\u00e7\u00e3o\u201d.<\/p>\n\n\n\n<p>O Programa Bicicleta Brasil foi criado em 2018 para incentivar o uso da bicicleta como meio de transporte, a ser implementado em todas as cidades com mais de 20 mil habitantes, visando a contribuir para a melhoria das condi\u00e7\u00f5es de mobilidade urbana em territ\u00f3rio nacional.<\/p>\n\n\n\n<p>A partir da\u00ed, foi criado o Pr\u00eamio Bicicleta Brasil, para valoriza\u00e7\u00e3o, fomento e premia\u00e7\u00e3o de boas pr\u00e1ticas que incentivem o uso da bicicleta. S\u00e3o premiadas iniciativas t\u00e9cnicas, cient\u00edficas ou art\u00edsticas que incentivem o uso da bicicleta, visando a melhoria das condi\u00e7\u00f5es de mobilidade nas cidades.<\/p>\n\n\n\n<p>As inscri\u00e7\u00f5es ocorreram no \u00faltimo m\u00eas de agosto, quando a Prefeitura de S\u00e3o Gon\u00e7alo, atrav\u00e9s da Secretaria de Gest\u00e3o Integrada e Projetos Especiais (SEMGIPE), cadastrou o Plano Municipal de Mobilidade de S\u00e3o Gon\u00e7alo, institu\u00eddo em abril deste ano pela Lei n\u00ba 1529\/2024, que institui o Plano de Mobilidade Humana Sustent\u00e1vel do Munic\u00edpio &#8211; Planmob.<\/p>\n\n\n\n<p>A secret\u00e1ria de Gest\u00e3o Integrada e Projetos Especiais, Rafaela de Santana Ribeiro, destacou a presen\u00e7a do munic\u00edpio em mais um pr\u00eamio que destaca projetos executados pela equipe t\u00e9cnica da Prefeitura.<\/p>\n\n\n\n<p>&#8220;O prefeito Capit\u00e3o Nelson apostou, no in\u00edcio de sua gest\u00e3o, na cria\u00e7\u00e3o de uma secretaria que elaborasse projetos em condi\u00e7\u00f5es de obter recursos nas esferas estadual e federal para coloc\u00e1-los em pr\u00e1tica. Nos \u00faltimos quatro anos, a cidade j\u00e1 se destacou em v\u00e1rias iniciativas e obteve o reconhecimento nacional e internacional de suas a\u00e7\u00f5es. Isso \u00e9 extremamente importante para uma cidade com or\u00e7amento pequeno. H\u00e1 v\u00e1rias obras em andamento, fruto de projetos criados na Semgipe, e isso \u00e9 um est\u00edmulo para continuarmos trabalhando com seriedade e melhorarmos cada vez mais a cidade, em especial na \u00e1rea de mobilidade&#8221;, afirmou Rafaela.<\/p>\n\n\n\n<p>Outros importantes projetos de mobilidade urbana sustent\u00e1vel para a cidade de S\u00e3o Gon\u00e7alo, como o Muvi e a Ciclorrota da Avenida Jornalista Roberto Marinho, tamb\u00e9m foram habilitados, por iniciativas cadastradas pela Secretaria de Estado das Cidades, \u00f3rg\u00e3o executor das obras no munic\u00edpio.<\/p>\n\n\n\n<p>&#8220;As 76 iniciativas habilitadas fazem jus ao Selo do Programa Bicicleta Brasil e agora ter\u00e3o seus conte\u00fados avaliados pela Comiss\u00e3o Especial, sob o crit\u00e9rio de melhor t\u00e9cnica e segundo os itens e pontua\u00e7\u00f5es previstas no\u00a0Edital. Na categoria reservada a empresas, academia e governos, o primeiro lugar receber\u00e1 men\u00e7\u00e3o honrosa&#8221;, disse a Prefeitura no texto.<\/p>\n\n\n\n<p><em>Foto: Julio Diniz<\/em><\/p>\n\n\n\n<p><strong><em><sup>S\u00e3o Gon\u00e7alo Vai Mudar. O Maior Portal da Cidade.<\/sup><\/em><\/strong><\/p>\n\n\n\n<figure class=\"wp-block-image size-full\"><img decoding=\"async\" width=\"251\" height=\"88\" src=\"https:\/\/sgvaimudar.com.br\/wp-content\/uploads\/2023\/08\/Logo.png\" alt=\"\" class=\"wp-image-2738\" \/><\/figure>\n","protected":false},"excerpt":{"rendered":"<p>Munic\u00edpio foi habilitado pelo Pr\u00eamio Bicicleta Brasil; Muvi e ciclorrota tamb\u00e9m concorrem As iniciativas da Prefeitura de S\u00e3o Gon\u00e7alo voltam&hellip;<\/p>\n","protected":false},"author":5,"featured_media":13779,"comment_status":"open","ping_status":"open","sticky":false,"template":"","format":"standard","meta":{"fifu_image_url":"","fifu_image_alt":"","footnotes":""},"categories":[3],"tags":[],"class_list":["post-13778","post","type-post","status-publish","format-standard","has-post-thumbnail","hentry","category-sao-goncalo"],"_links":{"self":[{"href":"https:\/\/sgvaimudar.com.br\/index.php\/wp-json\/wp\/v2\/posts\/13778","targetHints":{"allow":["GET"]}}],"collection":[{"href":"https:\/\/sgvaimudar.com.br\/index.php\/wp-json\/wp\/v2\/posts"}],"about":[{"href":"https:\/\/sgvaimudar.com.br\/index.php\/wp-json\/wp\/v2\/types\/post"}],"author":[{"embeddable":true,"href":"https:\/\/sgvaimudar.com.br\/index.php\/wp-json\/wp\/v2\/users\/5"}],"replies":[{"embeddable":true,"href":"https:\/\/sgvaimudar.com.br\/index.php\/wp-json\/wp\/v2\/comments?post=13778"}],"version-history":[{"count":1,"href":"https:\/\/sgvaimudar.com.br\/index.php\/wp-json\/wp\/v2\/posts\/13778\/revisions"}],"predecessor-version":[{"id":13780,"href":"https:\/\/sgvaimudar.com.br\/index.php\/wp-json\/wp\/v2\/posts\/13778\/revisions\/13780"}],"wp:featuredmedia":[{"embeddable":true,"href":"https:\/\/sgvaimudar.com.br\/index.php\/wp-json\/wp\/v2\/media\/13779"}],"wp:attachment":[{"href":"https:\/\/sgvaimudar.com.br\/index.php\/wp-json\/wp\/v2\/media?parent=13778"}],"wp:term":[{"taxonomy":"category","embeddable":true,"href":"https:\/\/sgvaimudar.com.br\/index.php\/wp-json\/wp\/v2\/categories?post=13778"},{"taxonomy":"post_tag","embeddable":true,"href":"https:\/\/sgvaimudar.com.br\/index.php\/wp-json\/wp\/v2\/tags?post=13778"}],"curies":[{"name":"wp","href":"https:\/\/api.w.org\/{rel}","templated":true}]}}