{"id":13762,"date":"2024-10-18T10:00:00","date_gmt":"2024-10-18T13:00:00","guid":{"rendered":"https:\/\/sgvaimudar.com.br\/?p=13762"},"modified":"2024-10-18T08:54:21","modified_gmt":"2024-10-18T11:54:21","slug":"projeto-mpt-nas-escolas-premia-alunos-da-rede-municipal-de-ensino-de-itaborai","status":"publish","type":"post","link":"https:\/\/sgvaimudar.com.br\/index.php\/2024\/10\/18\/projeto-mpt-nas-escolas-premia-alunos-da-rede-municipal-de-ensino-de-itaborai\/","title":{"rendered":"Projeto &#8216;MPT nas Escolas&#8217; premia alunos da rede municipal de ensino de Itabora\u00ed"},"content":{"rendered":"\n<p>Alunos da rede municipal de ensino foram premiados em tr\u00eas categorias do Pr\u00eamio Estadual \u2018MPT na Escola\u2019, promovido pelo Minist\u00e9rio P\u00fablico do Trabalho do Estado do Rio de Janeiro. A cerim\u00f4nia de premia\u00e7\u00e3o aconteceu nesta quinta-feira (17\/10), no campus Itabora\u00ed do Instituto Federal Fluminense (IFF), em Nova Cidade.<\/p>\n\n\n\n<figure class=\"wp-block-image size-large\"><img fetchpriority=\"high\" decoding=\"async\" width=\"1024\" height=\"682\" src=\"https:\/\/sgvaimudar.com.br\/wp-content\/uploads\/2024\/10\/Projeto-MPT-nas-Escolas-premia-alunos-da-rede-municipal-de-ensino-de-Itaborai-5-1024x682.jpeg\" alt=\"\" class=\"wp-image-13763\" srcset=\"https:\/\/sgvaimudar.com.br\/wp-content\/uploads\/2024\/10\/Projeto-MPT-nas-Escolas-premia-alunos-da-rede-municipal-de-ensino-de-Itaborai-5-1024x682.jpeg 1024w, https:\/\/sgvaimudar.com.br\/wp-content\/uploads\/2024\/10\/Projeto-MPT-nas-Escolas-premia-alunos-da-rede-municipal-de-ensino-de-Itaborai-5-300x200.jpeg 300w, https:\/\/sgvaimudar.com.br\/wp-content\/uploads\/2024\/10\/Projeto-MPT-nas-Escolas-premia-alunos-da-rede-municipal-de-ensino-de-Itaborai-5-768x512.jpeg 768w, https:\/\/sgvaimudar.com.br\/wp-content\/uploads\/2024\/10\/Projeto-MPT-nas-Escolas-premia-alunos-da-rede-municipal-de-ensino-de-Itaborai-5-1536x1023.jpeg 1536w, https:\/\/sgvaimudar.com.br\/wp-content\/uploads\/2024\/10\/Projeto-MPT-nas-Escolas-premia-alunos-da-rede-municipal-de-ensino-de-Itaborai-5.jpeg 1600w\" sizes=\"(max-width: 1024px) 100vw, 1024px\" \/><\/figure>\n\n\n\n<p>Adotado pela Secretaria Municipal de Educa\u00e7\u00e3o de Itabora\u00ed, em 2022, neste ano de 2024, o projeto teve in\u00edcio no m\u00eas de fevereiro no munic\u00edpio. O Pr\u00eamio Estadual \u2018MPT na Escola\u2019 &#8211; Eixo Educa\u00e7\u00e3o do Resgate \u00e0 Inf\u00e2ncia: \u201cA escola no Combate ao trabalho Infantil\u201d, contou com a participa\u00e7\u00e3o de alunos do 4\u00b0 e 5\u00b0 ano do Ensino Fundamental das escolas municipais Prefeito S\u00edmaco Ramos de Almeida, em Porto das Caixas; Pimentel de Carvalho, em Cabu\u00e7u e da Escola Municipalizada Ac\u00e1cio Campos dos Santos, no Areal.<\/p>\n\n\n\n<p>O projeto atua com o objetivo de envolver a comunidade escolar na campanha de conscientiza\u00e7\u00e3o e preven\u00e7\u00e3o ao trabalho infantil, com atividades desenvolvidas junto \u00e0s escolas selecionadas. <\/p>\n\n\n\n<p>Em Itabora\u00ed, tr\u00eas trabalhos foram selecionados para participarem do Pr\u00eamio Estadual \u2018MPT na Escola\u2019, nas categorias Conto, Poesia, Desenho e M\u00fasica, ap\u00f3s se destacarem na premia\u00e7\u00e3o municipal realizada em julho deste ano.<\/p>\n\n\n\n<p>Entre os premiados, Enzo Borges de Fran\u00e7a, ficou na 3\u00aa coloca\u00e7\u00e3o na categoria desenho; o 2\u00b0 lugar na categoria conto, ficou com Yasmin Vict\u00f3ria Teixeira Ribeiro. J\u00e1 na 1\u00aa coloca\u00e7\u00e3o em m\u00fasica, foram premiados os alunos Andryl Miguel Izidoro Oliveira, Ludmila Codolino Bueno, Marina Pereira Batista, Rafaela Soares Alves e Weverton da Concei\u00e7\u00e3o da Silva. Os alunos premiados foram contemplados com um smartphone e certificados, e seus professores orientadores, com tablets.<\/p>\n\n\n\n<p>&#8220;Vale destacar que os alunos que ficaram com a 1\u00aa coloca\u00e7\u00e3o em M\u00fasica, al\u00e9m de ganharem o Pr\u00eamio Estadual, est\u00e3o representando o Estado do Rio de Janeiro, competindo na mesma categoria, no Pr\u00eamio Nacional MPT na Escola 2024&#8221;, disse a Prefeitura na nota.<\/p>\n\n\n\n<p>A subsecret\u00e1ria de Gest\u00e3o e Ensino da Secretaria Municipal de Educa\u00e7\u00e3o, Gl\u00e1ucia Vieira, ressaltou que o projeto contribui para o crescimento dos alunos e tem o poder de transformar vidas.<\/p>\n\n\n\n<p>\u201cTudo pode nascer no Minist\u00e9rio P\u00fablico do Trabalho, mas se a escola n\u00e3o acreditar, n\u00e3o abra\u00e7ar, n\u00e3o afagar, n\u00e3o trabalhar, nada acontece. E n\u00f3s sabemos que s\u00f3 atrav\u00e9s da escola n\u00f3s transformamos vidas&#8221;, expressou Glaucia Vieira.<\/p>\n\n\n\n<p>\u00c9 importante informar que 61 escolas da rede municipal participaram do projeto, totalizando 244 turmas e mais de 5 mil alunos, que trabalharam diretamente o tema de combate ao trabalho infantil.<br><br>A coordenadora municipal do projeto &#8216;MPT na Escola&#8217;, professora Ellen Barreto, destacou a import\u00e2ncia dos alunos e docentes participarem do projeto, que d\u00e1 visibilidade a educa\u00e7\u00e3o oferecida pelo munic\u00edpio de Itabora\u00ed.<\/p>\n\n\n\n<p>\u201cEstamos representando Itabora\u00ed e o estado do Rio de Janeiro no Pr\u00eamio Nacional, l\u00e1 em Bras\u00edlia, nossos trabalhos est\u00e3o sendo vistos. Mais que pr\u00eamios a serem entregues hoje, temos sonhos sendo realizados, alunos potencializados e profissionais da educa\u00e7\u00e3o valorizados com o pr\u00eamio do Minist\u00e9rio P\u00fablico do Trabalho. Sabemos que se estamos trabalhando este tema, \u201cDiga N\u00e3o ao Trabalho Infantil\u201d, \u00e9 porque ainda vivemos em uma sociedade de muitas desigualdades sociais, mas atrav\u00e9s da educa\u00e7\u00e3o, podemos lutar por uma sociedade mais justa e igualit\u00e1ria&#8221;, finalizou a coordenadora.<\/p>\n\n\n\n<p>O evento contou ainda com uma apresenta\u00e7\u00e3o de saxofone, feita pelo aluno Luiz Gustavo Rodrigues Teixeira, da E.M Auto Rodrigues de Freitas \u00a0e foi finalizado com os alunos cantando a m\u00fasica \u2018Sementes\u2019, de Drik Barbosa e Emicida, conduzidos pela professora Roberta Pereira.<\/p>\n\n\n\n<p><strong><em>S\u00e3o Gon\u00e7alo Vai Mudar. O Maior Portal da Cidade.<\/em><\/strong><\/p>\n\n\n\n<figure class=\"wp-block-image size-full\"><img decoding=\"async\" width=\"251\" height=\"88\" src=\"https:\/\/sgvaimudar.com.br\/wp-content\/uploads\/2023\/08\/Logo.png\" alt=\"\" class=\"wp-image-2738\" \/><\/figure>\n\n\n\n<p> <\/p>\n","protected":false},"excerpt":{"rendered":"<p>Alunos da rede municipal de ensino foram premiados em tr\u00eas categorias do Pr\u00eamio Estadual \u2018MPT na Escola\u2019, promovido pelo Minist\u00e9rio&hellip;<\/p>\n","protected":false},"author":5,"featured_media":13764,"comment_status":"open","ping_status":"open","sticky":false,"template":"","format":"standard","meta":{"fifu_image_url":"","fifu_image_alt":"","footnotes":""},"categories":[4],"tags":[],"class_list":["post-13762","post","type-post","status-publish","format-standard","has-post-thumbnail","hentry","category-brasil"],"_links":{"self":[{"href":"https:\/\/sgvaimudar.com.br\/index.php\/wp-json\/wp\/v2\/posts\/13762","targetHints":{"allow":["GET"]}}],"collection":[{"href":"https:\/\/sgvaimudar.com.br\/index.php\/wp-json\/wp\/v2\/posts"}],"about":[{"href":"https:\/\/sgvaimudar.com.br\/index.php\/wp-json\/wp\/v2\/types\/post"}],"author":[{"embeddable":true,"href":"https:\/\/sgvaimudar.com.br\/index.php\/wp-json\/wp\/v2\/users\/5"}],"replies":[{"embeddable":true,"href":"https:\/\/sgvaimudar.com.br\/index.php\/wp-json\/wp\/v2\/comments?post=13762"}],"version-history":[{"count":1,"href":"https:\/\/sgvaimudar.com.br\/index.php\/wp-json\/wp\/v2\/posts\/13762\/revisions"}],"predecessor-version":[{"id":13765,"href":"https:\/\/sgvaimudar.com.br\/index.php\/wp-json\/wp\/v2\/posts\/13762\/revisions\/13765"}],"wp:featuredmedia":[{"embeddable":true,"href":"https:\/\/sgvaimudar.com.br\/index.php\/wp-json\/wp\/v2\/media\/13764"}],"wp:attachment":[{"href":"https:\/\/sgvaimudar.com.br\/index.php\/wp-json\/wp\/v2\/media?parent=13762"}],"wp:term":[{"taxonomy":"category","embeddable":true,"href":"https:\/\/sgvaimudar.com.br\/index.php\/wp-json\/wp\/v2\/categories?post=13762"},{"taxonomy":"post_tag","embeddable":true,"href":"https:\/\/sgvaimudar.com.br\/index.php\/wp-json\/wp\/v2\/tags?post=13762"}],"curies":[{"name":"wp","href":"https:\/\/api.w.org\/{rel}","templated":true}]}}