{"id":13758,"date":"2024-10-18T08:39:15","date_gmt":"2024-10-18T11:39:15","guid":{"rendered":"https:\/\/sgvaimudar.com.br\/?p=13758"},"modified":"2024-10-18T08:39:16","modified_gmt":"2024-10-18T11:39:16","slug":"centro-especializado-em-reabilitacao-promove-festa-para-as-criancas","status":"publish","type":"post","link":"https:\/\/sgvaimudar.com.br\/index.php\/2024\/10\/18\/centro-especializado-em-reabilitacao-promove-festa-para-as-criancas\/","title":{"rendered":"Centro Especializado em Reabilita\u00e7\u00e3o promove festa para as crian\u00e7as"},"content":{"rendered":"\n<p><em>Usu\u00e1rios do CER III tiveram uma quinta-feira de brincadeiras e com a presen\u00e7a do prefeito Capit\u00e3o Nelson, que visitou o local<\/em><\/p>\n\n\n\n<p>As crian\u00e7as usu\u00e1rias do Centro Especializado em Reabilita\u00e7\u00e3o (CER III), em Neves, tiveram um dia muito especial nesta quinta-feira (17). A unidade realizou uma festa para comemorar o Dia das Crian\u00e7as, que contou com brincadeiras, oficina de cupcake, brinquedos, anima\u00e7\u00e3o e guloseimas. A comemora\u00e7\u00e3o aconteceu em dois per\u00edodos: manh\u00e3 e tarde. O prefeito Capit\u00e3o Nelson e a secret\u00e1ria municipal de Sa\u00fade, Dra. Bianca Serour, participaram no per\u00edodo matinal.\u00a0<\/p>\n\n\n\n<figure class=\"wp-block-image size-full\"><img fetchpriority=\"high\" decoding=\"async\" width=\"1024\" height=\"699\" src=\"https:\/\/sgvaimudar.com.br\/wp-content\/uploads\/2024\/10\/unnamed-6-4.jpg\" alt=\"\" class=\"wp-image-13759\" srcset=\"https:\/\/sgvaimudar.com.br\/wp-content\/uploads\/2024\/10\/unnamed-6-4.jpg 1024w, https:\/\/sgvaimudar.com.br\/wp-content\/uploads\/2024\/10\/unnamed-6-4-300x205.jpg 300w, https:\/\/sgvaimudar.com.br\/wp-content\/uploads\/2024\/10\/unnamed-6-4-768x524.jpg 768w\" sizes=\"(max-width: 1024px) 100vw, 1024px\" \/><\/figure>\n\n\n\n<p>\u201cTodos os anos, n\u00f3s realizamos essa festa para as crian\u00e7as da unidade. Al\u00e9m da socializa\u00e7\u00e3o e integra\u00e7\u00e3o, a inten\u00e7\u00e3o \u00e9 levar um pouco de divers\u00e3o e muita alegria para elas. Hoje tem pinturinha, pula-pula e brincadeiras que elas adoram\u201d, disse a diretora da unidade, Micheli Samary.&nbsp;<\/p>\n\n\n\n<p>Susana Braga, de 50 anos, m\u00e3e de Samuel Braga, 8, que faz fisioterapia, fonoaudiologia e psicopedagogia h\u00e1 quatro anos na unidade \u2013 elogiou a iniciativa e o momento de divers\u00e3o entre as crian\u00e7as.&nbsp;<\/p>\n\n\n\n<p>\u201cSamuel \u00e9 autista e tem s\u00edndrome de down. J\u00e1 evoluiu bastante. Era uma crian\u00e7a quando chegou e \u00e9 outra hoje. E esses encontros entre eles, a interatividade, as brincadeiras s\u00e3o importantes para distrair tanto eles quanto n\u00f3s, as m\u00e3es, que vivemos nessa vida corrida. \u00c9 um \u2018refresco\u2019 entre as terapias\u201d, opinou.&nbsp;&nbsp;<\/p>\n\n\n\n<p>Para a Dra. Bianca Serour, a atividade \u00e9 mais uma forma de terapia e que \u00e9 de extrema relev\u00e2ncia para as crian\u00e7as. \u201cToda forma de divers\u00e3o e entretenimento deve fazer parte da vida das crian\u00e7as. E com as at\u00edpicas n\u00e3o \u00e9 diferente. Quanto mais elas se envolverem umas com as outras e participarem de atividades coletivas, mais v\u00e3o se desenvolver saudavelmente. Todos est\u00e3o de parab\u00e9ns em proporcionar este momento para os usu\u00e1rios\u201d, contou Bianca.<\/p>\n\n\n\n<p><em>Fotos: Luiz Carvalho<\/em><\/p>\n\n\n\n<p><strong><em><sup>S\u00e3o Gon\u00e7alo Vai Mudar. O Maior Portal da Cidade.<\/sup><\/em><\/strong><\/p>\n\n\n\n<figure class=\"wp-block-image size-full\"><img decoding=\"async\" width=\"251\" height=\"88\" src=\"https:\/\/sgvaimudar.com.br\/wp-content\/uploads\/2023\/08\/Logo.png\" alt=\"\" class=\"wp-image-2738\" \/><\/figure>\n","protected":false},"excerpt":{"rendered":"<p>Usu\u00e1rios do CER III tiveram uma quinta-feira de brincadeiras e com a presen\u00e7a do prefeito Capit\u00e3o Nelson, que visitou o&hellip;<\/p>\n","protected":false},"author":5,"featured_media":13760,"comment_status":"open","ping_status":"open","sticky":false,"template":"","format":"standard","meta":{"fifu_image_url":"","fifu_image_alt":"","footnotes":""},"categories":[3,7],"tags":[],"class_list":["post-13758","post","type-post","status-publish","format-standard","has-post-thumbnail","hentry","category-sao-goncalo","category-saude"],"_links":{"self":[{"href":"https:\/\/sgvaimudar.com.br\/index.php\/wp-json\/wp\/v2\/posts\/13758","targetHints":{"allow":["GET"]}}],"collection":[{"href":"https:\/\/sgvaimudar.com.br\/index.php\/wp-json\/wp\/v2\/posts"}],"about":[{"href":"https:\/\/sgvaimudar.com.br\/index.php\/wp-json\/wp\/v2\/types\/post"}],"author":[{"embeddable":true,"href":"https:\/\/sgvaimudar.com.br\/index.php\/wp-json\/wp\/v2\/users\/5"}],"replies":[{"embeddable":true,"href":"https:\/\/sgvaimudar.com.br\/index.php\/wp-json\/wp\/v2\/comments?post=13758"}],"version-history":[{"count":1,"href":"https:\/\/sgvaimudar.com.br\/index.php\/wp-json\/wp\/v2\/posts\/13758\/revisions"}],"predecessor-version":[{"id":13761,"href":"https:\/\/sgvaimudar.com.br\/index.php\/wp-json\/wp\/v2\/posts\/13758\/revisions\/13761"}],"wp:featuredmedia":[{"embeddable":true,"href":"https:\/\/sgvaimudar.com.br\/index.php\/wp-json\/wp\/v2\/media\/13760"}],"wp:attachment":[{"href":"https:\/\/sgvaimudar.com.br\/index.php\/wp-json\/wp\/v2\/media?parent=13758"}],"wp:term":[{"taxonomy":"category","embeddable":true,"href":"https:\/\/sgvaimudar.com.br\/index.php\/wp-json\/wp\/v2\/categories?post=13758"},{"taxonomy":"post_tag","embeddable":true,"href":"https:\/\/sgvaimudar.com.br\/index.php\/wp-json\/wp\/v2\/tags?post=13758"}],"curies":[{"name":"wp","href":"https:\/\/api.w.org\/{rel}","templated":true}]}}