{"id":13733,"date":"2024-10-17T19:00:00","date_gmt":"2024-10-17T22:00:00","guid":{"rendered":"https:\/\/sgvaimudar.com.br\/?p=13733"},"modified":"2024-10-17T12:10:13","modified_gmt":"2024-10-17T15:10:13","slug":"sao-goncalo-convoca-populacao-para-atualizar-caderneta-de-vacinacao","status":"publish","type":"post","link":"https:\/\/sgvaimudar.com.br\/index.php\/2024\/10\/17\/sao-goncalo-convoca-populacao-para-atualizar-caderneta-de-vacinacao\/","title":{"rendered":"S\u00e3o Gon\u00e7alo convoca popula\u00e7\u00e3o para atualizar caderneta de vacina\u00e7\u00e3o"},"content":{"rendered":"\n<p><em>Munic\u00edpio oferece imunizantes do calend\u00e1rio nacional<\/em><\/p>\n\n\n\n<p>A Coordena\u00e7\u00e3o de Imuniza\u00e7\u00e3o da Secretaria de Sa\u00fade da Prefeitura de S\u00e3o Gon\u00e7alo est\u00e1 convocando a popula\u00e7\u00e3o \u2013 crian\u00e7as e adultos \u2013 para colocar a Caderneta de Vacina\u00e7\u00e3o em dia. A maioria das unidades de sa\u00fade tem sala de vacina\u00e7\u00e3o que abre de segunda a sexta, das 8h \u00e0s 17h. O gon\u00e7alense deve chegar at\u00e9 as 16h30.\u00a0<\/p>\n\n\n\n<p>A iniciativa foi tomada depois que a sa\u00fade gon\u00e7alense percebeu que as pessoas pararam de se cuidar depois que v\u00e1rias doen\u00e7as deixaram de ser um problema de sa\u00fade p\u00fablica por conta da vacina\u00e7\u00e3o no Brasil. No entanto, afirmou o pasta, a  imuniza\u00e7\u00e3o \u00e9 t\u00e3o importante que foi criado o Dia Nacional da Vacina\u00e7\u00e3o, comemorado neste 17 de outubro. <\/p>\n\n\n\n<p>&#8220;As vacinas s\u00e3o respons\u00e1veis pelo fim e controle de muitas doen\u00e7as. O exemplo mais recente foi com a pandemia de covid-19. No entanto, h\u00e1 alguns anos, os \u00edndices vacinais est\u00e3o caindo e a maioria n\u00e3o chega a 50%, quando o preconizado pelo Minist\u00e9rio da Sa\u00fade \u00e9 de vacinar 95% da popula\u00e7\u00e3o&#8221;, disse a Secretaria de Sa\u00fade na nota.\u00a0<\/p>\n\n\n\n<p>De acordo com o poder p\u00fablico, nas unidades, as cadernetas e a condi\u00e7\u00e3o cl\u00ednica do paciente s\u00e3o avaliadas para a aplica\u00e7\u00e3o das vacinas. &#8220;Quem perdeu a Caderneta de Vacina\u00e7\u00e3o ter\u00e1 a indica\u00e7\u00e3o das vacinas que podem ser aplicadas conforme a idade e um novo comprovante ser\u00e1 emitido&#8221;, afirmou o Executivo no texto.<\/p>\n\n\n\n<p>Atualmente, 20 vacinas de rotina fazem parte do Calend\u00e1rio Nacional de Vacina\u00e7\u00e3o para os beb\u00eas, crian\u00e7as e adolescentes. Para os adultos s\u00e3o cinco vacinas (confira as vacinas e idades abaixo). Elas s\u00f3 n\u00e3o podem ser aplicadas em casos de febre. Todas as vacinas s\u00e3o seguras e recomendadas pelo Minist\u00e9rio da Sa\u00fade.\u00a0<\/p>\n\n\n\n<p>\u201cTemos v\u00e1rias doen\u00e7as sob controle no Brasil como a poliomielite, sarampo, rub\u00e9ola, t\u00e9tano e coqueluche. As vacinas s\u00e3o muito importantes tanto para a sa\u00fade de quem recebe como para a sa\u00fade coletiva. Elas reduzem as interna\u00e7\u00f5es e uso de medica\u00e7\u00f5es. As rea\u00e7\u00f5es, como febre e dor local, podem ocorrer. Mas os benef\u00edcios s\u00e3o bem maiores\u201d, explicou a secret\u00e1ria municipal de Sa\u00fade e Defesa Civil de S\u00e3o Gon\u00e7alo, Dra. Bianca Serour.<\/p>\n\n\n\n<p><strong>Diferen\u00e7a entre vacina\u00e7\u00e3o e imuniza\u00e7\u00e3o<\/strong><\/p>\n\n\n\n<p>Para ser imunizado, \u00e9 importante completar todas as doses recomendadas do esquema vacinal. Logo, quando a vacina \u00e9 de dose \u00fanica, a primeira dose j\u00e1 imuniza. Quando a vacina necessita da aplica\u00e7\u00e3o de mais doses, a imuniza\u00e7\u00e3o s\u00f3 acontece quando todas s\u00e3o aplicadas no indiv\u00edduo no per\u00edodo previsto. A imuniza\u00e7\u00e3o \u00e9 o desenvolvimento da prote\u00e7\u00e3o para a doen\u00e7a para a qual a pessoa foi vacinada. Significa que a pessoa produziu anticorpos contra a doen\u00e7a.<\/p>\n\n\n\n<p><strong>Vacinas dispon\u00edveis para crian\u00e7as at\u00e9 5 anos<\/strong><\/p>\n\n\n\n<p>BCG (formas graves de tuberculose) &#8211; ao nascer<\/p>\n\n\n\n<p>Hepatite B &#8211; ao nascer<\/p>\n\n\n\n<p>Rotav\u00edrus humano oral (diarreia por Rotavirus) &#8211; 2 e 4 meses<\/p>\n\n\n\n<p>Pentavalente (difteria, t\u00e9tano, coqueluche, hepatite B e Haemophilus influenzae b) &#8211; 2, 4 e 6 meses<\/p>\n\n\n\n<p>VIP (poliomielite injet\u00e1vel) &#8211; 2, 4 e 6 meses<\/p>\n\n\n\n<p>Pneumoc\u00f3cica 10-valente (pneumonia, meningite e otite) &#8211; 2 e 4 meses e um refor\u00e7o aos 12 meses<\/p>\n\n\n\n<p>Meningoc\u00f3cica C (meningite meningoc\u00f3cica sorogrupos C) &#8211; 3 e 5 meses e um refor\u00e7o aos 12 meses<\/p>\n\n\n\n<p>Covid-19 &#8211; 6, 7 e 9 meses<\/p>\n\n\n\n<p>Influenza &#8211; uma dose anual a partir dos seis meses e at\u00e9 5 anos, 11 meses e 29 dias<\/p>\n\n\n\n<p>Febre Amarela &#8211; 9 meses e 4 anos<\/p>\n\n\n\n<p>Tr\u00edplice Viral (sarampo, caxumba e rub\u00e9ola) &#8211; 12 meses<\/p>\n\n\n\n<p>VOPb (poliomielite oral &#8211; gotinha) &#8211; 15 meses e 4 anos<\/p>\n\n\n\n<p>Tetra viral (tr\u00edplice viral e varicela &#8211; sarampo, caxumba, rub\u00e9ola e catapora) &#8211; 15 meses<\/p>\n\n\n\n<p>Hepatite A &#8211; 15 meses<\/p>\n\n\n\n<p>DTP (difteria, t\u00e9tano e coqueluche) &#8211; 15 meses e 4 anos<\/p>\n\n\n\n<p>Varicela (catapora) &#8211; 4 anos<\/p>\n\n\n\n<p><strong>Vacinas dispon\u00edveis para crian\u00e7as com mais de 7 anos e adolescentes<\/strong><\/p>\n\n\n\n<p>Hepatite B &#8211; A partir de 7 anos de idade<\/p>\n\n\n\n<p>Dupla Adulto \u2013 dT (difteria, t\u00e9tano) \u2013 1 dose a cada 10 anos a partir de 7 anos considerando doses anteriores de Pentavalente e DTP. Em caso de ferimentos graves, o refor\u00e7o \u00e9 antecipado para o intervalo de 5 anos<\/p>\n\n\n\n<p>Febre Amarela \u2013 refor\u00e7o caso a pessoa tenha recebido uma dose antes de completar 5 anos e dose \u00fanica para pessoas que nunca foram vacinadas ou sem comprova\u00e7\u00e3o de vacina\u00e7\u00e3o<\/p>\n\n\n\n<p>Tr\u00edplice Viral (sarampo, caxumba e rub\u00e9ola) &#8211; iniciar ou completar duas doses de acordo com situa\u00e7\u00e3o vacinal<\/p>\n\n\n\n<p>HPV quadrivalente &#8211; de 9 a 14 anos e resgate de adolescentes at\u00e9 19 anos, 11 meses e 29 dias<\/p>\n\n\n\n<p>dTpa (difteria, t\u00e9tano e coqueluche acelular) &#8211; a partir da 20\u00aa semana de gesta\u00e7\u00e3o<\/p>\n\n\n\n<p>Meningoc\u00f3cica ACWY conjugada (meningite meningoc\u00f3cica sorogrupos A, C, W, Y) &#8211; uma dose de 11 a 14 anos<\/p>\n\n\n\n<p><strong>Vacinas dispon\u00edveis para adultos<\/strong><\/p>\n\n\n\n<p>Dupla Adulto \u2013 dT (difteria, t\u00e9tano) \u2013 1 dose a cada 10 anos. Em caso de ferimentos graves, o refor\u00e7o \u00e9 antecipado para o intervalo de 5 anos<\/p>\n\n\n\n<p>Febre Amarela &#8211; dose \u00fanica para pessoas que nunca foram vacinadas ou sem comprova\u00e7\u00e3o de vacina\u00e7\u00e3o at\u00e9 59 anos<\/p>\n\n\n\n<p>Hepatite B &#8211; Sem comprova\u00e7\u00e3o vacinal: 3 doses<\/p>\n\n\n\n<p>Tr\u00edplice Viral (sarampo, caxumba e rub\u00e9ola) &#8211; 2 doses at\u00e9 29 anos e profissionais de sa\u00fade. E 1 dose de 30 a 59 anos<\/p>\n\n\n\n<p>dTpa (difteria, t\u00e9tano e coqueluche acelular) &#8211; a partir da 20\u00aa semana de gesta\u00e7\u00e3o, profissionais de sa\u00fade (neonatal e pediatria) e profissionais de creche que lidam com menores de 4 anos.<\/p>\n\n\n\n<p><strong><em><sup>S\u00e3o Gon\u00e7alo Vai Mudar. O Maior Portal da Cidade.<\/sup><\/em><\/strong><\/p>\n\n\n\n<figure class=\"wp-block-image size-full\"><img decoding=\"async\" width=\"251\" height=\"88\" src=\"https:\/\/sgvaimudar.com.br\/wp-content\/uploads\/2023\/08\/Logo.png\" alt=\"\" class=\"wp-image-2738\" \/><\/figure>\n","protected":false},"excerpt":{"rendered":"<p>Munic\u00edpio oferece imunizantes do calend\u00e1rio nacional A Coordena\u00e7\u00e3o de Imuniza\u00e7\u00e3o da Secretaria de Sa\u00fade da Prefeitura de S\u00e3o Gon\u00e7alo est\u00e1&hellip;<\/p>\n","protected":false},"author":5,"featured_media":13734,"comment_status":"open","ping_status":"open","sticky":false,"template":"","format":"standard","meta":{"fifu_image_url":"","fifu_image_alt":"","footnotes":""},"categories":[7],"tags":[],"class_list":["post-13733","post","type-post","status-publish","format-standard","has-post-thumbnail","hentry","category-saude"],"_links":{"self":[{"href":"https:\/\/sgvaimudar.com.br\/index.php\/wp-json\/wp\/v2\/posts\/13733","targetHints":{"allow":["GET"]}}],"collection":[{"href":"https:\/\/sgvaimudar.com.br\/index.php\/wp-json\/wp\/v2\/posts"}],"about":[{"href":"https:\/\/sgvaimudar.com.br\/index.php\/wp-json\/wp\/v2\/types\/post"}],"author":[{"embeddable":true,"href":"https:\/\/sgvaimudar.com.br\/index.php\/wp-json\/wp\/v2\/users\/5"}],"replies":[{"embeddable":true,"href":"https:\/\/sgvaimudar.com.br\/index.php\/wp-json\/wp\/v2\/comments?post=13733"}],"version-history":[{"count":1,"href":"https:\/\/sgvaimudar.com.br\/index.php\/wp-json\/wp\/v2\/posts\/13733\/revisions"}],"predecessor-version":[{"id":13735,"href":"https:\/\/sgvaimudar.com.br\/index.php\/wp-json\/wp\/v2\/posts\/13733\/revisions\/13735"}],"wp:featuredmedia":[{"embeddable":true,"href":"https:\/\/sgvaimudar.com.br\/index.php\/wp-json\/wp\/v2\/media\/13734"}],"wp:attachment":[{"href":"https:\/\/sgvaimudar.com.br\/index.php\/wp-json\/wp\/v2\/media?parent=13733"}],"wp:term":[{"taxonomy":"category","embeddable":true,"href":"https:\/\/sgvaimudar.com.br\/index.php\/wp-json\/wp\/v2\/categories?post=13733"},{"taxonomy":"post_tag","embeddable":true,"href":"https:\/\/sgvaimudar.com.br\/index.php\/wp-json\/wp\/v2\/tags?post=13733"}],"curies":[{"name":"wp","href":"https:\/\/api.w.org\/{rel}","templated":true}]}}