{"id":13637,"date":"2024-10-16T08:58:55","date_gmt":"2024-10-16T11:58:55","guid":{"rendered":"https:\/\/sgvaimudar.com.br\/?p=13637"},"modified":"2024-10-16T09:01:02","modified_gmt":"2024-10-16T12:01:02","slug":"populacao-vai-ganhar-nova-unidade-de-saude-da-familia","status":"publish","type":"post","link":"https:\/\/sgvaimudar.com.br\/index.php\/2024\/10\/16\/populacao-vai-ganhar-nova-unidade-de-saude-da-familia\/","title":{"rendered":"Popula\u00e7\u00e3o vai ganhar nova unidade de sa\u00fade da fam\u00edlia"},"content":{"rendered":"\n<p><em>USF Bandeirantes foi praticamente refeita para ampliar atendimento<\/em><\/p>\n\n\n\n<p>Ap\u00f3s um ano e quatro meses de revitaliza\u00e7\u00e3o, a Unidade de Sa\u00fade da Fam\u00edlia (USF) Bandeirantes est\u00e1 praticamente pronta, aguardando retoques finais para ser entregue \u00e0 popula\u00e7\u00e3o, nos pr\u00f3ximos dias. A equipe da Subsecretaria da Aten\u00e7\u00e3o B\u00e1sica da Secretaria de Sa\u00fade da Prefeitura de S\u00e3o Gon\u00e7alo j\u00e1 montou todo o mobili\u00e1rio e instalou os equipamentos.<\/p>\n\n\n\n<figure class=\"wp-block-image size-full\"><img fetchpriority=\"high\" decoding=\"async\" width=\"1024\" height=\"683\" src=\"https:\/\/sgvaimudar.com.br\/wp-content\/uploads\/2024\/10\/unnamed-3-7.jpg\" alt=\"\" class=\"wp-image-13638\" srcset=\"https:\/\/sgvaimudar.com.br\/wp-content\/uploads\/2024\/10\/unnamed-3-7.jpg 1024w, https:\/\/sgvaimudar.com.br\/wp-content\/uploads\/2024\/10\/unnamed-3-7-300x200.jpg 300w, https:\/\/sgvaimudar.com.br\/wp-content\/uploads\/2024\/10\/unnamed-3-7-768x512.jpg 768w\" sizes=\"(max-width: 1024px) 100vw, 1024px\" \/><\/figure>\n\n\n\n<p>A nova USF Bandeirantes \u00e9 grandiosa, tem dois andares, elevador e ocupa quase todo o terreno da esquina das ruas Senador Jos\u00e9 Kairala com Joaquim Laranjeiras. Antes, o posto funcionava em uma casa pequena e antiga, que atendia 8 mil usu\u00e1rios, e foi parcialmente demolida para dar lugar \u00e0 nova USF.<\/p>\n\n\n\n<figure class=\"wp-block-image size-full\"><img decoding=\"async\" width=\"1024\" height=\"683\" src=\"https:\/\/sgvaimudar.com.br\/wp-content\/uploads\/2024\/10\/unnamed-4-4.jpg\" alt=\"\" class=\"wp-image-13639\" srcset=\"https:\/\/sgvaimudar.com.br\/wp-content\/uploads\/2024\/10\/unnamed-4-4.jpg 1024w, https:\/\/sgvaimudar.com.br\/wp-content\/uploads\/2024\/10\/unnamed-4-4-300x200.jpg 300w, https:\/\/sgvaimudar.com.br\/wp-content\/uploads\/2024\/10\/unnamed-4-4-768x512.jpg 768w\" sizes=\"(max-width: 1024px) 100vw, 1024px\" \/><\/figure>\n\n\n\n<p>Com a nova estrutura, a nova USF Bandeirantes passar\u00e1 a atender 12 mil pacientes. Ela tem consult\u00f3rios multifuncionais, ginecol\u00f3gico e odontol\u00f3gico, salas de vacina, inala\u00e7\u00e3o, curativo, esteriliza\u00e7\u00e3o, observa\u00e7\u00e3o, multiuso, administra\u00e7\u00e3o, espera, recep\u00e7\u00e3o, farm\u00e1cia, copa, almoxarifado, estoque, frald\u00e1rio, vesti\u00e1rio, banheiros para funcion\u00e1rios e adaptados para pessoas com defici\u00eancia (PCD).&nbsp;<\/p>\n\n\n\n<p>\u201cEstamos revitalizando ou construindo novas unidades em locais pr\u00f3prios. Estamos melhorando os postos para melhor atender tanto a popula\u00e7\u00e3o quanto os funcion\u00e1rios. Com um local de trabalho digno, eles tamb\u00e9m t\u00eam como oferecer um atendimento mais humanizado aos pacientes. Esse \u00e9 o objetivo maior. E seguiremos avan\u00e7ando com novas unidades revitalizadas\u201d, disse a secret\u00e1ria municipal de Sa\u00fade e Defesa Civil de S\u00e3o Gon\u00e7alo, Dra. Bianca Serour.&nbsp;<\/p>\n\n\n\n<p>Assim como todas as demais obras realizadas pela Secretaria Municipal de Sa\u00fade e Defesa Civil, a USF Bandeirantes ter\u00e1 ambientes humanizados e climatizados. Os postos est\u00e3o sendo padronizados e recebem adequa\u00e7\u00f5es gerais e de acessibilidade (rampa, piso t\u00e1til, barras, banheiros adaptados para pessoas com defici\u00eancia e com campainha de alerta) \u2013 tudo conforme as normas da Anvisa: a RDC 50, que diz respeito aos ambientes e a NBR 9050, sobre acessibilidade.&nbsp;<\/p>\n\n\n\n<p><em>Fotos: Julio Diniz<\/em><\/p>\n\n\n\n<p><strong><em>S\u00e3o Gon\u00e7alo Vai Mudar. O Maior Portal da Cidade.<\/em><\/strong><\/p>\n\n\n\n<figure class=\"wp-block-image size-full\"><img decoding=\"async\" width=\"251\" height=\"88\" src=\"https:\/\/sgvaimudar.com.br\/wp-content\/uploads\/2023\/08\/Logo.png\" alt=\"\" class=\"wp-image-2738\" \/><\/figure>\n\n\n\n<p> <\/p>\n","protected":false},"excerpt":{"rendered":"<p>USF Bandeirantes foi praticamente refeita para ampliar atendimento Ap\u00f3s um ano e quatro meses de revitaliza\u00e7\u00e3o, a Unidade de Sa\u00fade&hellip;<\/p>\n","protected":false},"author":5,"featured_media":13640,"comment_status":"open","ping_status":"open","sticky":false,"template":"","format":"standard","meta":{"fifu_image_url":"","fifu_image_alt":"","footnotes":""},"categories":[7],"tags":[],"class_list":["post-13637","post","type-post","status-publish","format-standard","has-post-thumbnail","hentry","category-saude"],"_links":{"self":[{"href":"https:\/\/sgvaimudar.com.br\/index.php\/wp-json\/wp\/v2\/posts\/13637","targetHints":{"allow":["GET"]}}],"collection":[{"href":"https:\/\/sgvaimudar.com.br\/index.php\/wp-json\/wp\/v2\/posts"}],"about":[{"href":"https:\/\/sgvaimudar.com.br\/index.php\/wp-json\/wp\/v2\/types\/post"}],"author":[{"embeddable":true,"href":"https:\/\/sgvaimudar.com.br\/index.php\/wp-json\/wp\/v2\/users\/5"}],"replies":[{"embeddable":true,"href":"https:\/\/sgvaimudar.com.br\/index.php\/wp-json\/wp\/v2\/comments?post=13637"}],"version-history":[{"count":1,"href":"https:\/\/sgvaimudar.com.br\/index.php\/wp-json\/wp\/v2\/posts\/13637\/revisions"}],"predecessor-version":[{"id":13641,"href":"https:\/\/sgvaimudar.com.br\/index.php\/wp-json\/wp\/v2\/posts\/13637\/revisions\/13641"}],"wp:featuredmedia":[{"embeddable":true,"href":"https:\/\/sgvaimudar.com.br\/index.php\/wp-json\/wp\/v2\/media\/13640"}],"wp:attachment":[{"href":"https:\/\/sgvaimudar.com.br\/index.php\/wp-json\/wp\/v2\/media?parent=13637"}],"wp:term":[{"taxonomy":"category","embeddable":true,"href":"https:\/\/sgvaimudar.com.br\/index.php\/wp-json\/wp\/v2\/categories?post=13637"},{"taxonomy":"post_tag","embeddable":true,"href":"https:\/\/sgvaimudar.com.br\/index.php\/wp-json\/wp\/v2\/tags?post=13637"}],"curies":[{"name":"wp","href":"https:\/\/api.w.org\/{rel}","templated":true}]}}