{"id":13611,"date":"2024-10-15T19:00:00","date_gmt":"2024-10-15T22:00:00","guid":{"rendered":"https:\/\/sgvaimudar.com.br\/?p=13611"},"modified":"2024-10-16T08:30:30","modified_gmt":"2024-10-16T11:30:30","slug":"editora-niteroiense-lanca-coletanea-de-analises-sobre-a-obra-de-florestan-fernandes","status":"publish","type":"post","link":"https:\/\/sgvaimudar.com.br\/index.php\/2024\/10\/15\/editora-niteroiense-lanca-coletanea-de-analises-sobre-a-obra-de-florestan-fernandes\/","title":{"rendered":"Editora niteroiense lan\u00e7a colet\u00e2nea de an\u00e1lises sobre a obra de Florestan Fernandes"},"content":{"rendered":"\n<p><em>Na quinta-feira (17\/10), \u00e0s 18h, o lan\u00e7amento acontece na Sala Carlos Couto<\/em><\/p>\n\n\n\n<p>A editora Nitpress vai lan\u00e7ar, na quinta-feira (17\/10), em Niter\u00f3i e dia 28\/10, no Rio de Janeiro, ambos \u00e0s 18h, o terceiro volume da cole\u00e7\u00e3o \u201cDi\u00e1logos com Pensadores da Educa\u00e7\u00e3o Brasileira\u201d, este dedicado a Florestan Fernandes, patrono da Sociologia no Pa\u00eds e \u00e1rduo estudioso da complexa estrutura de classes nacional, marcada pelo racismo e pela desigualdade. <\/p>\n\n\n\n<figure class=\"wp-block-image size-large\"><img fetchpriority=\"high\" decoding=\"async\" width=\"819\" height=\"1024\" src=\"https:\/\/sgvaimudar.com.br\/wp-content\/uploads\/2024\/10\/WhatsApp-Image-2024-10-14-at-16.53.48-819x1024.jpeg\" alt=\"\" class=\"wp-image-13612\" srcset=\"https:\/\/sgvaimudar.com.br\/wp-content\/uploads\/2024\/10\/WhatsApp-Image-2024-10-14-at-16.53.48-819x1024.jpeg 819w, https:\/\/sgvaimudar.com.br\/wp-content\/uploads\/2024\/10\/WhatsApp-Image-2024-10-14-at-16.53.48-240x300.jpeg 240w, https:\/\/sgvaimudar.com.br\/wp-content\/uploads\/2024\/10\/WhatsApp-Image-2024-10-14-at-16.53.48-768x960.jpeg 768w, https:\/\/sgvaimudar.com.br\/wp-content\/uploads\/2024\/10\/WhatsApp-Image-2024-10-14-at-16.53.48.jpeg 1024w\" sizes=\"(max-width: 819px) 100vw, 819px\" \/><\/figure>\n\n\n\n<p>O livro, organizado pelos professores Waldeck Carneiro e Viviane Merlim Moraes, re\u00fane artigos de 18 intelectuais sobre a vida e a obra de Florestan; e tem pref\u00e1cio de Gaud\u00eancio Frigotto, posf\u00e1cio de Dermeval Salviani e depoimento de Menga L\u00fcdke.<\/p>\n\n\n\n<p>Florestan Fernandes nasceu em S\u00e3o Paulo em 22 de julho de 1920 e morreu na capital paulista em 10 de agosto de 1995. Foi deputado federal por aquele estado por duas legislaturas, de 1987 at\u00e9 o ano de sua morte. De origem humilde, trabalhou desde a inf\u00e2ncia, inclusive como auxiliar de barbearia, engraxate e gar\u00e7om, enquanto cursava a escola prim\u00e1ria.<\/p>\n\n\n\n<p>O intelectual nunca conheceu o pai. Viveu em corti\u00e7os na capital paulista, at\u00e9 que sua m\u00e3e foi trabalhar para a tradicional fam\u00edlia Bresser, cujo patriarca, o militar prussiano Carlos Abr\u00e3o Bresser, havia chegado ao Pa\u00eds em companhia de Dom Pedro II, para constru\u00e7\u00e3o de estradas e pontes, tornando-se uma das fam\u00edlias mais importantes para a hist\u00f3ria da cidade. Foi apadrinhado pela neta de Abr\u00e3o, Herm\u00ednia Bresser, que o fez se interessar pela leitura e pelos estudos.<\/p>\n\n\n\n<p>Gra\u00e7as a Herm\u00ednia, Florestan concluiu o ensino b\u00e1sico e o curso de madureza, dedicado \u00e0 educa\u00e7\u00e3o de jovens e adultos, que ministrava disciplinas dos antigos gin\u00e1sio e colegial. Formou-se em Ci\u00eancias Sociais pela Universidade de S\u00e3o Paulo (USP). Creditava aos percal\u00e7os da inf\u00e2ncia o despertar de sua sensibilidade pela popula\u00e7\u00e3o mais pobre e pela estratifica\u00e7\u00e3o social brasileira.<\/p>\n\n\n\n<p>\u201cAquilo que poucos da plebe conseguiam ter, a ideia do que era a outra vida, a vida dos ricos, dos poderosos \u2013 eu era capaz de perceber atrav\u00e9s de experi\u00eancias concretas. Isso foi importante porque me levou a valorizar a instru\u00e7\u00e3o, a querer ler e estudar, a procurar uma ponte para n\u00e3o me conformar com aquela situa\u00e7\u00e3o que eu ficava\u201d, escreveu ele.<\/p>\n\n\n\n<p>\u00c9 autor de, pelo menos, 17 livros e dezenas de artigos sobre os mais variados temas relacionados \u00e0 Sociologia e \u00e0 Antropologia brasileiras. Em 1964, recebeu o Pr\u00eamio Jabuti por \u201cCorpo e Alma do Brasil\u201d. Foi deputado Constituinte em 1988 e um dos fundadores do Partido dos Trabalhadores (PT). <\/p>\n\n\n\n<p>Por todo o Brasil e no exterior, audit\u00f3rios, escolas, bibliotecas e edif\u00edcios p\u00fablicos receberam seu nome.<br>\u201cSua obra, de amplitude incomum, incontest\u00e1vel relev\u00e2ncia e elevado teor cr\u00edtico, encontrou muita receptividade no campo acad\u00eamico e nos movimentos sociais, mas, como era de se esperar, tamb\u00e9m foi objeto de cr\u00edticas. <\/p>\n\n\n\n<p>Uma das mais contundentes reside na tentativa de minimizar a dimens\u00e3o propriamente cient\u00edfica de sua produ\u00e7\u00e3o intelectual, sob o pretexto de que tal dimens\u00e3o teria sido relativizada pelo ativismo pol\u00edtico e social de Florestan Fernandes\u201d, afirmam, na orelha do \u201cDi\u00e1logos\u201d sobre o pensador, Waldeck Carneiro e Luiz Augusto Erthal, editor da Nitpress. <\/p>\n\n\n\n<p>E prosseguem: \u201cA vida, a obra, as lutas e o legado de Florestan Fernandes seguem indispens\u00e1veis no enfrentamento \u00e0 torrente de autoritarismo, fundamentalismo e ultraliberalismo, prevalente no Brasil no per\u00edodo de 2016 a 2022, que, embora derrotada nas elei\u00e7\u00f5es presidenciais de 2022, continua amea\u00e7ando a democracia, a soberania e a justi\u00e7a social no Brasil\u201d, concluem.<\/p>\n\n\n\n<p>Os dois primeiros volumes da cole\u00e7\u00e3o \u201cDi\u00e1logos com Pensadores da Educa\u00e7\u00e3o Brasileira\u201d, tamb\u00e9m organizados por Waldeck Carneiro, foram sobre Paulo Freire e Darcy Ribeiro. <\/p>\n\n\n\n<p>Para o dedicado a Florestan Fernandes, foram reunidos os professores e intelectuais: Alba Val\u00e9ria Baensi; Alexsandra Aguiar; Fl\u00e1via Araujo; Flavio Serafini; Giovanni Semeraro; Graciane de Souza Rocha Volot\u00e3o; Greyce Kelly Almeida; Iduina Mont\u2019Alverne Chaves; Lia Faria; Lincoln de Ara\u00fajo Santos; Luciano Vasconcelos; Marcio Mori; Marcos Marques de Oliveira; Maycon Bezerra de Almeida; Michelli Silva Sousa Agra Amorim; Pablo Silva Machado Bispo dos Santos; Roberto Leher; e Valdel\u00facia Alves da Costa.<br>&nbsp;<br><strong>LAN\u00c7AMENTOS &#8211; <\/strong>Dia 17\/10, 18h \u2013 Sala Carlos Couto \u2013 Rua Quinze de Novembro, 35 &#8211; Centro, Niter\u00f3i. Dia 28\/10, 18h \u2013 Livraria da Travessa \u2013 Shopping Leblon \u2013 Av. Afr\u00e2nio de Melo Franco, 290 \u2212 loja 205A.<\/p>\n\n\n\n<p><strong><em><sup>S\u00e3o Gon\u00e7alo Vai Mudar. O Maior Portal da Cidade.<\/sup><\/em><\/strong><\/p>\n\n\n\n<figure class=\"wp-block-image size-full\"><img decoding=\"async\" width=\"251\" height=\"88\" src=\"https:\/\/sgvaimudar.com.br\/wp-content\/uploads\/2023\/08\/Logo.png\" alt=\"\" class=\"wp-image-2738\" \/><\/figure>\n","protected":false},"excerpt":{"rendered":"<p>Na quinta-feira (17\/10), \u00e0s 18h, o lan\u00e7amento acontece na Sala Carlos Couto A editora Nitpress vai lan\u00e7ar, na quinta-feira (17\/10),&hellip;<\/p>\n","protected":false},"author":5,"featured_media":13613,"comment_status":"open","ping_status":"open","sticky":false,"template":"","format":"standard","meta":{"fifu_image_url":"","fifu_image_alt":"","footnotes":""},"categories":[6],"tags":[],"class_list":["post-13611","post","type-post","status-publish","format-standard","has-post-thumbnail","hentry","category-entretenimento"],"_links":{"self":[{"href":"https:\/\/sgvaimudar.com.br\/index.php\/wp-json\/wp\/v2\/posts\/13611","targetHints":{"allow":["GET"]}}],"collection":[{"href":"https:\/\/sgvaimudar.com.br\/index.php\/wp-json\/wp\/v2\/posts"}],"about":[{"href":"https:\/\/sgvaimudar.com.br\/index.php\/wp-json\/wp\/v2\/types\/post"}],"author":[{"embeddable":true,"href":"https:\/\/sgvaimudar.com.br\/index.php\/wp-json\/wp\/v2\/users\/5"}],"replies":[{"embeddable":true,"href":"https:\/\/sgvaimudar.com.br\/index.php\/wp-json\/wp\/v2\/comments?post=13611"}],"version-history":[{"count":2,"href":"https:\/\/sgvaimudar.com.br\/index.php\/wp-json\/wp\/v2\/posts\/13611\/revisions"}],"predecessor-version":[{"id":13628,"href":"https:\/\/sgvaimudar.com.br\/index.php\/wp-json\/wp\/v2\/posts\/13611\/revisions\/13628"}],"wp:featuredmedia":[{"embeddable":true,"href":"https:\/\/sgvaimudar.com.br\/index.php\/wp-json\/wp\/v2\/media\/13613"}],"wp:attachment":[{"href":"https:\/\/sgvaimudar.com.br\/index.php\/wp-json\/wp\/v2\/media?parent=13611"}],"wp:term":[{"taxonomy":"category","embeddable":true,"href":"https:\/\/sgvaimudar.com.br\/index.php\/wp-json\/wp\/v2\/categories?post=13611"},{"taxonomy":"post_tag","embeddable":true,"href":"https:\/\/sgvaimudar.com.br\/index.php\/wp-json\/wp\/v2\/tags?post=13611"}],"curies":[{"name":"wp","href":"https:\/\/api.w.org\/{rel}","templated":true}]}}