{"id":13608,"date":"2024-10-15T17:00:00","date_gmt":"2024-10-15T20:00:00","guid":{"rendered":"https:\/\/sgvaimudar.com.br\/?p=13608"},"modified":"2024-10-15T10:28:13","modified_gmt":"2024-10-15T13:28:13","slug":"sao-goncalo-vacina-caes-e-gatos-contra-raiva-no-proximo-sabado","status":"publish","type":"post","link":"https:\/\/sgvaimudar.com.br\/index.php\/2024\/10\/15\/sao-goncalo-vacina-caes-e-gatos-contra-raiva-no-proximo-sabado\/","title":{"rendered":"S\u00e3o Gon\u00e7alo vacina c\u00e3es e gatos contra raiva no pr\u00f3ximo s\u00e1bado"},"content":{"rendered":"\n<p><em>Segunda etapa da campanha pretende imunizar cerca de 60 mil animais<\/em><\/p>\n\n\n\n<p>A Secretaria Municipal de Sa\u00fade e Defesa Civil de S\u00e3o Gon\u00e7alo vai vacinar todos os animais com mais de tr\u00eas meses de vida e que n\u00e3o estejam doentes. A segunda etapa da vacina\u00e7\u00e3o antirr\u00e1bica para c\u00e3es e gatos em S\u00e3o Gon\u00e7alo acontece no pr\u00f3ximo s\u00e1bado (19). <\/p>\n\n\n\n<p>A expectativa da Campanha Nacional de Vacina\u00e7\u00e3o Antirr\u00e1bica 2024 \u00e9 vacinar cerca de 60 mil animais nesta segunda etapa. Estar\u00e3o dispon\u00edveis 66 pontos de vacina\u00e7\u00e3o pelos bairros, das 8h \u00e0s 17h.\u00a0<\/p>\n\n\n\n<p>Segundo as informa\u00e7\u00f5es, os gon\u00e7alenses podem levar os animais em qualquer local para a vacina\u00e7\u00e3o, independente do seu endere\u00e7o. \u00c9 importante que os c\u00e3es estejam com coleiras e, no caso dos ferozes, com a focinheira e sempre conduzidos por um adulto para garantir a seguran\u00e7a de todas as pessoas envolvidas. <\/p>\n\n\n\n<p>&#8220;Os gatos devem ser levados em caixas de transporte para evitar fugas e acidentes. Animais doentes, com febre, diarreia ou outras enfermidades n\u00e3o devem ser vacinados, assim como as f\u00eameas gestantes ou amamentando filhotes&#8221;, disse a Prefeitura na nota.\u00a0\u00a0<\/p>\n\n\n\n<p>Os protetores de animais que possuem o N\u00famero de Cadastro Municipal (Nucam) podem ligar para (21) 3195-5198, ramal 1008, para a marca\u00e7\u00e3o da equipe que far\u00e1 a imuniza\u00e7\u00e3o dos animais nas resid\u00eancias.\u00a0<\/p>\n\n\n\n<p>Para os gon\u00e7alenses que perderem a data da campanha, a vacina estar\u00e1 dispon\u00edvel nos Centros de Atendimento Veterin\u00e1rio Municipal (Cavems), no Mutu\u00e1 e Alc\u00e2ntara, sempre de segunda a sexta, das 8h \u00e0s 16h, sem a necessidade de realizar agendamento ou pegar senhas.<\/p>\n\n\n\n<p>As a\u00e7\u00f5es v\u00e3o contar com cerca de mil funcion\u00e1rios, entre agentes de sa\u00fade, agentes de endemias e m\u00e9dicos veterin\u00e1rios integrantes do Departamento de Controle de Zoonoses e\u00a0Vigil\u00e2ncia Sanit\u00e1ria e da Vigil\u00e2ncia em Sa\u00fade Ambiental, todos ligados \u00e0 Semsa, al\u00e9m de volunt\u00e1rios capacitados.\u00a0\u00a0\u00a0\u00a0\u00a0<\/p>\n\n\n\n<p>A raiva \u00e9 uma doen\u00e7a infecciosa causada por um v\u00edrus, n\u00e3o tem cura e, se n\u00e3o houver preven\u00e7\u00e3o e controle, pode levar \u00e0 morte. \u00c9 uma zoonose (doen\u00e7a que pode ser transmitida do animal para o ser humano) e o v\u00edrus pode estar presente na saliva de um animal infectado, podendo ser transmitido atrav\u00e9s de mordida, arranh\u00e3o ou lambedura. C\u00e3es e gatos dom\u00e9sticos, morcegos e outros mam\u00edferos silvestres podem transmitir a doen\u00e7a.\u00a0\u00a0\u00a0\u00a0\u00a0\u00a0\u00a0\u00a0\u00a0\u00a0<\/p>\n\n\n\n<p>A rela\u00e7\u00e3o dos pontos de vacina\u00e7\u00e3o \u00e9 a seguinte: <\/p>\n\n\n\n<p>2\u00aa Etapa \u2013 19 de outubro: 1 &#8211; Polo Sanit\u00e1rio Rio do Ouro; 2 &#8211; USF Doutel de Andrade, Maria Paula; 3 &#8211; Col\u00e9gio Estadual Vital Brasil, Tribob\u00f3; 4 &#8211; USF Badger da Silveira, Tribob\u00f3; 5 &#8211; USF Luiza de Marilac, Novo M\u00e9xico; 6 &#8211; USF Anaia Pequeno; 7 &#8211; USF Gladys Rodrigues Ramos Freitas, Santa Izabel.<\/p>\n\n\n\n<p>8 &#8211; USF Em\u00edlio Ribas, Barrac\u00e3o; 9 &#8211; USF Manoel de Abreu, Ipi\u00edba; 10 &#8211; USF Marechal C\u00e2ndido Rondon, Capote; 11 &#8211; USF Hiparco Ferreira, Engenho do Ro\u00e7ado; 12 &#8211; Cras Ad\u00e3o Pereira Nunes, Arsenal; 13 &#8211; Associa\u00e7\u00e3o de Moradores do Arrast\u00e3o; 14 &#8211; Associa\u00e7\u00e3o de Moradores do Arsenal.<\/p>\n\n\n\n<p>15 &#8211; USF Fl\u00e1vio Henrique de Brito, J\u00f3quei; 16 &#8211; Escola Municipal Professora Virg\u00ednia de Seixas Cruz, Jardim Nova Rep\u00fablica; 17 &#8211; USF Jos\u00e9 Avelino da Silva, Tribob\u00f3; 18 &#8211; USF Marilea Cardoso, J\u00f3quei; 19 &#8211; USF Raul Veiga; 20 &#8211; USF Almerinda; 21 &#8211; Polo Sanit\u00e1rio H\u00e9lio Cruz, Alc\u00e2ntara.<\/p>\n\n\n\n<p>22 &#8211; Escola Municipal Ronaldo de Souza, Alc\u00e2ntara; 23 &#8211; USF Mutondo; 24 &#8211; PAM Coelho; 25 &#8211; USF Irm\u00e3 Dulce, Trindade; 26 &#8211; Padaria do Durval, Trindade; 27 &#8211; USF Vila Tr\u00eas; 28 &#8211; Associa\u00e7\u00e3o de Moradores do Jardim Fluminense; 29 &#8211; Col\u00e9gio Estadual Comendador Valentim dos Santos Diniz (Nata), Coluband\u00ea.<\/p>\n\n\n\n<p>30 &#8211; Escola Municipal Maria Eul\u00e1lia Concei\u00e7\u00e3o de Oliveira Maciel, Raul Veiga; 31 &#8211; USF Luiz Paulo Guimar\u00e3es, Laranjal; 32 &#8211; USF Tancredo Neves, Luiz Ca\u00e7ador; 33 &#8211; Universidade Salgado de OLiveira (Universo), Trindade; 34 &#8211; USF Lagoinha; 35 &#8211; Escola Municipal Marcus Vin\u00edcius Cruz de Melo Moraes, Santa Izabel.<\/p>\n\n\n\n<p>36 &#8211; USF Bandeirantes; 37 &#8211; USF Osvaldo Cruz, Amendoeira; 38 &#8211; Curso Senes, Mutondo; 39 &#8211; Condom\u00ednio Almirante Cox, Alc\u00e2ntara; 40 &#8211; Oficina do Jair, Trindade; 41 &#8211; Escola Municipal Professora Marluce Salles de Almeida, Trindade; 42 &#8211; Polo Sanit\u00e1rio Jorge Teixeira de Lima (Cariranha), Jardim Catarina.<\/p>\n\n\n\n<p>43 &#8211; USF Roberto Silveira, Vista Alegre; 44 &#8211; USF Louis Pasteur, Guaxindiba; 45 &#8211; USF Juarez Antunes, Laranjal; 46 &#8211; USF An\u00edbal Porto, Monjolos; 47 &#8211; USF Santa Luzia; 48 &#8211; USF Floren\u00e7a Helena Pereira da Silva Marins, Largo da Ideia; 49 &#8211; Academia da Sa\u00fade Waldemar Lug\u00e3o Mulim (Cras Monjolos); 50 &#8211; Escola Municipal An\u00edsio Sp\u00ednola Teixeira, Santa Luzia.<\/p>\n\n\n\n<p>51 &#8211; USF Ary Teixeira, Jardim Bom Retiro; 52 &#8211; Col\u00e9gio Municipal Esteph\u00e2nia de Carvalho, Laranjal; 53 &#8211; Associa\u00e7\u00e3o de Moradores Amigos do Apolo; 54 &#8211; Associa\u00e7\u00e3o de Moradores de Marambaia; 55 &#8211; Cras Vista Alegre; 56 &#8211; 1\u00aa Igreja Batista do Jardim Bom Retiro.<\/p>\n\n\n\n<p>57 &#8211; Escola Municipal Casa das Crian\u00e7as, Apolo; 58 &#8211; USF Jardim Catarina I; 59 &#8211; Igreja Sagrada Fam\u00edlia, Lagoinha; 60 &#8211; Ciep Anita Garibaldi, Jardim Catarina; 61 &#8211; USF Agenor Jos\u00e9 da Silva, Jardim Catarina; 62 &#8211; USF Jardim Catarina VII; 63 &#8211; Igreja Deus em Cristo, Monjolos; 64 &#8211; Escola Municipal Jo\u00e3o Cabral de Melo Neto, Vista Alegre; 65 USF Floriano Barbosa, Jardim Catarina e 66 &#8211; Assembleia de Deus de Lagoinha.<\/p>\n\n\n\n<p><strong><em><sup>S\u00e3o Gon\u00e7alo Vai Mudar. O Maior Portal da Cidade.<\/sup><\/em><\/strong><\/p>\n\n\n\n<figure class=\"wp-block-image size-full\"><img decoding=\"async\" width=\"251\" height=\"88\" src=\"https:\/\/sgvaimudar.com.br\/wp-content\/uploads\/2023\/08\/Logo.png\" alt=\"\" class=\"wp-image-2738\" \/><\/figure>\n","protected":false},"excerpt":{"rendered":"<p>Segunda etapa da campanha pretende imunizar cerca de 60 mil animais A Secretaria Municipal de Sa\u00fade e Defesa Civil de&hellip;<\/p>\n","protected":false},"author":5,"featured_media":13609,"comment_status":"open","ping_status":"open","sticky":false,"template":"","format":"standard","meta":{"fifu_image_url":"","fifu_image_alt":"","footnotes":""},"categories":[3,7],"tags":[],"class_list":["post-13608","post","type-post","status-publish","format-standard","has-post-thumbnail","hentry","category-sao-goncalo","category-saude"],"_links":{"self":[{"href":"https:\/\/sgvaimudar.com.br\/index.php\/wp-json\/wp\/v2\/posts\/13608","targetHints":{"allow":["GET"]}}],"collection":[{"href":"https:\/\/sgvaimudar.com.br\/index.php\/wp-json\/wp\/v2\/posts"}],"about":[{"href":"https:\/\/sgvaimudar.com.br\/index.php\/wp-json\/wp\/v2\/types\/post"}],"author":[{"embeddable":true,"href":"https:\/\/sgvaimudar.com.br\/index.php\/wp-json\/wp\/v2\/users\/5"}],"replies":[{"embeddable":true,"href":"https:\/\/sgvaimudar.com.br\/index.php\/wp-json\/wp\/v2\/comments?post=13608"}],"version-history":[{"count":1,"href":"https:\/\/sgvaimudar.com.br\/index.php\/wp-json\/wp\/v2\/posts\/13608\/revisions"}],"predecessor-version":[{"id":13610,"href":"https:\/\/sgvaimudar.com.br\/index.php\/wp-json\/wp\/v2\/posts\/13608\/revisions\/13610"}],"wp:featuredmedia":[{"embeddable":true,"href":"https:\/\/sgvaimudar.com.br\/index.php\/wp-json\/wp\/v2\/media\/13609"}],"wp:attachment":[{"href":"https:\/\/sgvaimudar.com.br\/index.php\/wp-json\/wp\/v2\/media?parent=13608"}],"wp:term":[{"taxonomy":"category","embeddable":true,"href":"https:\/\/sgvaimudar.com.br\/index.php\/wp-json\/wp\/v2\/categories?post=13608"},{"taxonomy":"post_tag","embeddable":true,"href":"https:\/\/sgvaimudar.com.br\/index.php\/wp-json\/wp\/v2\/tags?post=13608"}],"curies":[{"name":"wp","href":"https:\/\/api.w.org\/{rel}","templated":true}]}}