{"id":13562,"date":"2024-10-14T13:00:00","date_gmt":"2024-10-14T16:00:00","guid":{"rendered":"https:\/\/sgvaimudar.com.br\/?p=13562"},"modified":"2024-10-14T11:16:55","modified_gmt":"2024-10-14T14:16:55","slug":"policiais-do-12obpm-prendem-dois-homens-acusados-de-trafico-e-um-menor-e-detido-em-marica","status":"publish","type":"post","link":"https:\/\/sgvaimudar.com.br\/index.php\/2024\/10\/14\/policiais-do-12obpm-prendem-dois-homens-acusados-de-trafico-e-um-menor-e-detido-em-marica\/","title":{"rendered":"Policiais do 12\u00baBPM prendem dois homens acusados de tr\u00e1fico e um menor \u00e9 detido em Maric\u00e1"},"content":{"rendered":"\n<p>Dois homens foram presos e um menor detido por policiais do 12\u00baBPM, na comunidade da Linha, em Maric\u00e1. Na a\u00e7\u00e3o, foram apreendidos drogas, uma pistola, muni\u00e7\u00f5es e dois r\u00e1dios.<\/p>\n\n\n\n<figure class=\"wp-block-embed is-type-rich is-provider-twitter wp-block-embed-twitter\"><div class=\"wp-block-embed__wrapper\">\n<blockquote class=\"twitter-tweet\" data-width=\"550\" data-dnt=\"true\"><p lang=\"pt\" dir=\"ltr\">Dois homens foram presos e um menor apreendido por policiais do <a href=\"https:\/\/twitter.com\/hashtag\/12BPM?src=hash&amp;ref_src=twsrc%5Etfw\">#12BPM<\/a> na comunidade da Linha, em Maric\u00e1. Na a\u00e7\u00e3o, foram apreendidos drogas, uma pistola, muni\u00e7\u00f5es e dois r\u00e1dios.<a href=\"https:\/\/twitter.com\/hashtag\/ServireProteger?src=hash&amp;ref_src=twsrc%5Etfw\">#ServireProteger<\/a> <a href=\"https:\/\/t.co\/QZCfceMDFM\">pic.twitter.com\/QZCfceMDFM<\/a><\/p>&mdash; @pmerj (@PMERJ) <a href=\"https:\/\/twitter.com\/PMERJ\/status\/1845801475286434219?ref_src=twsrc%5Etfw\">October 14, 2024<\/a><\/blockquote><script async src=\"https:\/\/platform.twitter.com\/widgets.js\" charset=\"utf-8\"><\/script>\n<\/div><\/figure>\n\n\n\n<p><strong><em>S\u00e3o Gon\u00e7alo Vai Mudar. O Maior Portal da Cidade.<\/em><\/strong><\/p>\n\n\n\n<figure class=\"wp-block-image size-full\"><img decoding=\"async\" width=\"251\" height=\"88\" src=\"https:\/\/sgvaimudar.com.br\/wp-content\/uploads\/2023\/08\/Logo.png\" alt=\"\" class=\"wp-image-2738\" \/><\/figure>\n\n\n\n<p> <\/p>\n","protected":false},"excerpt":{"rendered":"<p>Dois homens foram presos e um menor detido por policiais do 12\u00baBPM, na comunidade da Linha, em Maric\u00e1. Na a\u00e7\u00e3o,&hellip;<\/p>\n","protected":false},"author":5,"featured_media":13563,"comment_status":"open","ping_status":"open","sticky":false,"template":"","format":"standard","meta":{"fifu_image_url":"","fifu_image_alt":"","footnotes":""},"categories":[32],"tags":[],"class_list":["post-13562","post","type-post","status-publish","format-standard","has-post-thumbnail","hentry","category-casos-de-policia"],"_links":{"self":[{"href":"https:\/\/sgvaimudar.com.br\/index.php\/wp-json\/wp\/v2\/posts\/13562","targetHints":{"allow":["GET"]}}],"collection":[{"href":"https:\/\/sgvaimudar.com.br\/index.php\/wp-json\/wp\/v2\/posts"}],"about":[{"href":"https:\/\/sgvaimudar.com.br\/index.php\/wp-json\/wp\/v2\/types\/post"}],"author":[{"embeddable":true,"href":"https:\/\/sgvaimudar.com.br\/index.php\/wp-json\/wp\/v2\/users\/5"}],"replies":[{"embeddable":true,"href":"https:\/\/sgvaimudar.com.br\/index.php\/wp-json\/wp\/v2\/comments?post=13562"}],"version-history":[{"count":1,"href":"https:\/\/sgvaimudar.com.br\/index.php\/wp-json\/wp\/v2\/posts\/13562\/revisions"}],"predecessor-version":[{"id":13564,"href":"https:\/\/sgvaimudar.com.br\/index.php\/wp-json\/wp\/v2\/posts\/13562\/revisions\/13564"}],"wp:featuredmedia":[{"embeddable":true,"href":"https:\/\/sgvaimudar.com.br\/index.php\/wp-json\/wp\/v2\/media\/13563"}],"wp:attachment":[{"href":"https:\/\/sgvaimudar.com.br\/index.php\/wp-json\/wp\/v2\/media?parent=13562"}],"wp:term":[{"taxonomy":"category","embeddable":true,"href":"https:\/\/sgvaimudar.com.br\/index.php\/wp-json\/wp\/v2\/categories?post=13562"},{"taxonomy":"post_tag","embeddable":true,"href":"https:\/\/sgvaimudar.com.br\/index.php\/wp-json\/wp\/v2\/tags?post=13562"}],"curies":[{"name":"wp","href":"https:\/\/api.w.org\/{rel}","templated":true}]}}