{"id":13532,"date":"2024-10-14T09:55:50","date_gmt":"2024-10-14T12:55:50","guid":{"rendered":"https:\/\/sgvaimudar.com.br\/?p=13532"},"modified":"2024-10-14T09:55:50","modified_gmt":"2024-10-14T12:55:50","slug":"brasilia-se-ilumina-de-verde-e-amarelo-2-dias-antes-de-jogo-da-selecao","status":"publish","type":"post","link":"https:\/\/sgvaimudar.com.br\/index.php\/2024\/10\/14\/brasilia-se-ilumina-de-verde-e-amarelo-2-dias-antes-de-jogo-da-selecao\/","title":{"rendered":"Bras\u00edlia se ilumina de verde e amarelo 2 dias antes de jogo da sele\u00e7\u00e3o"},"content":{"rendered":"\n<p><em>Brasil enfrenta Peru pelas Eliminat\u00f3rias da Copa no Man\u00e9 Garricha<\/em><\/p>\n\n\n\n<p>Bras\u00edlia ganhou uma ilumina\u00e7\u00e3o verde e amarela neste domingo (13), em pontos ic\u00f4nicos da cidade, em refer\u00eancia \u00e0 sele\u00e7\u00e3o brasileira, que volta a jogar na capital ap\u00f3s hiato de cinco anos. Nesta ter\u00e7a-feira (15), o Est\u00e1dio Man\u00e9 Garricha ser\u00e1 palco do confronto Brasil x Peru, \u00e0s 21h45 (hor\u00e1rio de Bras\u00edlia), pela 10\u00aa rodada das Eliminat\u00f3rias da Copa do Mundo de 2026.<img decoding=\"async\" src=\"https:\/\/agenciabrasil.ebc.com.br\/ebc.png?id=1615292&amp;o=node\"><img decoding=\"async\" src=\"https:\/\/agenciabrasil.ebc.com.br\/ebc.gif?id=1615292&amp;o=node\"><\/p>\n\n\n\n<p>Al\u00e9m do pr\u00f3prio Man\u00e9 Garricha estampar o verde e amarelo ao anoitecer, a ilumina\u00e7\u00e3o canarinha tamb\u00e9m tomou conta do Pal\u00e1cio do Buriti &#8211; sede do poder executivo do Distrito Federal -, do Museu Nacional da Rep\u00fablica e da Torre de TV de Bras\u00edlia, a segunda mais alta do pa\u00eds com 230 metros.<\/p>\n\n\n\n<p>A \u00faltima&nbsp;vez que a sele\u00e7\u00e3o brasileira jogou na capital do pa\u00eds foi no amistoso contra o Catar, em junho de 2019, em que o Brasil levou a melhor por 2 a 0.<\/p>\n\n\n\n<h2 class=\"wp-block-heading\">\u00daltimo&nbsp;treino no Est\u00e1dio Bezerr\u00e3o<\/h2>\n\n\n\n<p>O t\u00e9cnico Dorival J\u00fanior comandou neste domingo (13) o \u00faltimo treino t\u00e1tico da sele\u00e7\u00e3o no Bezerrr\u00e3o, situado no bairro do Gama, no Distrito Federal. As atividades foram fechadas \u00e0 presen\u00e7a da imprensa.<\/p>\n\n\n\n<figure class=\"wp-block-image size-full\"><img fetchpriority=\"high\" decoding=\"async\" width=\"754\" height=\"490\" src=\"https:\/\/sgvaimudar.com.br\/wp-content\/uploads\/2024\/10\/luiz_henrique_treino_selecao_13_10_2024.webp\" alt=\"\" class=\"wp-image-13534\" srcset=\"https:\/\/sgvaimudar.com.br\/wp-content\/uploads\/2024\/10\/luiz_henrique_treino_selecao_13_10_2024.webp 754w, https:\/\/sgvaimudar.com.br\/wp-content\/uploads\/2024\/10\/luiz_henrique_treino_selecao_13_10_2024-300x195.webp 300w\" sizes=\"(max-width: 754px) 100vw, 754px\" \/><\/figure>\n\n\n\n<p>Antes do treinamento,&nbsp;o atacante Luiz Henrique, autor do gol da vit\u00f3ria de virada contra&nbsp;os chilenos (2 a 1) na \u00faltima quinta (10), lembrou momento decisivo em Santiago.<\/p>\n\n\n\n<blockquote class=\"wp-block-quote is-layout-flow wp-block-quote-is-layout-flow\">\n<p>\u201cA emo\u00e7\u00e3o foi muito grande. Foi meu primeiro gol com a camisa da sele\u00e7\u00e3o Brasileira. Quando eu fiz o gol ali, n\u00e3o sabia como comemorar. Fiquei bastante contente junto com a minha equipe. Todo mundo veio comemorar\u201d, disse o jogador de 23 anos, em \u00f3tima fase no Botafogo. \u201cEspero que seja o primeiro de muitos gols que v\u00e3o vir com a camisa da sele\u00e7\u00e3o brasileira\u201d. concluiu.<\/p>\n<\/blockquote>\n\n\n\n<p>Com a vit\u00f3ria fora de casa contra o Chile, o Brasil subiu da s\u00e9tima para a quarta posi\u00e7\u00e3o na\u00a0tabela de classifica\u00e7\u00e3o,\u00a0a 11 rodadas do fim das Eliminat\u00f3rias.\u00a0\u00a0Apenas os seis primeiros colocados asseguram vaga direta no Mundial de 2026, com sede no Canad\u00e1, Estados Unidos e M\u00e9xico. O s\u00e9timo colocado ter\u00e1 de passar por\u00a0repescagem para carimbar a vaga.<\/p>\n\n\n\n<h2 class=\"wp-block-heading\">Ingresso solid\u00e1rio<\/h2>\n\n\n\n<p>A Confedera\u00e7\u00e3o Brasileira de Futebol (CBF) reservou cerca de 12 mil ingressos \u2013 cerca de 18% da capacidade do Man\u00e9 Garricha \u2013 para a venda de bilhetes solid\u00e1rios pelo valor de R$ 120. A comercializa\u00e7\u00e3o deles est\u00e1 limitada a dois ingressos por CPF e doa\u00e7\u00e3o de dois quilos de alimento n\u00e3o perec\u00edvel, por pessoa, na entrada do est\u00e1dio. A entidade visa arrecadar 24 toneladas de mantimentos que ser\u00e3o enviados a institui\u00e7\u00f5es de caridade.<\/p>\n\n\n\n<p><strong><em><sup>Fonte: Ag\u00eancia Brasil<\/sup><\/em><\/strong><\/p>\n\n\n\n<figure class=\"wp-block-image size-full\"><img decoding=\"async\" width=\"251\" height=\"88\" src=\"https:\/\/sgvaimudar.com.br\/wp-content\/uploads\/2023\/08\/Logo.png\" alt=\"\" class=\"wp-image-2738\" \/><\/figure>\n","protected":false},"excerpt":{"rendered":"<p>Brasil enfrenta Peru pelas Eliminat\u00f3rias da Copa no Man\u00e9 Garricha Bras\u00edlia ganhou uma ilumina\u00e7\u00e3o verde e amarela neste domingo (13),&hellip;<\/p>\n","protected":false},"author":5,"featured_media":13533,"comment_status":"open","ping_status":"open","sticky":false,"template":"","format":"standard","meta":{"fifu_image_url":"","fifu_image_alt":"","footnotes":""},"categories":[5],"tags":[],"class_list":["post-13532","post","type-post","status-publish","format-standard","has-post-thumbnail","hentry","category-esportes"],"_links":{"self":[{"href":"https:\/\/sgvaimudar.com.br\/index.php\/wp-json\/wp\/v2\/posts\/13532","targetHints":{"allow":["GET"]}}],"collection":[{"href":"https:\/\/sgvaimudar.com.br\/index.php\/wp-json\/wp\/v2\/posts"}],"about":[{"href":"https:\/\/sgvaimudar.com.br\/index.php\/wp-json\/wp\/v2\/types\/post"}],"author":[{"embeddable":true,"href":"https:\/\/sgvaimudar.com.br\/index.php\/wp-json\/wp\/v2\/users\/5"}],"replies":[{"embeddable":true,"href":"https:\/\/sgvaimudar.com.br\/index.php\/wp-json\/wp\/v2\/comments?post=13532"}],"version-history":[{"count":1,"href":"https:\/\/sgvaimudar.com.br\/index.php\/wp-json\/wp\/v2\/posts\/13532\/revisions"}],"predecessor-version":[{"id":13535,"href":"https:\/\/sgvaimudar.com.br\/index.php\/wp-json\/wp\/v2\/posts\/13532\/revisions\/13535"}],"wp:featuredmedia":[{"embeddable":true,"href":"https:\/\/sgvaimudar.com.br\/index.php\/wp-json\/wp\/v2\/media\/13533"}],"wp:attachment":[{"href":"https:\/\/sgvaimudar.com.br\/index.php\/wp-json\/wp\/v2\/media?parent=13532"}],"wp:term":[{"taxonomy":"category","embeddable":true,"href":"https:\/\/sgvaimudar.com.br\/index.php\/wp-json\/wp\/v2\/categories?post=13532"},{"taxonomy":"post_tag","embeddable":true,"href":"https:\/\/sgvaimudar.com.br\/index.php\/wp-json\/wp\/v2\/tags?post=13532"}],"curies":[{"name":"wp","href":"https:\/\/api.w.org\/{rel}","templated":true}]}}