{"id":13518,"date":"2024-10-13T18:00:00","date_gmt":"2024-10-13T21:00:00","guid":{"rendered":"https:\/\/sgvaimudar.com.br\/?p=13518"},"modified":"2024-10-13T11:40:00","modified_gmt":"2024-10-13T14:40:00","slug":"mprj-instaura-inquerito-civil-para-apurar-a-contaminacao-de-pacientes-pelo-virus-hiv-em-transplantes-de-orgaos","status":"publish","type":"post","link":"https:\/\/sgvaimudar.com.br\/index.php\/2024\/10\/13\/mprj-instaura-inquerito-civil-para-apurar-a-contaminacao-de-pacientes-pelo-virus-hiv-em-transplantes-de-orgaos\/","title":{"rendered":"MPRJ instaura inqu\u00e9rito civil para apurar a contamina\u00e7\u00e3o de pacientes pelo v\u00edrus HIV em transplantes de \u00f3rg\u00e3os"},"content":{"rendered":"\n<p>O Minist\u00e9rio P\u00fablico do Estado do Rio de Janeiro (MPRJ), por meio da \u00a05\u00aa Promotoria de Justi\u00e7a de Tutela Coletiva da Sa\u00fade da Capital, instaurou, nesta sexta-feira (11\/10), inqu\u00e9rito civil para apurar as irregularidades noticiadas no programa de transplantes do Estado do Rio de Janeiro.<\/p>\n\n\n\n<p>&#8220;Na data de hoje, in\u00fameras reportagens foram publicadas na imprensa dando conta de supostas contamina\u00e7\u00f5es de seis pacientes transplantados pelo v\u00edrus do HIV, a partir de exames falso-negativos de dois doadores, realizados pelo laborat\u00f3rio de Patologia Cl\u00ednica Doutor Saleme &#8211; PCS de Nova Igua\u00e7u\/RJ, contratado emergencialmente pela Funda\u00e7\u00e3o Sa\u00fade\/Secretaria Estadual de Sa\u00fade em dezembro do ano de 2023&#8221;, diz trecho do documento.<\/p>\n\n\n\n<p>Requer o MPRJ que a Secretaria de Estado de Sa\u00fade envie, no prazo de 15 dias, a c\u00f3pia do laudo de inspe\u00e7\u00e3o da Vigil\u00e2ncia Estadual de Sa\u00fade no Laborat\u00f3rio de Patologia Cl\u00ednica Doutor Saleme &#8211; PCS que ensejou a suspens\u00e3o de suas atividades, bem como das sindic\u00e2ncias instauradas a partir das notifica\u00e7\u00f5es dos eventos adversos de contamina\u00e7\u00e3o dos transplantados, devido a resultados falso-positivos emitidos pelo laborat\u00f3rio. E que a ANVISA tamb\u00e9m forne\u00e7a, no prazo de 15 dias, a c\u00f3pia do laudo de vistoria no laborat\u00f3rio.<\/p>\n\n\n\n<p>O inqu\u00e9rito civil foi instaurado considerando a pol\u00edtica p\u00fablica de sa\u00fade que compete ao Minist\u00e9rio P\u00fablico, e que \u00e9 de compet\u00eancia da 5\u00aa Promotoria de Justi\u00e7a de Tutela Coletiva da Sa\u00fade da Capital o acompanhamento integral das \u00e1reas tem\u00e1ticas de terapia renal substitutiva e transplantes, de acordo com a Resolu\u00e7\u00e3o GPGJ n\u00ba 2091 de 31 de janeiro de 2017.<\/p>\n\n\n\n<p>O MPRJ ressalta que o procedimento est\u00e1 sob sigilo, em raz\u00e3o do envolvimento de dados sens\u00edveis dos pacientes. E que est\u00e1 \u00e0 disposi\u00e7\u00e3o para ouvir as fam\u00edlias afetadas, receber den\u00fancias de quem se sentir lesado e prestar atendimento individualizado \u00e0s partes envolvidas. As den\u00fancias podem ser encaminhadas \u00e0 Ouvidoria por Formul\u00e1rio ou pelo telefone 127.<\/p>\n\n\n\n<p><strong>Improbidade administrativa<\/strong><\/p>\n\n\n\n<p>A respeito das not\u00edcias de que o Laborat\u00f3rio de Patologia Cl\u00ednica Doutor Saleme &#8211; PCS \u00e9 de prima do ex-secret\u00e1rio de Sa\u00fade do Estado, doutor Luizinho, o MPRJ informa que ir\u00e1 investigar a contrata\u00e7\u00e3o em quest\u00e3o, encaminhando o caso para os promotores de Justi\u00e7a de Cidadania. A investiga\u00e7\u00e3o abarcar\u00e1 a an\u00e1lise do dano pelo servi\u00e7o n\u00e3o prestado adequadamente e poss\u00edveis irregularidades na licita\u00e7\u00e3o, em decorr\u00eancia dos v\u00ednculos mencionados.<\/p>\n\n\n\n<p><strong><em><sup>S\u00e3o Gon\u00e7alo Vai Mudar. O Maior Portal da Cidade.<\/sup><\/em><\/strong><\/p>\n\n\n\n<figure class=\"wp-block-image size-full\"><img decoding=\"async\" width=\"251\" height=\"88\" src=\"https:\/\/sgvaimudar.com.br\/wp-content\/uploads\/2023\/08\/Logo.png\" alt=\"\" class=\"wp-image-2738\" \/><\/figure>\n","protected":false},"excerpt":{"rendered":"<p>O Minist\u00e9rio P\u00fablico do Estado do Rio de Janeiro (MPRJ), por meio da \u00a05\u00aa Promotoria de Justi\u00e7a de Tutela Coletiva&hellip;<\/p>\n","protected":false},"author":5,"featured_media":13520,"comment_status":"open","ping_status":"open","sticky":false,"template":"","format":"standard","meta":{"fifu_image_url":"","fifu_image_alt":"","footnotes":""},"categories":[32],"tags":[],"class_list":["post-13518","post","type-post","status-publish","format-standard","has-post-thumbnail","hentry","category-casos-de-policia"],"_links":{"self":[{"href":"https:\/\/sgvaimudar.com.br\/index.php\/wp-json\/wp\/v2\/posts\/13518","targetHints":{"allow":["GET"]}}],"collection":[{"href":"https:\/\/sgvaimudar.com.br\/index.php\/wp-json\/wp\/v2\/posts"}],"about":[{"href":"https:\/\/sgvaimudar.com.br\/index.php\/wp-json\/wp\/v2\/types\/post"}],"author":[{"embeddable":true,"href":"https:\/\/sgvaimudar.com.br\/index.php\/wp-json\/wp\/v2\/users\/5"}],"replies":[{"embeddable":true,"href":"https:\/\/sgvaimudar.com.br\/index.php\/wp-json\/wp\/v2\/comments?post=13518"}],"version-history":[{"count":1,"href":"https:\/\/sgvaimudar.com.br\/index.php\/wp-json\/wp\/v2\/posts\/13518\/revisions"}],"predecessor-version":[{"id":13519,"href":"https:\/\/sgvaimudar.com.br\/index.php\/wp-json\/wp\/v2\/posts\/13518\/revisions\/13519"}],"wp:featuredmedia":[{"embeddable":true,"href":"https:\/\/sgvaimudar.com.br\/index.php\/wp-json\/wp\/v2\/media\/13520"}],"wp:attachment":[{"href":"https:\/\/sgvaimudar.com.br\/index.php\/wp-json\/wp\/v2\/media?parent=13518"}],"wp:term":[{"taxonomy":"category","embeddable":true,"href":"https:\/\/sgvaimudar.com.br\/index.php\/wp-json\/wp\/v2\/categories?post=13518"},{"taxonomy":"post_tag","embeddable":true,"href":"https:\/\/sgvaimudar.com.br\/index.php\/wp-json\/wp\/v2\/tags?post=13518"}],"curies":[{"name":"wp","href":"https:\/\/api.w.org\/{rel}","templated":true}]}}