{"id":13512,"date":"2024-10-13T14:00:00","date_gmt":"2024-10-13T17:00:00","guid":{"rendered":"https:\/\/sgvaimudar.com.br\/?p=13512"},"modified":"2024-10-13T21:25:34","modified_gmt":"2024-10-14T00:25:34","slug":"prefeito-capitao-nelson-revela-que-sao-goncalo-vai-ganhar-unidade-de-saude-com-atendimento-a-criancas-autistas","status":"publish","type":"post","link":"https:\/\/sgvaimudar.com.br\/index.php\/2024\/10\/13\/prefeito-capitao-nelson-revela-que-sao-goncalo-vai-ganhar-unidade-de-saude-com-atendimento-a-criancas-autistas\/","title":{"rendered":"Prefeito Capit\u00e3o Nelson revela que S\u00e3o Gon\u00e7alo vai ganhar unidade de educa\u00e7\u00e3o com atendimento a crian\u00e7as autistas"},"content":{"rendered":"\n<p><em>Anuncio foi feito durante entrevista exclusiva para o Site Enfoco<\/em><\/p>\n\n\n\n<p>Nem bem comemorou a conquista da reelei\u00e7\u00e3o a prefeito em S\u00e3o Gon\u00e7alo e Capit\u00e3o Nelson voltou a apertar o ritmo de servi\u00e7os. Tanto que, durante entrevista para um Site peri\u00f3dico da regi\u00e3o, revelou que no in\u00edcio do pr\u00f3ximo ano vai fazer uma nova unidade de educa\u00e7\u00e3o com atendimento a crian\u00e7as com Transtorno do Espectro Autista (TEA).<\/p>\n\n\n\n<p>Ainda segundo ele, o local j\u00e1 est\u00e1 definido, e as obras t\u00eam previs\u00e3o para come\u00e7ar na virada do ano.&nbsp;De acordo com Capit\u00e3o Nelson, a unidade ser\u00e1 em frente ao 7\u00ba BPM (S\u00e3o Gon\u00e7alo), no Alc\u00e2ntara, onde h\u00e1 um casar\u00e3o abandonado.<\/p>\n\n\n\n<p> &#8220;Vamos despropriar aquele espa\u00e7o e criar uma unidade de sa\u00fade de atendimento a crian\u00e7as com aspectro autista. A licita\u00e7\u00e3o j\u00e1 foi feita, e a previs\u00e3o \u00e9 que as obras comecem assim que virar o ano&#8221;, disse na ocasi\u00e3o.<\/p>\n\n\n\n<p>Capit\u00e3o Nelson teve uma vit\u00f3ria esmagadora nas elei\u00e7\u00f5es:&nbsp;84,49% dos votos. Ele foi o prefeito mais votado do Brasil em cidades com mais de 500 mil habitantes.&nbsp;<\/p>\n\n\n\n<p><em>Com informa\u00e7\u00f5es EnFoco<\/em><\/p>\n\n\n\n<figure class=\"wp-block-image size-full\"><img decoding=\"async\" width=\"251\" height=\"88\" src=\"https:\/\/sgvaimudar.com.br\/wp-content\/uploads\/2023\/08\/Logo.png\" alt=\"\" class=\"wp-image-2738\" \/><\/figure>\n","protected":false},"excerpt":{"rendered":"<p>Anuncio foi feito durante entrevista exclusiva para o Site Enfoco Nem bem comemorou a conquista da reelei\u00e7\u00e3o a prefeito em&hellip;<\/p>\n","protected":false},"author":5,"featured_media":13513,"comment_status":"open","ping_status":"open","sticky":false,"template":"","format":"standard","meta":{"fifu_image_url":"","fifu_image_alt":"","footnotes":""},"categories":[3],"tags":[],"class_list":["post-13512","post","type-post","status-publish","format-standard","has-post-thumbnail","hentry","category-sao-goncalo"],"_links":{"self":[{"href":"https:\/\/sgvaimudar.com.br\/index.php\/wp-json\/wp\/v2\/posts\/13512","targetHints":{"allow":["GET"]}}],"collection":[{"href":"https:\/\/sgvaimudar.com.br\/index.php\/wp-json\/wp\/v2\/posts"}],"about":[{"href":"https:\/\/sgvaimudar.com.br\/index.php\/wp-json\/wp\/v2\/types\/post"}],"author":[{"embeddable":true,"href":"https:\/\/sgvaimudar.com.br\/index.php\/wp-json\/wp\/v2\/users\/5"}],"replies":[{"embeddable":true,"href":"https:\/\/sgvaimudar.com.br\/index.php\/wp-json\/wp\/v2\/comments?post=13512"}],"version-history":[{"count":3,"href":"https:\/\/sgvaimudar.com.br\/index.php\/wp-json\/wp\/v2\/posts\/13512\/revisions"}],"predecessor-version":[{"id":13531,"href":"https:\/\/sgvaimudar.com.br\/index.php\/wp-json\/wp\/v2\/posts\/13512\/revisions\/13531"}],"wp:featuredmedia":[{"embeddable":true,"href":"https:\/\/sgvaimudar.com.br\/index.php\/wp-json\/wp\/v2\/media\/13513"}],"wp:attachment":[{"href":"https:\/\/sgvaimudar.com.br\/index.php\/wp-json\/wp\/v2\/media?parent=13512"}],"wp:term":[{"taxonomy":"category","embeddable":true,"href":"https:\/\/sgvaimudar.com.br\/index.php\/wp-json\/wp\/v2\/categories?post=13512"},{"taxonomy":"post_tag","embeddable":true,"href":"https:\/\/sgvaimudar.com.br\/index.php\/wp-json\/wp\/v2\/tags?post=13512"}],"curies":[{"name":"wp","href":"https:\/\/api.w.org\/{rel}","templated":true}]}}