{"id":13502,"date":"2024-10-13T10:46:24","date_gmt":"2024-10-13T13:46:24","guid":{"rendered":"https:\/\/sgvaimudar.com.br\/?p=13502"},"modified":"2024-10-13T10:49:35","modified_gmt":"2024-10-13T13:49:35","slug":"policiais-do-7obpm-prendem-dois-traficantes-no-bairro-almerinda","status":"publish","type":"post","link":"https:\/\/sgvaimudar.com.br\/index.php\/2024\/10\/13\/policiais-do-7obpm-prendem-dois-traficantes-no-bairro-almerinda\/","title":{"rendered":"Policiais do 7\u00baBPM prendem dois traficantes no bairro Almerinda, um \u00e9 japon\u00eas"},"content":{"rendered":"\n<p><em>Agentes encontraram bandidos vendendo drogas na Rua Vicencio da Silva<\/em><\/p>\n\n\n\n<p>Dois traficantes foram presos em flagrante por policiais militares, na tarde deste s\u00e1bado (12), no bairro Almerinda, em S\u00e3o Gon\u00e7alo.<\/p>\n\n\n\n<p>Segundo a PM, agentes do 7\u00ba BPM (S\u00e3o Gon\u00e7alo) estavam em patrulhamento pela Rua Vicencio da Silva, quando receberam den\u00fancias de que os homens estavam vendendo entorpecentes na \u00e1rea.<\/p>\n\n\n\n<p>Ap\u00f3s chegarem ao local, os policiais detiveram a dupla e apreenderam uma pistola, muni\u00e7\u00f5es, grande quantidade de drogas e um r\u00e1dio. N\u00e3o houve confronto, porque segundo os policiais os criminosos se renderam.<\/p>\n\n\n\n<p>Inclusive, segundo a ocorr\u00eancia, uma dos elemento n\u00e3o apresentou documento brasileiro, o mesmo tem origem japonesa e alega j\u00e1 ter passado pelo tr\u00e1fico em Mato Grosso onde a fam\u00edlia reside, posteriormente veio para o Rio de Janeiro onde entrou para o tr\u00e1fico da rocinha se tornando seguran\u00e7a do traficante \u201cGuedes\u201d, respons\u00e1vel pelo tr\u00e1fico do Anaia e Sapo em S\u00e3o Gon\u00e7alo.<\/p>\n\n\n\n<p>A pol\u00edcia ressaltou  que o local do fato \u00e9 dominada pela Fac\u00e7\u00e3o Comando Vermelho (CV) e frequentemente s\u00e3o alvos de den\u00fancias a \u00f3rg\u00e3os p\u00fablicos, pois traficantes obstruem a entrada do servid\u00e3o da vila de casas, impondo rotina de medo e humilha\u00e7\u00e3o aos moradores locais que s\u00e3o obrigados a se identificar e dar explica\u00e7\u00f5es a criminosos armados que restringem o direito de ir e vir dos mesmos.<\/p>\n\n\n\n<p>&#8220;Dados do setor de intelig\u00eancia, assim como informa\u00e7\u00e3o via disque den\u00fancia informam que as comunidades do 6 Pedal, Colina e Vi\u00fava s\u00e3o dominadas pela Fac\u00e7\u00e3o Comando Vermelho, onde a traficante Roberta da Rosa Vieira, vulgo \u201cBeta\u201d, controla a venda de drogas nos locais, a lideran\u00e7a em quest\u00e3o se encontra no Complexo do Salgueiro onde o traficante Ant\u00f4nio Il\u00e1rio Ferreira, vulgo \u201cRabic\u00f3\u201d, ofereceu abrigo e prote\u00e7\u00e3o contra opera\u00e7\u00f5es policiais&#8221;, disse a PM na ocorr\u00eancia.<\/p>\n\n\n\n<p>O material e os presos, que n\u00e3o tiveram as identidades reveladas, foram encaminhados \u00e0 75\u00aa DP (Rio do Ouro).<\/p>\n\n\n\n<p><strong><em><sup>S\u00e3o Gon\u00e7alo Vai Mudar. O Maior Portal da Cidade.<\/sup><\/em><\/strong><\/p>\n\n\n\n<figure class=\"wp-block-image size-full\"><img decoding=\"async\" width=\"251\" height=\"88\" src=\"https:\/\/sgvaimudar.com.br\/wp-content\/uploads\/2023\/08\/Logo.png\" alt=\"\" class=\"wp-image-2738\" \/><\/figure>\n","protected":false},"excerpt":{"rendered":"<p>Agentes encontraram bandidos vendendo drogas na Rua Vicencio da Silva Dois traficantes foram presos em flagrante por policiais militares, na&hellip;<\/p>\n","protected":false},"author":5,"featured_media":13503,"comment_status":"open","ping_status":"open","sticky":false,"template":"","format":"standard","meta":{"fifu_image_url":"","fifu_image_alt":"","footnotes":""},"categories":[32],"tags":[],"class_list":["post-13502","post","type-post","status-publish","format-standard","has-post-thumbnail","hentry","category-casos-de-policia"],"_links":{"self":[{"href":"https:\/\/sgvaimudar.com.br\/index.php\/wp-json\/wp\/v2\/posts\/13502","targetHints":{"allow":["GET"]}}],"collection":[{"href":"https:\/\/sgvaimudar.com.br\/index.php\/wp-json\/wp\/v2\/posts"}],"about":[{"href":"https:\/\/sgvaimudar.com.br\/index.php\/wp-json\/wp\/v2\/types\/post"}],"author":[{"embeddable":true,"href":"https:\/\/sgvaimudar.com.br\/index.php\/wp-json\/wp\/v2\/users\/5"}],"replies":[{"embeddable":true,"href":"https:\/\/sgvaimudar.com.br\/index.php\/wp-json\/wp\/v2\/comments?post=13502"}],"version-history":[{"count":3,"href":"https:\/\/sgvaimudar.com.br\/index.php\/wp-json\/wp\/v2\/posts\/13502\/revisions"}],"predecessor-version":[{"id":13506,"href":"https:\/\/sgvaimudar.com.br\/index.php\/wp-json\/wp\/v2\/posts\/13502\/revisions\/13506"}],"wp:featuredmedia":[{"embeddable":true,"href":"https:\/\/sgvaimudar.com.br\/index.php\/wp-json\/wp\/v2\/media\/13503"}],"wp:attachment":[{"href":"https:\/\/sgvaimudar.com.br\/index.php\/wp-json\/wp\/v2\/media?parent=13502"}],"wp:term":[{"taxonomy":"category","embeddable":true,"href":"https:\/\/sgvaimudar.com.br\/index.php\/wp-json\/wp\/v2\/categories?post=13502"},{"taxonomy":"post_tag","embeddable":true,"href":"https:\/\/sgvaimudar.com.br\/index.php\/wp-json\/wp\/v2\/tags?post=13502"}],"curies":[{"name":"wp","href":"https:\/\/api.w.org\/{rel}","templated":true}]}}