{"id":13391,"date":"2024-10-11T10:20:06","date_gmt":"2024-10-11T13:20:06","guid":{"rendered":"https:\/\/sgvaimudar.com.br\/?p=13391"},"modified":"2024-10-11T10:22:01","modified_gmt":"2024-10-11T13:22:01","slug":"policiais-do-7obpm-prendem-boladao-da-comunidade-da-viuva-no-apollo-iii","status":"publish","type":"post","link":"https:\/\/sgvaimudar.com.br\/index.php\/2024\/10\/11\/policiais-do-7obpm-prendem-boladao-da-comunidade-da-viuva-no-apollo-iii\/","title":{"rendered":"Policiais do 7\u00baBPM prendem \u2018Bolad\u00e3o\u2019 da Comunidade da Vi\u00fava, no Apollo III"},"content":{"rendered":"\n<p>Apontado como integrante  do tr\u00e1fico de drogas na Comunidade da Vi\u00fava, no Apollo III, em S\u00e3o Gon\u00e7alo, Yuri Mois\u00e9s do Oliveira Mota, o\u00a0<strong>Bolad\u00e3o<\/strong>, 19 anos, foi preso na Rua Jos\u00e9 Gabriel de Souza, S\/N, na manh\u00e3 desta sexta-feira (11\/10), durante uma a\u00e7\u00e3o do Grupo de A\u00e7\u00f5es T\u00e1ticas (GAT), que investiga na localidade os poss\u00edvel envolvidos na morte do motorista estrangeiro, Meletios Barmpas, de 46 anos, que foi baleado em uma tentativa de assalto na RJ-104, na noite de domingo (6).<\/p>\n\n\n\n<figure class=\"wp-block-video\"><video height=\"1280\" style=\"aspect-ratio: 720 \/ 1280;\" width=\"720\" controls src=\"https:\/\/sgvaimudar.com.br\/wp-content\/uploads\/2024\/10\/WhatsApp-Video-2024-10-11-at-09.39.13.mp4\"><\/video><\/figure>\n\n\n\n<p>De acordo com policiais do GAT,\u00a0<strong>Bolad\u00e3o<\/strong>\u00a0foi preso ap\u00f3s confronto entre os criminosos com a pol\u00edcia. &#8220;Ap\u00f3s os disparos as equipes\u00a0iniciaram vasculhamento da comunidade onde foi localizado o acusado no interior da comunidade, com um r\u00e1dio transmissor e drogas e pr\u00f3ximo a ele uma motocicleta Honda Bros Placa RIV6G07 roubada com a chave na igni\u00e7\u00e3o&#8221;, disse a PM na nota.<\/p>\n\n\n\n<p><strong><em><sub>S\u00e3o Gon\u00e7alo Vai Mudar. O Maior Portal da Cidade.<\/sub><\/em><\/strong><\/p>\n\n\n\n<figure class=\"wp-block-image size-full\"><img decoding=\"async\" width=\"251\" height=\"88\" src=\"https:\/\/sgvaimudar.com.br\/wp-content\/uploads\/2023\/08\/Logo.png\" alt=\"\" class=\"wp-image-2738\" \/><\/figure>\n\n\n\n<p><\/p>\n","protected":false},"excerpt":{"rendered":"<p>Apontado como integrante do tr\u00e1fico de drogas na Comunidade da Vi\u00fava, no Apollo III, em S\u00e3o Gon\u00e7alo, Yuri Mois\u00e9s do&hellip;<\/p>\n","protected":false},"author":5,"featured_media":13396,"comment_status":"open","ping_status":"open","sticky":false,"template":"","format":"standard","meta":{"fifu_image_url":"","fifu_image_alt":"","footnotes":""},"categories":[32],"tags":[],"class_list":["post-13391","post","type-post","status-publish","format-standard","has-post-thumbnail","hentry","category-casos-de-policia"],"_links":{"self":[{"href":"https:\/\/sgvaimudar.com.br\/index.php\/wp-json\/wp\/v2\/posts\/13391","targetHints":{"allow":["GET"]}}],"collection":[{"href":"https:\/\/sgvaimudar.com.br\/index.php\/wp-json\/wp\/v2\/posts"}],"about":[{"href":"https:\/\/sgvaimudar.com.br\/index.php\/wp-json\/wp\/v2\/types\/post"}],"author":[{"embeddable":true,"href":"https:\/\/sgvaimudar.com.br\/index.php\/wp-json\/wp\/v2\/users\/5"}],"replies":[{"embeddable":true,"href":"https:\/\/sgvaimudar.com.br\/index.php\/wp-json\/wp\/v2\/comments?post=13391"}],"version-history":[{"count":3,"href":"https:\/\/sgvaimudar.com.br\/index.php\/wp-json\/wp\/v2\/posts\/13391\/revisions"}],"predecessor-version":[{"id":13399,"href":"https:\/\/sgvaimudar.com.br\/index.php\/wp-json\/wp\/v2\/posts\/13391\/revisions\/13399"}],"wp:featuredmedia":[{"embeddable":true,"href":"https:\/\/sgvaimudar.com.br\/index.php\/wp-json\/wp\/v2\/media\/13396"}],"wp:attachment":[{"href":"https:\/\/sgvaimudar.com.br\/index.php\/wp-json\/wp\/v2\/media?parent=13391"}],"wp:term":[{"taxonomy":"category","embeddable":true,"href":"https:\/\/sgvaimudar.com.br\/index.php\/wp-json\/wp\/v2\/categories?post=13391"},{"taxonomy":"post_tag","embeddable":true,"href":"https:\/\/sgvaimudar.com.br\/index.php\/wp-json\/wp\/v2\/tags?post=13391"}],"curies":[{"name":"wp","href":"https:\/\/api.w.org\/{rel}","templated":true}]}}