{"id":13332,"date":"2024-10-10T18:00:00","date_gmt":"2024-10-10T21:00:00","guid":{"rendered":"https:\/\/sgvaimudar.com.br\/?p=13332"},"modified":"2024-10-10T09:32:19","modified_gmt":"2024-10-10T12:32:19","slug":"sao-goncalo-vai-garantir-casa-propria-para-800-familias","status":"publish","type":"post","link":"https:\/\/sgvaimudar.com.br\/index.php\/2024\/10\/10\/sao-goncalo-vai-garantir-casa-propria-para-800-familias\/","title":{"rendered":"S\u00e3o Gon\u00e7alo vai garantir casa pr\u00f3pria para 800 fam\u00edlias"},"content":{"rendered":"\n<p><em>Secretaria de Habita\u00e7\u00e3o inicia chamamento de beneficiados pelo MCMV<\/em><\/p>\n\n\n\n<p>Nos pr\u00f3ximos meses, 800 fam\u00edlias gon\u00e7alenses v\u00e3o realizar o sonho de ter uma casa pr\u00f3pria. A Secretaria de Habita\u00e7\u00e3o da Prefeitura de S\u00e3o Gon\u00e7alo deu in\u00edcio ao processo de chamamento para o empreendimento do Minha Casa Minha Vida \u201cCidade Verde I, III e IV\u201d, no Anaia.<\/p>\n\n\n\n<figure class=\"wp-block-image size-full\"><img fetchpriority=\"high\" decoding=\"async\" width=\"1024\" height=\"683\" src=\"https:\/\/sgvaimudar.com.br\/wp-content\/uploads\/2024\/10\/unnamed-9.jpg\" alt=\"\" class=\"wp-image-13333\" srcset=\"https:\/\/sgvaimudar.com.br\/wp-content\/uploads\/2024\/10\/unnamed-9.jpg 1024w, https:\/\/sgvaimudar.com.br\/wp-content\/uploads\/2024\/10\/unnamed-9-300x200.jpg 300w, https:\/\/sgvaimudar.com.br\/wp-content\/uploads\/2024\/10\/unnamed-9-768x512.jpg 768w\" sizes=\"(max-width: 1024px) 100vw, 1024px\" \/><\/figure>\n\n\n\n<p>A listagem com os nomes dos convocados foi publicada no Di\u00e1rio Oficial desta quarta-feira (9). A previs\u00e3o \u00e9 de que as resid\u00eancias sejam entregues em junho de 2025.\u00a0Os beneficiados dever\u00e3o apresentar os documentos, listados no Di\u00e1rio Oficial (\u00a0<a rel=\"noreferrer noopener\" href=\"https:\/\/click.cse360.com.br\/Click\/AddCampaignEmailClick\/13f4b05c-c9b4-46e8-8ef8-08dce85119f5\/https%253a%252f%252fdo.pmsg.rj.gov.br%252fdiario%252f2024_10_09.pdf\/ab15f8fa-85b2-46af-ac93-a83d37a01593\/gutoaguia@gmail.com\/False\" target=\"_blank\"><u>https:\/\/do.pmsg.rj.gov.br\/diario\/2024_10_09.pdf<\/u><\/a>\u00a0), para o in\u00edcio da montagem do dossi\u00ea que ser\u00e1 analisado pela Caixa Econ\u00f4mica Federal.\u00a0\u00a0<\/p>\n\n\n\n<figure class=\"wp-block-image size-full\"><img decoding=\"async\" width=\"1024\" height=\"683\" src=\"https:\/\/sgvaimudar.com.br\/wp-content\/uploads\/2024\/10\/unnamed-8.jpg\" alt=\"\" class=\"wp-image-13334\" srcset=\"https:\/\/sgvaimudar.com.br\/wp-content\/uploads\/2024\/10\/unnamed-8.jpg 1024w, https:\/\/sgvaimudar.com.br\/wp-content\/uploads\/2024\/10\/unnamed-8-300x200.jpg 300w, https:\/\/sgvaimudar.com.br\/wp-content\/uploads\/2024\/10\/unnamed-8-768x512.jpg 768w\" sizes=\"(max-width: 1024px) 100vw, 1024px\" \/><\/figure>\n\n\n\n<p>Ao todo, s\u00e3o 800 unidades, divididas em tr\u00eas blocos, com dois quartos, sala, banheiro e cozinha. Atualmente, o empreendimento est\u00e1 em fase de finaliza\u00e7\u00e3o, com 90% da obra conclu\u00edda. Est\u00e3o sendo realizadas pinturas e cer\u00e2mica, servi\u00e7os de rede el\u00e9trica e hidr\u00e1ulica, entre outros detalhes e ajustes.&nbsp;<\/p>\n\n\n\n<p>As unidades estavam h\u00e1 seis anos com as obras paradas ap\u00f3s abandono da antiga empreiteira. A Caixa Econ\u00f4mica Federal realizou uma nova licita\u00e7\u00e3o, vencida no fim de 2023, e as interven\u00e7\u00f5es foram retomadas em mar\u00e7o deste ano. Os benefici\u00e1rios do chamamento s\u00e3o pessoas que j\u00e1 estavam inscritas no Cidade Verde e as que est\u00e3o com casas interditadas, de acordo com o ranking estabelecido pelo programa Minha Casa Minha Vida.&nbsp;<\/p>\n\n\n\n<p>&#8220;Fico muito emocionada ao ver o andamento da obra desse empreendimento. Oitocentas fam\u00edlias ter\u00e3o seus sonhos realizados, com a oportunidade de viver em seguran\u00e7a. Demos in\u00edcio ao chamamento para&nbsp;encaminhar os dados para a Caixa, que far\u00e1 a an\u00e1lise, dentro de par\u00e2metros e crit\u00e9rios t\u00e9cnicos&#8221;, disse Gabriela Almeida, subsecretaria de Habita\u00e7\u00e3o durante visita t\u00e9cnica na unidade, na manh\u00e3 desta quarta-feira (9).&nbsp;&nbsp;<\/p>\n\n\n\n<p>Os beneficiados devem comparecer com os documentos listados na sede da Secretaria de Habita\u00e7\u00e3o, que fica na Avenida Presidente Kennedy, 425, no Centro (Partage Shopping), a partir da pr\u00f3xima segunda (14), das 10h \u00e0s 14h, nos dias determinados para cada grupo na lista divulgada no Di\u00e1rio Oficial.&nbsp;<\/p>\n\n\n\n<p><em>Fotos: Fabio Guimar\u00e3es<\/em><\/p>\n\n\n\n<p><strong><em><sup>S\u00e3o Gon\u00e7alo Vai Mudar. O Maior Portal da Cidade.<\/sup><\/em><\/strong><\/p>\n\n\n\n<figure class=\"wp-block-image size-full\"><img decoding=\"async\" width=\"251\" height=\"88\" src=\"https:\/\/sgvaimudar.com.br\/wp-content\/uploads\/2023\/08\/Logo.png\" alt=\"\" class=\"wp-image-2738\" \/><\/figure>\n","protected":false},"excerpt":{"rendered":"<p>Secretaria de Habita\u00e7\u00e3o inicia chamamento de beneficiados pelo MCMV Nos pr\u00f3ximos meses, 800 fam\u00edlias gon\u00e7alenses v\u00e3o realizar o sonho de&hellip;<\/p>\n","protected":false},"author":5,"featured_media":13335,"comment_status":"open","ping_status":"open","sticky":false,"template":"","format":"standard","meta":{"fifu_image_url":"","fifu_image_alt":"","footnotes":""},"categories":[3],"tags":[],"class_list":["post-13332","post","type-post","status-publish","format-standard","has-post-thumbnail","hentry","category-sao-goncalo"],"_links":{"self":[{"href":"https:\/\/sgvaimudar.com.br\/index.php\/wp-json\/wp\/v2\/posts\/13332","targetHints":{"allow":["GET"]}}],"collection":[{"href":"https:\/\/sgvaimudar.com.br\/index.php\/wp-json\/wp\/v2\/posts"}],"about":[{"href":"https:\/\/sgvaimudar.com.br\/index.php\/wp-json\/wp\/v2\/types\/post"}],"author":[{"embeddable":true,"href":"https:\/\/sgvaimudar.com.br\/index.php\/wp-json\/wp\/v2\/users\/5"}],"replies":[{"embeddable":true,"href":"https:\/\/sgvaimudar.com.br\/index.php\/wp-json\/wp\/v2\/comments?post=13332"}],"version-history":[{"count":1,"href":"https:\/\/sgvaimudar.com.br\/index.php\/wp-json\/wp\/v2\/posts\/13332\/revisions"}],"predecessor-version":[{"id":13336,"href":"https:\/\/sgvaimudar.com.br\/index.php\/wp-json\/wp\/v2\/posts\/13332\/revisions\/13336"}],"wp:featuredmedia":[{"embeddable":true,"href":"https:\/\/sgvaimudar.com.br\/index.php\/wp-json\/wp\/v2\/media\/13335"}],"wp:attachment":[{"href":"https:\/\/sgvaimudar.com.br\/index.php\/wp-json\/wp\/v2\/media?parent=13332"}],"wp:term":[{"taxonomy":"category","embeddable":true,"href":"https:\/\/sgvaimudar.com.br\/index.php\/wp-json\/wp\/v2\/categories?post=13332"},{"taxonomy":"post_tag","embeddable":true,"href":"https:\/\/sgvaimudar.com.br\/index.php\/wp-json\/wp\/v2\/tags?post=13332"}],"curies":[{"name":"wp","href":"https:\/\/api.w.org\/{rel}","templated":true}]}}