{"id":13320,"date":"2024-10-10T13:00:00","date_gmt":"2024-10-10T16:00:00","guid":{"rendered":"https:\/\/sgvaimudar.com.br\/?p=13320"},"modified":"2024-10-10T08:57:20","modified_gmt":"2024-10-10T11:57:20","slug":"itaborai-promove-festa-das-criancas-em-pracas-do-centro-manilha-e-itambi-neste-sabado-12-10","status":"publish","type":"post","link":"https:\/\/sgvaimudar.com.br\/index.php\/2024\/10\/10\/itaborai-promove-festa-das-criancas-em-pracas-do-centro-manilha-e-itambi-neste-sabado-12-10\/","title":{"rendered":"Itabora\u00ed promove festa das crian\u00e7as em pra\u00e7as do Centro, Manilha e Itambi neste s\u00e1bado (12\/10)"},"content":{"rendered":"\n<p>Celebrado anualmente no dia 12 de outubro, o Dia das Crian\u00e7as em Itabora\u00ed contar\u00e1 com muita divers\u00e3o e atividades, neste s\u00e1bado (12\/10). A festa acontecer\u00e1 nas pra\u00e7as Marechal Floriano Peixoto, no Centro; Jair Lopes da Silva, em Manilha; e na Pra\u00e7a de Itambi. Com uma programa\u00e7\u00e3o pensada para a crian\u00e7ada, o evento ter\u00e1 show musical, brinquedos infl\u00e1veis e muito mais. A celebra\u00e7\u00e3o ser\u00e1 promovida pela Prefeitura de Itabora\u00ed, por meio da Secretaria Municipal de Turismo e Eventos.<\/p>\n\n\n\n<figure class=\"wp-block-image size-full\"><img fetchpriority=\"high\" decoding=\"async\" width=\"904\" height=\"511\" src=\"https:\/\/sgvaimudar.com.br\/wp-content\/uploads\/2024\/10\/Mais-uma-area-de-lazer-revitalizada-para-a-populacao\ud83d\udeddHoje-05-07-foi-entregue-a-revitalizacao-da-Praca-Antonio-Claro-da-Costa-em-Ampliacao.-A-cerimonia-de-entrega-contou-com-a-presenca-do-prefeito-de-Itabor.jpg\" alt=\"\" class=\"wp-image-13322\" srcset=\"https:\/\/sgvaimudar.com.br\/wp-content\/uploads\/2024\/10\/Mais-uma-area-de-lazer-revitalizada-para-a-populacao\ud83d\udeddHoje-05-07-foi-entregue-a-revitalizacao-da-Praca-Antonio-Claro-da-Costa-em-Ampliacao.-A-cerimonia-de-entrega-contou-com-a-presenca-do-prefeito-de-Itabor.jpg 904w, https:\/\/sgvaimudar.com.br\/wp-content\/uploads\/2024\/10\/Mais-uma-area-de-lazer-revitalizada-para-a-populacao\ud83d\udeddHoje-05-07-foi-entregue-a-revitalizacao-da-Praca-Antonio-Claro-da-Costa-em-Ampliacao.-A-cerimonia-de-entrega-contou-com-a-presenca-do-prefeito-de-Itabor-300x170.jpg 300w, https:\/\/sgvaimudar.com.br\/wp-content\/uploads\/2024\/10\/Mais-uma-area-de-lazer-revitalizada-para-a-populacao\ud83d\udeddHoje-05-07-foi-entregue-a-revitalizacao-da-Praca-Antonio-Claro-da-Costa-em-Ampliacao.-A-cerimonia-de-entrega-contou-com-a-presenca-do-prefeito-de-Itabor-768x434.jpg 768w\" sizes=\"(max-width: 904px) 100vw, 904px\" \/><\/figure>\n\n\n\n<p>Com in\u00edcio marcado para \u00e0s 14h, nas &nbsp;tr\u00eas pra\u00e7as, a festa contar\u00e1 com atividades at\u00e9 \u00e0s 19h. O prefeito de Itabora\u00ed, Marcelo Delaroli, destaca a import\u00e2ncia desta celebra\u00e7\u00e3o, que une centenas de fam\u00edlias itaboraienses.<\/p>\n\n\n\n<p>\u201cPensamos nessa programa\u00e7\u00e3o com todo o carinho e cuidado, para levar muita divers\u00e3o pra turminha da nossa cidade. \u00c9 lindo ver tantas fam\u00edlias unidas, brincando e celebrando a vida das nossas crian\u00e7as\u201d, enfatizou o prefeito.<\/p>\n\n\n\n<p>A secret\u00e1ria municipal de Turismo e Eventos, Thain\u00e1 Teixeira, refor\u00e7ou que o dia 12 de outubro foi pensado para o p\u00fablico infantil e para toda a fam\u00edlia.<\/p>\n\n\n\n<p>\u201cEssa programa\u00e7\u00e3o foi pensada para que os pais e respons\u00e1veis tenham um tempo de qualidade para aproveitar o feriado com as suas crian\u00e7as. Tudo est\u00e1 sendo montado exclusivamente para a crian\u00e7ada. Ser\u00e1 um dia muito especial, de muita alegria e divers\u00e3o nas tr\u00eas pra\u00e7as\u201d, destacou a secret\u00e1ria.<\/p>\n\n\n\n<p><strong>Servi\u00e7o<\/strong><\/p>\n\n\n\n<p>Programa\u00e7\u00e3o: Dia das Crian\u00e7as\u2028<br><strong>Data:&nbsp;<\/strong>12 de outubro\u2028<\/p>\n\n\n\n<p><strong>Hor\u00e1rio:<\/strong>&nbsp;a partir de 14h\u2028<\/p>\n\n\n\n<p><strong>Local:<\/strong>\u00a0Pra\u00e7a Marechal Floriano Peixoto, no Centro; Pra\u00e7a Jair Lopes da Silva, em Manilha, e Pra\u00e7a de Itambi.<\/p>\n\n\n\n<p><strong><em><sup>S\u00e3o Gon\u00e7alo Vai Mudar. O Maior Portal da Cidade.<\/sup><\/em><\/strong><\/p>\n\n\n\n<figure class=\"wp-block-image size-full\"><img decoding=\"async\" width=\"251\" height=\"88\" src=\"https:\/\/sgvaimudar.com.br\/wp-content\/uploads\/2023\/08\/Logo.png\" alt=\"\" class=\"wp-image-2738\" \/><\/figure>\n","protected":false},"excerpt":{"rendered":"<p>Celebrado anualmente no dia 12 de outubro, o Dia das Crian\u00e7as em Itabora\u00ed contar\u00e1 com muita divers\u00e3o e atividades, neste&hellip;<\/p>\n","protected":false},"author":5,"featured_media":13323,"comment_status":"open","ping_status":"open","sticky":false,"template":"","format":"standard","meta":{"fifu_image_url":"","fifu_image_alt":"","footnotes":""},"categories":[6],"tags":[],"class_list":["post-13320","post","type-post","status-publish","format-standard","has-post-thumbnail","hentry","category-entretenimento"],"_links":{"self":[{"href":"https:\/\/sgvaimudar.com.br\/index.php\/wp-json\/wp\/v2\/posts\/13320","targetHints":{"allow":["GET"]}}],"collection":[{"href":"https:\/\/sgvaimudar.com.br\/index.php\/wp-json\/wp\/v2\/posts"}],"about":[{"href":"https:\/\/sgvaimudar.com.br\/index.php\/wp-json\/wp\/v2\/types\/post"}],"author":[{"embeddable":true,"href":"https:\/\/sgvaimudar.com.br\/index.php\/wp-json\/wp\/v2\/users\/5"}],"replies":[{"embeddable":true,"href":"https:\/\/sgvaimudar.com.br\/index.php\/wp-json\/wp\/v2\/comments?post=13320"}],"version-history":[{"count":1,"href":"https:\/\/sgvaimudar.com.br\/index.php\/wp-json\/wp\/v2\/posts\/13320\/revisions"}],"predecessor-version":[{"id":13324,"href":"https:\/\/sgvaimudar.com.br\/index.php\/wp-json\/wp\/v2\/posts\/13320\/revisions\/13324"}],"wp:featuredmedia":[{"embeddable":true,"href":"https:\/\/sgvaimudar.com.br\/index.php\/wp-json\/wp\/v2\/media\/13323"}],"wp:attachment":[{"href":"https:\/\/sgvaimudar.com.br\/index.php\/wp-json\/wp\/v2\/media?parent=13320"}],"wp:term":[{"taxonomy":"category","embeddable":true,"href":"https:\/\/sgvaimudar.com.br\/index.php\/wp-json\/wp\/v2\/categories?post=13320"},{"taxonomy":"post_tag","embeddable":true,"href":"https:\/\/sgvaimudar.com.br\/index.php\/wp-json\/wp\/v2\/tags?post=13320"}],"curies":[{"name":"wp","href":"https:\/\/api.w.org\/{rel}","templated":true}]}}