{"id":13274,"date":"2024-10-09T12:00:00","date_gmt":"2024-10-09T15:00:00","guid":{"rendered":"https:\/\/sgvaimudar.com.br\/?p=13274"},"modified":"2024-10-09T11:56:25","modified_gmt":"2024-10-09T14:56:25","slug":"com-60-de-obras-concluidas-nos-trechos-1-e-2-muvi-ganha-iluminacao-especial","status":"publish","type":"post","link":"https:\/\/sgvaimudar.com.br\/index.php\/2024\/10\/09\/com-60-de-obras-concluidas-nos-trechos-1-e-2-muvi-ganha-iluminacao-especial\/","title":{"rendered":"Com 60% de obras conclu\u00eddas nos trechos 1 e 2, Muvi ganha ilumina\u00e7\u00e3o especial"},"content":{"rendered":"\n<p><em>Corredor expresso de S\u00e3o Gon\u00e7alo recebe projeto com l\u00e2mpadas de Led<\/em><\/p>\n\n\n\n<p>O maior projeto de Mobilidade Urbana Verde Integrada de S\u00e3o Gon\u00e7alo, mais conhecido como Muvi, executado pelo Governo do Estado, o  corredor expresso que liga Neves a Guaxindiba, atingiu 36% de conclus\u00e3o das obras totais, incluindo a nova ilumina\u00e7\u00e3o com l\u00e2mpadas de Led.<\/p>\n\n\n\n<figure class=\"wp-block-image size-large\"><img fetchpriority=\"high\" decoding=\"async\" width=\"1024\" height=\"682\" src=\"https:\/\/sgvaimudar.com.br\/wp-content\/uploads\/2024\/10\/18.46.24-1024x682.jpeg\" alt=\"\" class=\"wp-image-13275\" srcset=\"https:\/\/sgvaimudar.com.br\/wp-content\/uploads\/2024\/10\/18.46.24-1024x682.jpeg 1024w, https:\/\/sgvaimudar.com.br\/wp-content\/uploads\/2024\/10\/18.46.24-300x200.jpeg 300w, https:\/\/sgvaimudar.com.br\/wp-content\/uploads\/2024\/10\/18.46.24-768x512.jpeg 768w, https:\/\/sgvaimudar.com.br\/wp-content\/uploads\/2024\/10\/18.46.24-1536x1023.jpeg 1536w, https:\/\/sgvaimudar.com.br\/wp-content\/uploads\/2024\/10\/18.46.24.jpeg 1600w\" sizes=\"(max-width: 1024px) 100vw, 1024px\" \/><\/figure>\n\n\n\n<p>O projeto, gerido pela Secretaria das Cidades, j\u00e1 est\u00e1 implantado nos trechos 1 e 2, a partir dos bairros Para\u00edso at\u00e9 o Porto da Madama, e foi aprovado pelos moradores da regi\u00e3o. Nos trechos 1 e 2, a obra est\u00e1 60% conclu\u00edda.<br>\u2013 Cada avan\u00e7o desta obra \u00e9 motivo de orgulho e de dever sendo cumprido. Esse corredor expresso vai beneficiar n\u00e3o s\u00f3 quem mora na regi\u00e3o, mas tamb\u00e9m quem passa por ali, que vai ter um tr\u00e2nsito melhor, mais r\u00e1pido e mais seguro. Investimos em infraestrutura, gerando emprego e modernizando nosso estado, o que atrai mais oportunidades para nossa gente &#8211; explica o governador Cl\u00e1udio Castro.<br>Os trechos 1 e 2 do Muvi j\u00e1 recebem moradores que se beneficiam das interven\u00e7\u00f5es para a pr\u00e1tica de exerc\u00edcios, tanto na ciclovia, quanto nas novas cal\u00e7adas, cen\u00e1rio que agora pode ser visto tamb\u00e9m durante a noite com a nova ilumina\u00e7\u00e3o, o que gera mais seguran\u00e7a, conforto e bem-estar aos frequentadores. O projeto ainda n\u00e3o est\u00e1 finalizado e novas lumin\u00e1rias ainda ser\u00e3o instaladas em diversos pontos.<br>\u2013 Requalificamos o MUVI e aproveitamos a antiga linha f\u00e9rrea como parte do trajeto, atraindo movimenta\u00e7\u00e3o novamente. Quem circula pelo percurso vai perceber um ambiente muito mais claro e com mais infraestrutura. Estamos levando sa\u00fade, bem-estar e seguran\u00e7a para o morador \u2013 comemora o secret\u00e1rio de Estado das Cidades, Douglas Ruas.<strong>Projeto nota 10<\/strong><br>Pedestres e praticantes de atividades f\u00edsicas elogiaram o novo ambiente. Foi o caso da fot\u00f3grafa Ros\u00e2ngela Santos, de 55 anos, que pratica exerc\u00edcio no local h\u00e1 mais de um ano, e ficou feliz com a nova apar\u00eancia do local.<br>\u2013 Acompanhei todo o processo de obra. A rua est\u00e1 \u00f3tima, com ilumina\u00e7\u00e3o boa. A gente se sente mais seguro e protegido porque est\u00e1 mais iluminado. Aqui tem sempre muita gente caminhando, muito movimento, e fica mais confort\u00e1vel \u2013 contou.<br><strong>Sobre o Muvi<\/strong><br>O MUVI ser\u00e1 um corredor vi\u00e1rio de Guaxindiba at\u00e9 Neves, cortando mais de 18 bairros, composto por ciclovias, \u00e1reas verdes e de conviv\u00eancia, al\u00e9m de proporcionar o fluxo de tr\u00e2nsito mais seguro e rapidez nos deslocamentos. A obra \u00e9 uma parceria do Governo do Estado, atrav\u00e9s da Secretaria das Cidades, com a Prefeitura de S\u00e3o Gon\u00e7alo.<\/p>\n","protected":false},"excerpt":{"rendered":"<p>Corredor expresso de S\u00e3o Gon\u00e7alo recebe projeto com l\u00e2mpadas de Led O maior projeto de Mobilidade Urbana Verde Integrada de&hellip;<\/p>\n","protected":false},"author":5,"featured_media":13276,"comment_status":"open","ping_status":"open","sticky":false,"template":"","format":"standard","meta":{"fifu_image_url":"","fifu_image_alt":"","footnotes":""},"categories":[3],"tags":[],"class_list":["post-13274","post","type-post","status-publish","format-standard","has-post-thumbnail","hentry","category-sao-goncalo"],"_links":{"self":[{"href":"https:\/\/sgvaimudar.com.br\/index.php\/wp-json\/wp\/v2\/posts\/13274","targetHints":{"allow":["GET"]}}],"collection":[{"href":"https:\/\/sgvaimudar.com.br\/index.php\/wp-json\/wp\/v2\/posts"}],"about":[{"href":"https:\/\/sgvaimudar.com.br\/index.php\/wp-json\/wp\/v2\/types\/post"}],"author":[{"embeddable":true,"href":"https:\/\/sgvaimudar.com.br\/index.php\/wp-json\/wp\/v2\/users\/5"}],"replies":[{"embeddable":true,"href":"https:\/\/sgvaimudar.com.br\/index.php\/wp-json\/wp\/v2\/comments?post=13274"}],"version-history":[{"count":1,"href":"https:\/\/sgvaimudar.com.br\/index.php\/wp-json\/wp\/v2\/posts\/13274\/revisions"}],"predecessor-version":[{"id":13277,"href":"https:\/\/sgvaimudar.com.br\/index.php\/wp-json\/wp\/v2\/posts\/13274\/revisions\/13277"}],"wp:featuredmedia":[{"embeddable":true,"href":"https:\/\/sgvaimudar.com.br\/index.php\/wp-json\/wp\/v2\/media\/13276"}],"wp:attachment":[{"href":"https:\/\/sgvaimudar.com.br\/index.php\/wp-json\/wp\/v2\/media?parent=13274"}],"wp:term":[{"taxonomy":"category","embeddable":true,"href":"https:\/\/sgvaimudar.com.br\/index.php\/wp-json\/wp\/v2\/categories?post=13274"},{"taxonomy":"post_tag","embeddable":true,"href":"https:\/\/sgvaimudar.com.br\/index.php\/wp-json\/wp\/v2\/tags?post=13274"}],"curies":[{"name":"wp","href":"https:\/\/api.w.org\/{rel}","templated":true}]}}