{"id":13229,"date":"2024-10-09T07:44:52","date_gmt":"2024-10-09T10:44:52","guid":{"rendered":"https:\/\/sgvaimudar.com.br\/?p=13229"},"modified":"2024-10-09T07:44:52","modified_gmt":"2024-10-09T10:44:52","slug":"copa-do-brasil-processos-de-vasco-e-corinthians-vao-ser-julgados-pelo-stjd-na-sexta-feira","status":"publish","type":"post","link":"https:\/\/sgvaimudar.com.br\/index.php\/2024\/10\/09\/copa-do-brasil-processos-de-vasco-e-corinthians-vao-ser-julgados-pelo-stjd-na-sexta-feira\/","title":{"rendered":"Copa do Brasil: processos de Vasco e Corinthians v\u00e3o ser julgados pelo STJD na sexta-feira"},"content":{"rendered":"\n<p><em>Vasca\u00ednos e corintianos s\u00e3o contra invers\u00e3o da tabela promovida pela CBF em jogos contra Atl\u00e9tico-MG e Flamengo, respectivamente<\/em><\/p>\n\n\n\n<p>O Superior Tribunal de Justi\u00e7a Desportiva vai julgar na sexta-feira as Medidas Inominadas do Vasco e do Corinthians contra o adiamento de jogos das semifinais da Copa do Brasil. A invers\u00e3o da tabela com o Campeonato Brasileiro foi pedida pelo Atl\u00e9tico-MG, advers\u00e1rio dos vasca\u00ednos, e o Flamengo, rival corintiano, e atendida pela CBF antes das partidas de ida da competi\u00e7\u00e3o.<\/p>\n\n\n\n<p>O departamento de competi\u00e7\u00f5es da CBF \u00e9 citado como &#8220;recorrido&#8221; &#8211; a quem se recorre de uma decis\u00e3o &#8211; na pauta do STJD. Confira a pauta divulgada pelo site do tribunal<\/p>\n\n\n\n<ul class=\"wp-block-list\">\n<li>Processo n\u00ba 275\/2024 &#8211; Medida Inominada &#8211; Requerente: Vasco da Gama &#8211; Requerido: J\u00falio Avellar, Diretor do Departamento de Competi\u00e7\u00f5es da CBF. Terceiro interessado: CA Mineiro. Em conex\u00e3o com<\/li>\n\n\n\n<li>Processo n\u00ba 276\/2024 &#8211; Medida Inominada &#8211; Requerente: SC Corinthians Paulista &#8211; Requerido: J\u00falio Avellar, Diretor do Departamento de Competi\u00e7\u00f5es da CBF. Terceiro interessado: CR Flamengo.<\/li>\n<\/ul>\n\n\n\n<p>O auditor relator dos casos \u00e9 o mesmo, Maxwell Borges de Moura Vieira.<\/p>\n\n\n\n<p>Os clubes se baseiam em artigos do Regulamento Geral de Competi\u00e7\u00f5es (RGC) para ir ao tribunal desportivo. Alegam os departamentos jur\u00eddicos o seguinte:<\/p>\n\n\n\n<ul class=\"wp-block-list\">\n<li>As datas-base da Copa do Brasil foram divulgadas no dia 5 de janeiro e, conforme o regulamento da CBF, &#8220;compete \u00e0 DCO&#8230; elaborar e fazer cumprir o Calend\u00e1rio Anual das Competi\u00e7\u00f5es e suas respectivas tabelas&#8221;;<\/li>\n\n\n\n<li>Perder atleta por Data Fifa n\u00e3o \u00e9 motivo para mudar dia de jogo, como consta no regulamento: &#8220;A convoca\u00e7\u00e3o de atletas para integrar sele\u00e7\u00f5es nacionais n\u00e3o assegura aos seus clubes o direito de alterar as datas de suas partidas em competi\u00e7\u00f5es&#8221;;<\/li>\n\n\n\n<li>As partes que podem pedir mudan\u00e7a na data de uma partida s\u00e3o: clube mandante, federa\u00e7\u00e3o mandante ou detentor dos direitos de transmiss\u00e3o. Vasco e Corinthians alegam que o pedido veio dos visitantes.<\/li>\n<\/ul>\n\n\n\n<p>Do lado do Fla e Atl\u00e9tico MG, os clubes citam preju\u00edzo por s\u00e9rie de jogadores convocados que iriam jogar as partidas decisivas logo em seguida da Data Fifa.<\/p>\n\n\n\n<h2 class=\"wp-block-heading\">JOGOS DE IDA:<\/h2>\n\n\n\n<p><strong>2 de outubro<\/strong><\/p>\n\n\n\n<ul class=\"wp-block-list\">\n<li>Atl\u00e9tico-MG 2 x 1 Vasco<\/li>\n\n\n\n<li>Flamengo 1 x 0 Corinthians<\/li>\n<\/ul>\n\n\n\n<h2 class=\"wp-block-heading\">JOGOS DE VOLTA:<\/h2>\n\n\n\n<p><strong>19 de outubro<\/strong><\/p>\n\n\n\n<ul class=\"wp-block-list\">\n<li>18h30 &#8211; Vasco x Atl\u00e9tico-MG<\/li>\n<\/ul>\n\n\n\n<p><strong>20 de outubro<\/strong><\/p>\n\n\n\n<ul class=\"wp-block-list\">\n<li>16h &#8211; Corinthians x Flamengo.<\/li>\n<\/ul>\n\n\n\n<p><strong><em><sup>S\u00e3o Gon\u00e7alo Vai Mudar. O Maior Portal da Cidade.<\/sup><\/em><\/strong><\/p>\n\n\n\n<p><em>Fonte: gE<\/em><\/p>\n\n\n\n<figure class=\"wp-block-image size-full\"><img decoding=\"async\" width=\"251\" height=\"88\" src=\"https:\/\/sgvaimudar.com.br\/wp-content\/uploads\/2023\/08\/Logo.png\" alt=\"\" class=\"wp-image-2738\" \/><\/figure>\n","protected":false},"excerpt":{"rendered":"<p>Vasca\u00ednos e corintianos s\u00e3o contra invers\u00e3o da tabela promovida pela CBF em jogos contra Atl\u00e9tico-MG e Flamengo, respectivamente O Superior&hellip;<\/p>\n","protected":false},"author":5,"featured_media":13230,"comment_status":"open","ping_status":"open","sticky":false,"template":"","format":"standard","meta":{"fifu_image_url":"","fifu_image_alt":"","footnotes":""},"categories":[5],"tags":[],"class_list":["post-13229","post","type-post","status-publish","format-standard","has-post-thumbnail","hentry","category-esportes"],"_links":{"self":[{"href":"https:\/\/sgvaimudar.com.br\/index.php\/wp-json\/wp\/v2\/posts\/13229","targetHints":{"allow":["GET"]}}],"collection":[{"href":"https:\/\/sgvaimudar.com.br\/index.php\/wp-json\/wp\/v2\/posts"}],"about":[{"href":"https:\/\/sgvaimudar.com.br\/index.php\/wp-json\/wp\/v2\/types\/post"}],"author":[{"embeddable":true,"href":"https:\/\/sgvaimudar.com.br\/index.php\/wp-json\/wp\/v2\/users\/5"}],"replies":[{"embeddable":true,"href":"https:\/\/sgvaimudar.com.br\/index.php\/wp-json\/wp\/v2\/comments?post=13229"}],"version-history":[{"count":1,"href":"https:\/\/sgvaimudar.com.br\/index.php\/wp-json\/wp\/v2\/posts\/13229\/revisions"}],"predecessor-version":[{"id":13231,"href":"https:\/\/sgvaimudar.com.br\/index.php\/wp-json\/wp\/v2\/posts\/13229\/revisions\/13231"}],"wp:featuredmedia":[{"embeddable":true,"href":"https:\/\/sgvaimudar.com.br\/index.php\/wp-json\/wp\/v2\/media\/13230"}],"wp:attachment":[{"href":"https:\/\/sgvaimudar.com.br\/index.php\/wp-json\/wp\/v2\/media?parent=13229"}],"wp:term":[{"taxonomy":"category","embeddable":true,"href":"https:\/\/sgvaimudar.com.br\/index.php\/wp-json\/wp\/v2\/categories?post=13229"},{"taxonomy":"post_tag","embeddable":true,"href":"https:\/\/sgvaimudar.com.br\/index.php\/wp-json\/wp\/v2\/tags?post=13229"}],"curies":[{"name":"wp","href":"https:\/\/api.w.org\/{rel}","templated":true}]}}