{"id":13197,"date":"2024-10-08T08:17:43","date_gmt":"2024-10-08T11:17:43","guid":{"rendered":"https:\/\/sgvaimudar.com.br\/?p=13197"},"modified":"2024-10-08T08:21:22","modified_gmt":"2024-10-08T11:21:22","slug":"nova-clinica-de-neves-ja-comeca-a-tomar-forma","status":"publish","type":"post","link":"https:\/\/sgvaimudar.com.br\/index.php\/2024\/10\/08\/nova-clinica-de-neves-ja-comeca-a-tomar-forma\/","title":{"rendered":"Nova cl\u00ednica de Neves j\u00e1 come\u00e7a a tomar forma"},"content":{"rendered":"\n<p><em>Unidade de sa\u00fade municipal vai atender 24 mil usu\u00e1rios&nbsp;&nbsp;&nbsp;&nbsp;<\/em><\/p>\n\n\n\n<p>A nova Cl\u00ednica Municipal de Neves, que est\u00e1 sendo erguida na esquina das ruas Oliveira Botelho e Bar\u00e3o de S\u00e3o Gon\u00e7alo, est\u00e1 com sua execu\u00e7\u00e3o a pleno vapor. E, antes mesmo de ficar pronta, j\u00e1 foi ampliada para realizar tomografia, mamografia, raio-x e ultrassonografia \u2013 exames que n\u00e3o estavam previstos no projeto inicial. <\/p>\n\n\n\n<figure class=\"wp-block-image size-full\"><img fetchpriority=\"high\" decoding=\"async\" width=\"1024\" height=\"683\" src=\"https:\/\/sgvaimudar.com.br\/wp-content\/uploads\/2024\/10\/unnamed-1-5.jpg\" alt=\"\" class=\"wp-image-13198\" srcset=\"https:\/\/sgvaimudar.com.br\/wp-content\/uploads\/2024\/10\/unnamed-1-5.jpg 1024w, https:\/\/sgvaimudar.com.br\/wp-content\/uploads\/2024\/10\/unnamed-1-5-300x200.jpg 300w, https:\/\/sgvaimudar.com.br\/wp-content\/uploads\/2024\/10\/unnamed-1-5-768x512.jpg 768w\" sizes=\"(max-width: 1024px) 100vw, 1024px\" \/><\/figure>\n\n\n\n<p>Mais dois consult\u00f3rios especializados tamb\u00e9m est\u00e3o sendo constru\u00eddos \u2013 um deles \u00e9 para o profissional de oftalmologia. A obra deve ser finalizada no primeiro semestre do pr\u00f3ximo ano.&nbsp;&nbsp;<\/p>\n\n\n\n<p>&nbsp;As paredes est\u00e3o todas levantadas com a separa\u00e7\u00e3o dos ambientes e j\u00e1 come\u00e7aram a ser chapiscadas e embo\u00e7adas. O trabalho de infraestrutura da rede el\u00e9trica e o preparo de concretagem das vigas e dos pilares para a coloca\u00e7\u00e3o da laje tamb\u00e9m est\u00e3o sendo realizados. Essa fase da obra est\u00e1 sendo poss\u00edvel ap\u00f3s intenso trabalho de prepara\u00e7\u00e3o para estabiliza\u00e7\u00e3o do terreno e ordena\u00e7\u00e3o do fluxo de \u00e1guas pluviais.&nbsp;<\/p>\n\n\n\n<p>Segundo a Prefeitura, a nova cl\u00ednica vai atender 24 mil usu\u00e1rios, dobrando a capacidade de atendimento da atual Unidade de Sa\u00fade da Fam\u00edlia (USF) Neves, que atende 12 mil. A unidade contar\u00e1 com m\u00e9dicos generalistas, especialistas, dentistas, enfermeiros, t\u00e9cnicos de enfermagem e agentes comunit\u00e1rios de sa\u00fade.\u00a0<\/p>\n\n\n\n<p>&#8220;A equipe do eMulti vai fazer parte dos servi\u00e7os oferecidos com nutricionista, fisioterapeuta, educador f\u00edsico, assistente social, psic\u00f3logo e fonoaudi\u00f3logo. Al\u00e9m dos profissionais, programas da Aten\u00e7\u00e3o B\u00e1sica estar\u00e3o dispon\u00edveis, assim como exames laboratoriais de sangue, urina e fezes. Com mais essa entrega, a atual USF Neves \u2013 que funciona em um im\u00f3vel alugado na Rua Floriano Peixoto, 2.306 \u2013 ser\u00e1 desativada&#8221;, disse o Executivo na nota.\u00a0<\/p>\n\n\n\n<p>\u201cEstamos avan\u00e7ando nos servi\u00e7os de sa\u00fade oferecidos para a popula\u00e7\u00e3o. Cada vez mais melhorando a estrutura f\u00edsica, mas tamb\u00e9m a humaniza\u00e7\u00e3o nos atendimentos e oferecendo mais servi\u00e7os. \u00c9 uma exig\u00eancia do nosso prefeito Capit\u00e3o Nelson, que trabalha incansavelmente para proporcionar melhores atendimentos e servi\u00e7os aos gon\u00e7alenses\u201d, disse a secret\u00e1ria municipal de Sa\u00fade, Dra. Bianca Serour.\u00a0\u00a0<\/p>\n\n\n\n<p>A unidade ter\u00e1 salas de espera, consult\u00f3rios e salas com banheiros adaptados, consult\u00f3rios para os atendimentos m\u00e9dicos, consult\u00f3rio odontol\u00f3gico, salas de raio-x dent\u00e1rio, raio-x, ultrassonografia, mamografia, tomografia, curativos, imuniza\u00e7\u00e3o, multiuso, de acolhimento, coleta laboratorial, estoque, esteriliza\u00e7\u00e3o, escov\u00f3dromo, frald\u00e1rio e salas para funcion\u00e1rios, banheiros para a popula\u00e7\u00e3o em geral e adaptados.\u00a0<\/p>\n\n\n\n<p>De acordo com as informa\u00e7\u00f5es, as obras seguem todas as normas e protocolos de instala\u00e7\u00e3o do Minist\u00e9rio da Sa\u00fade e da Ag\u00eancia Nacional de Vigil\u00e2ncia Sanit\u00e1ria (Anvisa) com climatiza\u00e7\u00e3o e acessibilidade (rampa, piso t\u00e1til, barras, banheiros adaptados para pessoas com defici\u00eancia e com campainha de alerta) \u2013 tudo conforme as normas RDC 50, que diz respeito aos ambientes e a NBR 9050, sobre acessibilidade.\u00a0<\/p>\n\n\n\n<p><em>Fotos: Fabio Guimar\u00e3es<\/em><\/p>\n\n\n\n<p><strong><em>S\u00e3o Gon\u00e7alo Vai Mudar. O Maior Portal da Cidade.<\/em><\/strong><\/p>\n\n\n\n<figure class=\"wp-block-image size-full\"><img decoding=\"async\" width=\"250\" height=\"87\" src=\"https:\/\/sgvaimudar.com.br\/wp-content\/uploads\/2023\/08\/cropped-Logo.png\" alt=\"\" class=\"wp-image-2739\" \/><\/figure>\n","protected":false},"excerpt":{"rendered":"<p>Unidade de sa\u00fade municipal vai atender 24 mil usu\u00e1rios&nbsp;&nbsp;&nbsp;&nbsp; A nova Cl\u00ednica Municipal de Neves, que est\u00e1 sendo erguida na&hellip;<\/p>\n","protected":false},"author":5,"featured_media":13199,"comment_status":"open","ping_status":"open","sticky":false,"template":"","format":"standard","meta":{"fifu_image_url":"","fifu_image_alt":"","footnotes":""},"categories":[3,7],"tags":[],"class_list":["post-13197","post","type-post","status-publish","format-standard","has-post-thumbnail","hentry","category-sao-goncalo","category-saude"],"_links":{"self":[{"href":"https:\/\/sgvaimudar.com.br\/index.php\/wp-json\/wp\/v2\/posts\/13197","targetHints":{"allow":["GET"]}}],"collection":[{"href":"https:\/\/sgvaimudar.com.br\/index.php\/wp-json\/wp\/v2\/posts"}],"about":[{"href":"https:\/\/sgvaimudar.com.br\/index.php\/wp-json\/wp\/v2\/types\/post"}],"author":[{"embeddable":true,"href":"https:\/\/sgvaimudar.com.br\/index.php\/wp-json\/wp\/v2\/users\/5"}],"replies":[{"embeddable":true,"href":"https:\/\/sgvaimudar.com.br\/index.php\/wp-json\/wp\/v2\/comments?post=13197"}],"version-history":[{"count":2,"href":"https:\/\/sgvaimudar.com.br\/index.php\/wp-json\/wp\/v2\/posts\/13197\/revisions"}],"predecessor-version":[{"id":13202,"href":"https:\/\/sgvaimudar.com.br\/index.php\/wp-json\/wp\/v2\/posts\/13197\/revisions\/13202"}],"wp:featuredmedia":[{"embeddable":true,"href":"https:\/\/sgvaimudar.com.br\/index.php\/wp-json\/wp\/v2\/media\/13199"}],"wp:attachment":[{"href":"https:\/\/sgvaimudar.com.br\/index.php\/wp-json\/wp\/v2\/media?parent=13197"}],"wp:term":[{"taxonomy":"category","embeddable":true,"href":"https:\/\/sgvaimudar.com.br\/index.php\/wp-json\/wp\/v2\/categories?post=13197"},{"taxonomy":"post_tag","embeddable":true,"href":"https:\/\/sgvaimudar.com.br\/index.php\/wp-json\/wp\/v2\/tags?post=13197"}],"curies":[{"name":"wp","href":"https:\/\/api.w.org\/{rel}","templated":true}]}}