{"id":13073,"date":"2024-10-06T12:00:00","date_gmt":"2024-10-06T15:00:00","guid":{"rendered":"https:\/\/sgvaimudar.com.br\/?p=13073"},"modified":"2024-10-06T11:48:51","modified_gmt":"2024-10-06T14:48:51","slug":"carmen-lucia-diz-que-desinformacao-nas-eleicoes-e-cabresto-digital","status":"publish","type":"post","link":"https:\/\/sgvaimudar.com.br\/index.php\/2024\/10\/06\/carmen-lucia-diz-que-desinformacao-nas-eleicoes-e-cabresto-digital\/","title":{"rendered":"C\u00e1rmen L\u00facia diz que desinforma\u00e7\u00e3o nas elei\u00e7\u00f5es \u00e9 &#8216;cabresto digital&#8217;"},"content":{"rendered":"\n<p>A presidente do Tribunal Superior Eleitoral (TSE), ministra C\u00e1rmen L\u00facia, disse nesta sexta-feira (4) que a desinforma\u00e7\u00e3o nas elei\u00e7\u00f5es representa uma esp\u00e9cie de &#8220;cabresto digital&#8221;.\u00a0<\/p>\n\n\n\n<p>A declara\u00e7\u00e3o da ministra foi feita na manh\u00e3 desta sexta, durante encontro com delega\u00e7\u00f5es estrangeiras que v\u00e3o acompanhar o primeiro turno das elei\u00e7\u00f5es municipais, que \u00e9 realizado neste domingo (6).<\/p>\n\n\n\n<p>Segundo ela, a tecnologia trouxe o abuso do uso de algoritmos e gerou a desinforma\u00e7\u00e3o nas elei\u00e7\u00f5es. Para a ministra, \u00e9 necess\u00e1rio resgatar a plena liberdade de voto.<\/p>\n\n\n\n<p>&#8220;Criamos o cabresto digital. Algu\u00e9m p\u00f5e no nosso celular, no nosso computador, algo que nos desinforme como se f\u00f4ssemos manipulados. Contra isso, o direito luta para que tenhamos a possibilidade de resgatar a plena liberdade de voto, o que realiza a democracia em qualquer parte do mundo&#8221;, afirmou.<\/p>\n\n\n\n<p>A presidente tamb\u00e9m destacou que as elei\u00e7\u00f5es no Brasil s\u00e3o livres e democr\u00e1ticas. &#8220;As elei\u00e7\u00f5es de 2024 representam o desafio de a gente ter um domingo de alegria democr\u00e1tica, de tranquilidade democr\u00e1tica, de civilidade e paz na hora de votar&#8221;, completou.<\/p>\n\n\n\n<p>Na noite deste s\u00e1bado (5), v\u00e9spera do pleito, C\u00e1rmen L\u00facia far\u00e1 um pronunciamento em cadeia de r\u00e1dio e TV para conclamar o eleitor a votar.<\/p>\n\n\n\n<p>O segundo turno da disputa poder\u00e1 ser realizado em 27 de outubro em 103 munic\u00edpios com mais de 200 mil eleitores, nos quais nenhum dos candidatos \u00e0 prefeitura atingir mais da metade dos votos v\u00e1lidos, exclu\u00eddos os brancos e nulos, no primeiro turno.<\/p>\n\n\n\n<p><strong>VOTO <\/strong>&#8211; Na manh\u00e3 deste domingo (6), data do 1\u00ba turno das Elei\u00e7\u00f5es Municipais de 2024, a presidente do Tribunal Superior Eleitoral (TSE), ministra C\u00e1rmen L\u00facia, compareceu \u00e0 sua se\u00e7\u00e3o eleitoral no col\u00e9gio Santo Agostinho, em Belo Horizonte (MG), para exercer o direito ao\u00a0voto.\u00a0<\/p>\n\n\n\n<p>Al\u00e9m de votar nos cargos de prefeito e vereador, a ministra participou do referendo que vai decidir sobre a nova bandeira da capital mineira. Ela tamb\u00e9m acompanhou o Teste de Integridade das urnas eletr\u00f4nicas, procedimento que tem como objetivo assegurar a confiabilidade do sistema eleitoral<\/p>\n\n\n\n<p><strong><em><sup>S\u00e3o Gon\u00e7alo Vai Mudar. O Maior Portal da Cidade.<\/sup><\/em><\/strong><\/p>\n\n\n\n<figure class=\"wp-block-image size-full\"><img decoding=\"async\" width=\"251\" height=\"88\" src=\"https:\/\/sgvaimudar.com.br\/wp-content\/uploads\/2023\/08\/Logo.png\" alt=\"\" class=\"wp-image-2738\" \/><\/figure>\n","protected":false},"excerpt":{"rendered":"<p>A presidente do Tribunal Superior Eleitoral (TSE), ministra C\u00e1rmen L\u00facia, disse nesta sexta-feira (4) que a desinforma\u00e7\u00e3o nas elei\u00e7\u00f5es representa&hellip;<\/p>\n","protected":false},"author":5,"featured_media":13074,"comment_status":"open","ping_status":"open","sticky":false,"template":"","format":"standard","meta":{"fifu_image_url":"","fifu_image_alt":"","footnotes":""},"categories":[4],"tags":[],"class_list":["post-13073","post","type-post","status-publish","format-standard","has-post-thumbnail","hentry","category-brasil"],"_links":{"self":[{"href":"https:\/\/sgvaimudar.com.br\/index.php\/wp-json\/wp\/v2\/posts\/13073","targetHints":{"allow":["GET"]}}],"collection":[{"href":"https:\/\/sgvaimudar.com.br\/index.php\/wp-json\/wp\/v2\/posts"}],"about":[{"href":"https:\/\/sgvaimudar.com.br\/index.php\/wp-json\/wp\/v2\/types\/post"}],"author":[{"embeddable":true,"href":"https:\/\/sgvaimudar.com.br\/index.php\/wp-json\/wp\/v2\/users\/5"}],"replies":[{"embeddable":true,"href":"https:\/\/sgvaimudar.com.br\/index.php\/wp-json\/wp\/v2\/comments?post=13073"}],"version-history":[{"count":1,"href":"https:\/\/sgvaimudar.com.br\/index.php\/wp-json\/wp\/v2\/posts\/13073\/revisions"}],"predecessor-version":[{"id":13075,"href":"https:\/\/sgvaimudar.com.br\/index.php\/wp-json\/wp\/v2\/posts\/13073\/revisions\/13075"}],"wp:featuredmedia":[{"embeddable":true,"href":"https:\/\/sgvaimudar.com.br\/index.php\/wp-json\/wp\/v2\/media\/13074"}],"wp:attachment":[{"href":"https:\/\/sgvaimudar.com.br\/index.php\/wp-json\/wp\/v2\/media?parent=13073"}],"wp:term":[{"taxonomy":"category","embeddable":true,"href":"https:\/\/sgvaimudar.com.br\/index.php\/wp-json\/wp\/v2\/categories?post=13073"},{"taxonomy":"post_tag","embeddable":true,"href":"https:\/\/sgvaimudar.com.br\/index.php\/wp-json\/wp\/v2\/tags?post=13073"}],"curies":[{"name":"wp","href":"https:\/\/api.w.org\/{rel}","templated":true}]}}