{"id":13070,"date":"2024-10-06T11:39:08","date_gmt":"2024-10-06T14:39:08","guid":{"rendered":"https:\/\/sgvaimudar.com.br\/?p=13070"},"modified":"2024-10-06T11:39:09","modified_gmt":"2024-10-06T14:39:09","slug":"vini-jr-marca-gol-antologico-e-real-madrid-bate-villarreal-em-la-liga","status":"publish","type":"post","link":"https:\/\/sgvaimudar.com.br\/index.php\/2024\/10\/06\/vini-jr-marca-gol-antologico-e-real-madrid-bate-villarreal-em-la-liga\/","title":{"rendered":"Vini Jr. marca gol antol\u00f3gico, e Real Madrid bate Villarreal em La Liga"},"content":{"rendered":"\n<p><em>Merengues ocupam a vice-lideran\u00e7a do Campeonato Espanhol<\/em><\/p>\n\n\n\n<p>Vini Jr. decidiu mais uma vez para o Real Madrif. Na partida contra o Villarreal neste s\u00e1bado (5), pela nona rodada de La Liga, no Santiago Bernab\u00e9u, o clube da capital espanhola venceu por 2 a 0. Al\u00e9m do atacante brasileiro, o meio-campista uruguaio Valverde marcou o outro gol, ambos de fora da \u00e1rea.<\/p>\n\n\n\n<p>Com o resultado, os Merengues ocuparam \u00e0 segunda coloca\u00e7\u00e3o, com 21 pontos em nove jogos (seis vit\u00f3rias e tr\u00eas empates). J\u00e1 o Submarino Amarelo perdeu a chance de chegar \u00e0 vice-lideran\u00e7a, e se manteve com 17 pontos.<\/p>\n\n\n\n<p>O Real Madrid saiu na frente logo no in\u00edcio do jogo, apesar do equil\u00edbrio nas a\u00e7\u00f5es nos primeiros minutos. Sem precisar da magia do trio Vini Jr., Bellingham e Mbapp\u00e9, Valverde finalizou de fora da \u00e1rea, desvia na defesa advers\u00e1ria sem chances ao goleiro Diego Conde. <\/p>\n\n\n\n<p>Por\u00e9m, mesmo com a vantagem, os Merengues n\u00e3o tiveram &#8220;tranquilidade&#8221; na primeira etapa: o Villarreal chegou a criar grandes chances, especialmente com a bola no travess\u00e3o em cabeceio de Barry, mas foi para o intervalo sem igualar o placar.<\/p>\n\n\n\n<p>Na volta ao gramado, o Real Madrid seguiu com o mesmo controle depois do primeiro gol. Aos 27 minutos do segundo tempo, os mandantes marcaram mais uma vez distante da grande \u00e1rea, desta vez com Vini Jr.: o camisa 7 recebeu de Valverde e ampliou a vantagem dos blancos. <\/p>\n\n\n\n<p>Antes do apito final, Carvajal dividiu uma bola com um defensor do Villarreal e sentiu o joelho direito. O lateral espanhol caiu no ch\u00e3o gritando de dor e foi levado pelos m\u00e9dicos para fora do gramado de maca.<\/p>\n\n\n\n<p><strong><em><sup>S\u00e3o Gon\u00e7alo Vai Mudar. O Maior Portal da Cidade.<\/sup><\/em><\/strong><\/p>\n\n\n\n<figure class=\"wp-block-image size-full\"><img decoding=\"async\" width=\"251\" height=\"88\" src=\"https:\/\/sgvaimudar.com.br\/wp-content\/uploads\/2023\/08\/Logo.png\" alt=\"\" class=\"wp-image-2738\" \/><\/figure>\n\n\n\n<p><h2 class=\"font-roboto text-xl font-normal text-center text-gray-300 mb-10 tab-m:text-base tab-m:font-bold tab-m:my-0 tab-m:mx-4\" style=\"--tw-border-spacing-x:0;--tw-border-spacing-y:0;--tw-translate-x:0;--tw-translate-y:0;--tw-rotate:0;--tw-skew-x:0;--tw-skew-y:0;--tw-scale-x:1;--tw-scale-y:1;--tw-pan-x:;--tw-pan-y:;--tw-pinch-zoom:;--tw-scroll-snap-strictness:proximity;--tw-gradient-from-position:;--tw-gradient-via-position:;--tw-gradient-to-position:;--tw-ordinal:;--tw-slashed-zero:;--tw-numeric-figure:;--tw-numeric-spacing:;--tw-numeric-fraction:;--tw-ring-inset:;--tw-ring-offset-width:0px;--tw-ring-offset-color:#fff;--tw-ring-offset-shadow:0 0 #0000;--tw-ring-shadow:0 0 #0000;--tw-shadow:0 0 #0000;--tw-shadow-colored:0 0 #0000;--tw-blur:;--tw-brightness:;--tw-contrast:;--tw-grayscale:;--tw-hue-rotate:;--tw-invert:;--tw-saturate:;--tw-sepia:;--tw-drop-shadow:;--tw-backdrop-blur:;--tw-backdrop-brightness:;--tw-backdrop-contrast:;--tw-backdrop-grayscale:;--tw-backdrop-hue-rotate:;--tw-backdrop-invert:;--tw-backdrop-opacity:;--tw-backdrop-saturate:;--tw-backdrop-sepia:;border: 0px;--tw-contain-size:;--tw-contain-layout:;--tw-contain-paint:;--tw-contain-style:;margin: 0px 0px 2.5rem;font-family: var(--secondary-font);font-size: 1.25rem;font-weight: 400;line-height: 1.75rem;vertical-align: baseline;text-align: center;--tw-text-opacity:1\"><\/h2><div class=\"w-full max-w-[850px] mx-auto\" style=\"--tw-border-spacing-x:0;--tw-border-spacing-y:0;--tw-translate-x:0;--tw-translate-y:0;--tw-rotate:0;--tw-skew-x:0;--tw-skew-y:0;--tw-scale-x:1;--tw-scale-y:1;--tw-pan-x:;--tw-pan-y:;--tw-pinch-zoom:;--tw-scroll-snap-strictness:proximity;--tw-gradient-from-position:;--tw-gradient-via-position:;--tw-gradient-to-position:;--tw-ordinal:;--tw-slashed-zero:;--tw-numeric-figure:;--tw-numeric-spacing:;--tw-numeric-fraction:;--tw-ring-inset:;--tw-ring-offset-width:0px;--tw-ring-offset-color:#fff;--tw-ring-offset-shadow:0 0 #0000;--tw-ring-shadow:0 0 #0000;--tw-shadow:0 0 #0000;--tw-shadow-colored:0 0 #0000;--tw-blur:;--tw-brightness:;--tw-contrast:;--tw-grayscale:;--tw-hue-rotate:;--tw-invert:;--tw-saturate:;--tw-sepia:;--tw-drop-shadow:;--tw-backdrop-blur:;--tw-backdrop-brightness:;--tw-backdrop-contrast:;--tw-backdrop-grayscale:;--tw-backdrop-hue-rotate:;--tw-backdrop-invert:;--tw-backdrop-opacity:;--tw-backdrop-saturate:;--tw-backdrop-sepia:;border: 0px;--tw-contain-size:;--tw-contain-layout:;--tw-contain-paint:;--tw-contain-style:;margin-right: auto;margin-left: auto;font-family: Arial, Helvetica, sans-serif;font-size: medium;line-height: inherit;vertical-align: baseline;width: 850px;max-width: 850px\"><\/div><\/p>\n","protected":false},"excerpt":{"rendered":"<p>Merengues ocupam a vice-lideran\u00e7a do Campeonato Espanhol Vini Jr. decidiu mais uma vez para o Real Madrif. Na partida contra&hellip;<\/p>\n","protected":false},"author":5,"featured_media":13071,"comment_status":"open","ping_status":"open","sticky":false,"template":"","format":"standard","meta":{"fifu_image_url":"","fifu_image_alt":"","footnotes":""},"categories":[5],"tags":[],"class_list":["post-13070","post","type-post","status-publish","format-standard","has-post-thumbnail","hentry","category-esportes"],"_links":{"self":[{"href":"https:\/\/sgvaimudar.com.br\/index.php\/wp-json\/wp\/v2\/posts\/13070","targetHints":{"allow":["GET"]}}],"collection":[{"href":"https:\/\/sgvaimudar.com.br\/index.php\/wp-json\/wp\/v2\/posts"}],"about":[{"href":"https:\/\/sgvaimudar.com.br\/index.php\/wp-json\/wp\/v2\/types\/post"}],"author":[{"embeddable":true,"href":"https:\/\/sgvaimudar.com.br\/index.php\/wp-json\/wp\/v2\/users\/5"}],"replies":[{"embeddable":true,"href":"https:\/\/sgvaimudar.com.br\/index.php\/wp-json\/wp\/v2\/comments?post=13070"}],"version-history":[{"count":1,"href":"https:\/\/sgvaimudar.com.br\/index.php\/wp-json\/wp\/v2\/posts\/13070\/revisions"}],"predecessor-version":[{"id":13072,"href":"https:\/\/sgvaimudar.com.br\/index.php\/wp-json\/wp\/v2\/posts\/13070\/revisions\/13072"}],"wp:featuredmedia":[{"embeddable":true,"href":"https:\/\/sgvaimudar.com.br\/index.php\/wp-json\/wp\/v2\/media\/13071"}],"wp:attachment":[{"href":"https:\/\/sgvaimudar.com.br\/index.php\/wp-json\/wp\/v2\/media?parent=13070"}],"wp:term":[{"taxonomy":"category","embeddable":true,"href":"https:\/\/sgvaimudar.com.br\/index.php\/wp-json\/wp\/v2\/categories?post=13070"},{"taxonomy":"post_tag","embeddable":true,"href":"https:\/\/sgvaimudar.com.br\/index.php\/wp-json\/wp\/v2\/tags?post=13070"}],"curies":[{"name":"wp","href":"https:\/\/api.w.org\/{rel}","templated":true}]}}