{"id":13011,"date":"2024-10-05T09:50:09","date_gmt":"2024-10-05T12:50:09","guid":{"rendered":"https:\/\/sgvaimudar.com.br\/?p=13011"},"modified":"2024-10-05T09:50:09","modified_gmt":"2024-10-05T12:50:09","slug":"semifinais-da-copa-do-brasil-seguem-sem-horarios-confirmados","status":"publish","type":"post","link":"https:\/\/sgvaimudar.com.br\/index.php\/2024\/10\/05\/semifinais-da-copa-do-brasil-seguem-sem-horarios-confirmados\/","title":{"rendered":"Semifinais da Copa do Brasil seguem sem hor\u00e1rios confirmados"},"content":{"rendered":"\n<p><em>Jogos est\u00e3o previstos para o meio da pr\u00f3xima semana e CBF tenta administrar cabo de guerra entre os clubes<\/em><\/p>\n\n\n\n<p>Faltando quatro dias para o come\u00e7o da disputa, a fase semifinal da Copa do Brasil ainda n\u00e3o teve seus hor\u00e1rios desmembrados. At\u00e9 o come\u00e7o da tarde deste s\u00e1bado, a CBF n\u00e3o divulgou os hor\u00e1rios das partidas entre Flamengo e Corinthians, no Maracan\u00e3, e Atl\u00e9tico Mineiro e Vasco, na Arena MRV. Dos quatro clubes, dois manifestaram o interesse em ajustes nas datas para evitar potenciais preju\u00edzos t\u00e9cnicos.<\/p>\n\n\n\n<p>Num primeiro momento, Flamengo, e agora, tamb\u00e9m o Atl\u00e9tico Mineiro se movimentaram em busca de altera\u00e7\u00f5es. O temor \u00e9 por desfalques nos jogos de volta, que acontecem logo depois da data Fifa de outubro, com duas rodadas das eliminat\u00f3rias para a Copa do Mundo marcadas para o per\u00edodo.<\/p>\n\n\n\n<p>Flamengo\u00a0e\u00a0Atl\u00e9tico Mineiro\u00a0entendem que pode existir um preju\u00edzo t\u00e9cnico com os jogos de volta acontecendo na quarta-feira (16 de outubro). Como os dois tem atletas selecion\u00e1veis, o temor \u00e9 que os que estejam em campo com suas sele\u00e7\u00f5es, um dia antes, n\u00e3o estejam nas condi\u00e7\u00f5es f\u00edsicas ideais. <\/p>\n\n\n\n<p>Nas quartas de final, Pulgar e Varela, que atuaram 90 minutos por suas sele\u00e7\u00f5es dois dias antes, ficaram no banco de reservas contra o Bahia por n\u00e3o terem treinado com o grupo na v\u00e9spera do duelo.<\/p>\n\n\n\n<p>A prioridade do\u00a0Corinthians\u00a0\u00e9 o Campeonato Brasileiro. Logo, para os paulistas o cen\u00e1rio mais confort\u00e1vel seria o de maior descanso poss\u00edvel entre o jogo de volta da Copa do Brasil e o final de semana. Tal desejo coloca a quarta-feira como dia preferido. O Vasco, at\u00e9 o momento, n\u00e3o apresentou qualquer posicionamento mais expl\u00edcito sobre o caso e aguarda o desmembramento da tabela.<\/p>\n\n\n\n<p><strong>Galo come\u00e7a a vender ingressos antes da oficializa\u00e7\u00e3o da CBF<\/strong><\/p>\n\n\n\n<p>Enquanto o Flamengo, mandante do jogo de ida, ainda n\u00e3o come\u00e7ou a vender ingressos para o jogo com o Corinthians, no site oficial do Atl\u00e9tico Mineiro j\u00e1 \u00e9 poss\u00edvel adquirir entradas para a partida com o Vasco. No portal, inclusive, h\u00e1 o indicativo do jogo \u00e0s 19h15 de quarta-feira.<\/p>\n\n\n\n<p><strong><em><sup>S\u00e3o Gon\u00e7alo Vai Mudar. O Maior Portal da Cidade.<\/sup><\/em><\/strong><\/p>\n\n\n\n<figure class=\"wp-block-image size-full\"><img decoding=\"async\" width=\"251\" height=\"88\" src=\"https:\/\/sgvaimudar.com.br\/wp-content\/uploads\/2023\/08\/Logo.png\" alt=\"\" class=\"wp-image-2738\" \/><\/figure>\n","protected":false},"excerpt":{"rendered":"<p>Jogos est\u00e3o previstos para o meio da pr\u00f3xima semana e CBF tenta administrar cabo de guerra entre os clubes Faltando&hellip;<\/p>\n","protected":false},"author":5,"featured_media":13012,"comment_status":"open","ping_status":"open","sticky":false,"template":"","format":"standard","meta":{"fifu_image_url":"","fifu_image_alt":"","footnotes":""},"categories":[5],"tags":[],"class_list":["post-13011","post","type-post","status-publish","format-standard","has-post-thumbnail","hentry","category-esportes"],"_links":{"self":[{"href":"https:\/\/sgvaimudar.com.br\/index.php\/wp-json\/wp\/v2\/posts\/13011","targetHints":{"allow":["GET"]}}],"collection":[{"href":"https:\/\/sgvaimudar.com.br\/index.php\/wp-json\/wp\/v2\/posts"}],"about":[{"href":"https:\/\/sgvaimudar.com.br\/index.php\/wp-json\/wp\/v2\/types\/post"}],"author":[{"embeddable":true,"href":"https:\/\/sgvaimudar.com.br\/index.php\/wp-json\/wp\/v2\/users\/5"}],"replies":[{"embeddable":true,"href":"https:\/\/sgvaimudar.com.br\/index.php\/wp-json\/wp\/v2\/comments?post=13011"}],"version-history":[{"count":1,"href":"https:\/\/sgvaimudar.com.br\/index.php\/wp-json\/wp\/v2\/posts\/13011\/revisions"}],"predecessor-version":[{"id":13013,"href":"https:\/\/sgvaimudar.com.br\/index.php\/wp-json\/wp\/v2\/posts\/13011\/revisions\/13013"}],"wp:featuredmedia":[{"embeddable":true,"href":"https:\/\/sgvaimudar.com.br\/index.php\/wp-json\/wp\/v2\/media\/13012"}],"wp:attachment":[{"href":"https:\/\/sgvaimudar.com.br\/index.php\/wp-json\/wp\/v2\/media?parent=13011"}],"wp:term":[{"taxonomy":"category","embeddable":true,"href":"https:\/\/sgvaimudar.com.br\/index.php\/wp-json\/wp\/v2\/categories?post=13011"},{"taxonomy":"post_tag","embeddable":true,"href":"https:\/\/sgvaimudar.com.br\/index.php\/wp-json\/wp\/v2\/tags?post=13011"}],"curies":[{"name":"wp","href":"https:\/\/api.w.org\/{rel}","templated":true}]}}