{"id":12970,"date":"2024-10-04T21:00:00","date_gmt":"2024-10-05T00:00:00","guid":{"rendered":"https:\/\/sgvaimudar.com.br\/?p=12970"},"modified":"2024-10-04T11:39:10","modified_gmt":"2024-10-04T14:39:10","slug":"pm-abre-procedimento-para-investigar-denuncia-de-agressao-a-jovens-em-sao-goncalo","status":"publish","type":"post","link":"https:\/\/sgvaimudar.com.br\/index.php\/2024\/10\/04\/pm-abre-procedimento-para-investigar-denuncia-de-agressao-a-jovens-em-sao-goncalo\/","title":{"rendered":"PM abre procedimento para investigar den\u00fancia de agress\u00e3o a jovens em S\u00e3o Gon\u00e7alo"},"content":{"rendered":"\n<p><em>Segundo relatos, os dois amigos faziam um retorno pr\u00f3ximo \u00e0 comunidade Jardim Catarina, quando foram derrubados da moto e agredidos<\/em><\/p>\n\n\n\n<p>A Pol\u00edcia Militar instaurou um procedimento, na \u00faltima quinta-feira, para investigar uma den\u00fancia de agress\u00e3o de dois jovens no Jardim Catarina, em S\u00e3o Gon\u00e7alo. Segundo relatos, os dois amigos voltavam de moto de um bar da regi\u00e3o quando foram espancados por policiais militares na madrugada da \u00faltima segunda-feira.<\/p>\n\n\n\n<p>Os jovens, de 25 e 26 anos, estariam pr\u00f3ximos \u00e0 entrada da comunidade, quando teriam sofrido as agress\u00f5es. Conforme revelou um jornal peri\u00f3dico paulista, eles estavam na BR-101 quando pegaram um retorno na regi\u00e3o e se depararam com tr\u00eas viaturas. Segundo o relato do jovem \u00e0 Folha de S\u00e3o Paulo, os PMs os derrubaram da moto e come\u00e7aram as agress\u00f5es antes mesmo de pedir documentos.<\/p>\n\n\n\n<p>Os dois teriam levado chutes no rosto. Um deles teria conseguido levantar e correr na tentativa de buscar ajuda. Quando retornou, viu o amigo colocado em uma ambul\u00e2ncia. Os dois foram socorridos para o Hospital Estadual Alberto Torres (Heat), em S\u00e3o Gon\u00e7alo.<\/p>\n\n\n\n<p>O de 25 anos teria tido o rosto desfigurado e sofrido cortes profundos no joelho e na perna. Ele teve alta no mesmo dia com pontos na boca e no superc\u00edlio. J\u00e1 o de 26 anos, continua internado no CTI desde segunda-feira. Segundo a Secretaria Estadual de Sa\u00fade, a dire\u00e7\u00e3o do Heat o estado de sa\u00fade dele \u00e9 est\u00e1vel.<\/p>\n\n\n\n<p>Em nota, a Secretaria de Estado de Pol\u00edcia Militar do Rio (SEPM) afirmou que o caso ser\u00e1 apurado e que n\u00e3o compactua com as atitudes relatadas.<\/p>\n\n\n\n<p>\u201cA SEPM n\u00e3o compactua com o cometimento de crimes por parte de seus entes, e refor\u00e7a o compromisso de identificar e punir os desvios cometidos pelos policiais militares, punindo com rigor os envolvidos quando constatados os fatos\u201d, afirma a nota.<\/p>\n\n\n\n<p><em>Fonte: Extra<\/em><\/p>\n\n\n\n<p><strong><em><sup>S\u00e3o Gon\u00e7alo Vai Mudar. O Maior Portal da Cidade.<\/sup><\/em><\/strong><\/p>\n\n\n\n<figure class=\"wp-block-image size-full\"><img decoding=\"async\" width=\"251\" height=\"88\" src=\"https:\/\/sgvaimudar.com.br\/wp-content\/uploads\/2023\/08\/Logo.png\" alt=\"\" class=\"wp-image-2738\" \/><\/figure>\n\n\n\n<p> <\/p>\n","protected":false},"excerpt":{"rendered":"<p>Segundo relatos, os dois amigos faziam um retorno pr\u00f3ximo \u00e0 comunidade Jardim Catarina, quando foram derrubados da moto e agredidos&hellip;<\/p>\n","protected":false},"author":5,"featured_media":0,"comment_status":"open","ping_status":"open","sticky":false,"template":"","format":"standard","meta":{"fifu_image_url":"","fifu_image_alt":"","footnotes":""},"categories":[32],"tags":[],"class_list":["post-12970","post","type-post","status-publish","format-standard","hentry","category-casos-de-policia"],"_links":{"self":[{"href":"https:\/\/sgvaimudar.com.br\/index.php\/wp-json\/wp\/v2\/posts\/12970","targetHints":{"allow":["GET"]}}],"collection":[{"href":"https:\/\/sgvaimudar.com.br\/index.php\/wp-json\/wp\/v2\/posts"}],"about":[{"href":"https:\/\/sgvaimudar.com.br\/index.php\/wp-json\/wp\/v2\/types\/post"}],"author":[{"embeddable":true,"href":"https:\/\/sgvaimudar.com.br\/index.php\/wp-json\/wp\/v2\/users\/5"}],"replies":[{"embeddable":true,"href":"https:\/\/sgvaimudar.com.br\/index.php\/wp-json\/wp\/v2\/comments?post=12970"}],"version-history":[{"count":1,"href":"https:\/\/sgvaimudar.com.br\/index.php\/wp-json\/wp\/v2\/posts\/12970\/revisions"}],"predecessor-version":[{"id":12971,"href":"https:\/\/sgvaimudar.com.br\/index.php\/wp-json\/wp\/v2\/posts\/12970\/revisions\/12971"}],"wp:attachment":[{"href":"https:\/\/sgvaimudar.com.br\/index.php\/wp-json\/wp\/v2\/media?parent=12970"}],"wp:term":[{"taxonomy":"category","embeddable":true,"href":"https:\/\/sgvaimudar.com.br\/index.php\/wp-json\/wp\/v2\/categories?post=12970"},{"taxonomy":"post_tag","embeddable":true,"href":"https:\/\/sgvaimudar.com.br\/index.php\/wp-json\/wp\/v2\/tags?post=12970"}],"curies":[{"name":"wp","href":"https:\/\/api.w.org\/{rel}","templated":true}]}}