{"id":12939,"date":"2024-10-04T10:19:33","date_gmt":"2024-10-04T13:19:33","guid":{"rendered":"https:\/\/sgvaimudar.com.br\/?p=12939"},"modified":"2024-10-04T10:19:34","modified_gmt":"2024-10-04T13:19:34","slug":"eleicoes-2024-reta-final-do-primeiro-turno-em-sao-goncalo-os-candidatos-apertam-o-ritmo-das-campanhas","status":"publish","type":"post","link":"https:\/\/sgvaimudar.com.br\/index.php\/2024\/10\/04\/eleicoes-2024-reta-final-do-primeiro-turno-em-sao-goncalo-os-candidatos-apertam-o-ritmo-das-campanhas\/","title":{"rendered":"Elei\u00e7\u00f5es 2024: Reta final do primeiro turno em S\u00e3o Gon\u00e7alo os candidatos apertam o ritmo das campanhas"},"content":{"rendered":"\n<p><em>Os candidatos(as)\u00a0Jaqueline Pedroza (Novo),\u00a0Viviane Carvalho (PMN),\u00a0Reginaldo Afonso\u00a0(PSTU),\u00a0Professor Josemar (Psol),\u00a0Dimas Gadelha (PT)\u00a0e\u00a0Capit\u00e3o Nelson (PL) fizeram caminhadas e panfletagem, gravaram v\u00eddeos nas ruas, participaram de reuni\u00f5es e divulgaram os locais onde v\u00e3o votar no domingo<\/em><\/p>\n\n\n\n<p>A reta final do primeiro turno das elei\u00e7\u00f5es municipais de 2024 em S\u00e3o Gon\u00e7alo est\u00e1 animada no munic\u00edpio. At\u00e9 a v\u00e9spera do pleito marcado para o domingo (6\/10), os candidatos(as) a prefeito(a) de S\u00e3o Gon\u00e7alo continuam nas ruas com carreatas, caminhadas, corpo a corpo, panfletagens e reuni\u00f5es para conquistar os eleitores.<\/p>\n\n\n\n<figure class=\"wp-block-video\"><video height=\"1280\" style=\"aspect-ratio: 720 \/ 1280;\" width=\"720\" controls src=\"https:\/\/sgvaimudar.com.br\/wp-content\/uploads\/2024\/10\/Snapinsta.app_video_6847F066CE87DF9897A34AC0E6769485_video_dashinit.mp4\"><\/video><\/figure>\n\n\n\n<p>A candidata do PMN a prefeita de S\u00e3o Gon\u00e7alo, Viviane Carvalho, esteve no Ceasa de S\u00e3o Gon\u00e7alo e disse que o local \u00e9 &#8220;um gigante ignorado pelo governo&#8221;. <\/p>\n\n\n\n<p>Ela explicou que s\u00f3 existem dois grandes entrepostos como o Ceasa no Rio de Janeiro. &#8220;Um na capital e outro aqui, em S\u00e3o Gon\u00e7alo. \u00c9 um espa\u00e7o que gera milhares de empregos e impulsiona a economia local, mas infelizmente n\u00e3o recebe o apoio que merece do governo&#8221;, disse Viviane.<\/p>\n\n\n\n<p>Na ocasi\u00e3o, a candidata do Novo disse que no pr\u00f3ximo domingo, o eleitor vai ter a oportunidade de mudar essa realidade. &#8220;Reflita: nos \u00faltimos quatro anos, o que mudou de verdade no seu bairro? N\u00e3o se deixe enganar por obras de fachada nas vias principais. Como est\u00e1 a Educa\u00e7\u00e3o? A sa\u00fade? As melhorias chegaram at\u00e9 voc\u00ea e sua fam\u00edlia?&#8221;, indagou a candidata do PMN.<\/p>\n\n\n\n<figure class=\"wp-block-video\"><video height=\"968\" style=\"aspect-ratio: 544 \/ 968;\" width=\"544\" controls src=\"https:\/\/sgvaimudar.com.br\/wp-content\/uploads\/2024\/10\/Snapinsta.app_video_104CC846D5620F14806E1B9E18B12C91_video_dashinit.mp4\"><\/video><\/figure>\n\n\n\n<p>A candidata a prefeita do Novo, Jaqueline Pedroza, ganhou um aux\u00edlio do deputado federal, Paulo Ganime, na reta final de sua caminhada. Ela disse que o apoio \u00e9 de peso para a sua candidatura e para S\u00e3o Gon\u00e7alo.\u00a0<\/p>\n\n\n\n<p>&#8220;Paulo Ganime \u00e9 um homem de trabalho e que fez um bel\u00edssimo mandato como deputado federal, que foi candidato a governador do Rio de Janeiro pelo partido Novo e que teve aqui em S\u00e3o Gon\u00e7alo, mais de 13 mil votos&#8221;, disse ela.<\/p>\n\n\n\n<p>Jaqueline pediu para aos eleitores que votaram no Ganime um voto de confian\u00e7a. &#8220;S\u00e3o Gon\u00e7alo precisa da nossa gest\u00e3o para ser uma cidade produtiva e pr\u00f3spera, liberta dessa velha pol\u00edtica&#8221;, disse Jaqueline Pedroza.<\/p>\n\n\n\n<figure class=\"wp-block-video\"><video height=\"1280\" style=\"aspect-ratio: 720 \/ 1280;\" width=\"720\" controls src=\"https:\/\/sgvaimudar.com.br\/wp-content\/uploads\/2024\/10\/Snapinsta.app_video_97416D88737F239604CFB28D41E78CBE_video_dashinit.mp4\"><\/video><\/figure>\n\n\n\n<p>O candidato do PSTU a prefeito de S\u00e3o Gon\u00e7alo, Reginaldo Afonso, caminhou pelo Alc\u00e2ntara e gravou v\u00eddeos para suas redes sociais. Na ocasi\u00e3o, ele disse que S\u00e3o Gon\u00e7alo \u00e9 o munic\u00edpio com a maior popula\u00e7\u00e3o negra. No entanto, a popula\u00e7\u00e3o negra ainda enfrenta os piores sal\u00e1rios, empregos prec\u00e1rios e lidera as estat\u00edsticas de desemprego. <\/p>\n\n\n\n<p>&#8220;Isso precisa mudar. \u00c9 hora de aquilombar S\u00e3o Gon\u00e7alo, removendo essa minoria que governa e colocando o povo no poder atrav\u00e9s dos Conselhos Populares. Desemprego e trabalho prec\u00e1rio s\u00e3o grandes desafios. A cidade enfrenta uma taxa de desemprego alarmante, e muitos trabalhadores precisam sair para outras cidades apenas para garantir o sustento, voltando apenas para dormir&#8221;, ressaltou o candidato do PSTU. <\/p>\n\n\n\n<p>Ele disse que sua candidatura se compromete a implementar um plano de obras p\u00fablicas que ir\u00e1 construir moradias, restaurantes populares, lavanderias p\u00fablicas e toda a infraestrutura de saneamento e transporte que o povo precisa. &#8220;Tudo isso para garantir empregos dignos e sal\u00e1rios justos para a nossa popula\u00e7\u00e3o&#8221;, concluiu Reginaldo.<\/p>\n\n\n\n<p>Sobre a agenda de campanha nesta sexta-feira (4), ele fez, \u00e0s 9h, caminhada e panfletagem no bairro de Santa Izabel. Neste s\u00e1bado (05\/10), Reginaldo, \u00e0s 8h, participa de caminhada e panfletagem em Alc\u00e2ntara, com almo\u00e7o com apoiadores no mesmo local. J\u00e1 no domingo (6), no dia da vota\u00e7\u00e3o, Reginaldo vai votar no Ciep 410 Patr\u00edcia Rendler Galv\u00e3o Pagu, em Santa Izabel, \u00e0s 9h.<\/p>\n\n\n\n<figure class=\"wp-block-video\"><video height=\"1280\" style=\"aspect-ratio: 720 \/ 1280;\" width=\"720\" controls src=\"https:\/\/sgvaimudar.com.br\/wp-content\/uploads\/2024\/10\/Snapinsta.app_video_DF496AEBB80314B1E08B4B1F43E18FBF_video_dashinit.mp4\"><\/video><\/figure>\n\n\n\n<p>O candidato do Psol a prefeitura de S\u00e3o Gon\u00e7alo, Professor Josemar, participou de uma caminhada da reta final de campanha no Centro de S\u00e3o Gon\u00e7alo. &#8220;Caminhamos pelo cora\u00e7\u00e3o de S\u00e3o Gon\u00e7alo. O centro da cidade foi tomado pela energia da mudan\u00e7a. Foi um momento importante e chegou a hora da mudan\u00e7a e de fazermos diferen\u00e7a na hora de votarmos. Vote consciente, vote em quem se preocupa, conhece e tem propostas concretas para a educa\u00e7\u00e3o de nossa cidade&#8221;, discursou Professor Josemar.<\/p>\n\n\n\n<p>O psolista disse que uma de suas bandeiras \u00e9 a prote\u00e7\u00e3o dos pets. &#8220;Proteger os animais \u00e9 proteger a vida. Estou comprometido com pol\u00edticas p\u00fablicas que garantam respeito e dignidade aos nossos amigos de quatro patas&#8221;, disse o Professor Josemar.<\/p>\n\n\n\n<p>Na ocasi\u00e3o, o Professor Josemar, afirmou que a verdadeira esquerda de S\u00e3o Gon\u00e7alo \u00e9 a que luta pelo povo. &#8220;Nosso compromisso \u00e9 com justi\u00e7a social, educa\u00e7\u00e3o de qualidade e uma cidade mais humana&#8221;, discursou ele.<\/p>\n\n\n\n<figure class=\"wp-block-video\"><video height=\"1280\" style=\"aspect-ratio: 720 \/ 1280;\" width=\"720\" controls src=\"https:\/\/sgvaimudar.com.br\/wp-content\/uploads\/2024\/10\/Snapinsta.app_video_B84D0BA033E6F825C8435EB758DCF98A_video_dashinit.mp4\"><\/video><\/figure>\n\n\n\n<p>O candidato do PT a prefeito de S\u00e3o Gon\u00e7alo, Dimas Gadelha, em seus discursos, disse que \u00e9 chegada a hora da sua grande carreata da vit\u00f3ria, neste s\u00e1bado, (05\/10). &#8220;Vamos juntos celebrar essa caminhada rumo a uma S\u00e3o Gon\u00e7alo melhor. Concentra\u00e7\u00e3o \u00e0s 9h em frente ao 7\u00ba BPM. Traga sua fam\u00edlia, amigos e muita energia! Vamos mostrar que S\u00e3o Gon\u00e7alo merece muito mais&#8221;, afirmou em suas postagens em redes sociais.<\/p>\n\n\n\n<p>Segundo Dimas, faltam tr\u00eas dias para a Moeda Social Tamoio se tornar realidade em S\u00e3o Gon\u00e7alo. &#8220;Com ela, vamos fortalecer o com\u00e9rcio local, gerar mais empregos e oportunidades, al\u00e9m de impulsionar a economia solid\u00e1ria. A Tamoio \u00e9 mais do que uma moeda, \u00e9 um s\u00edmbolo de inclus\u00e3o e desenvolvimento, conectando a popula\u00e7\u00e3o e fomentando o crescimento de nossa cidade&#8221;, afirmou o candidato.<\/p>\n\n\n\n<p>De acordo com o petista, disputar com a m\u00e1quina p\u00fablica nunca foi f\u00e1cil. &#8220;O uso abusivo de poder com os funcion\u00e1rios, cargos e dinheiro, torna a luta desleal, mas, mesmo diante desses desafios, persistimos com os nossos sonhos para S\u00e3o Gon\u00e7alo. Sonhamos com uma cidade onde as oportunidades cheguem a todos, onde cada bairro receba investimentos reais e onde a dignidade de cada gon\u00e7alense seja respeitada&#8221;, escreveu no texto.<\/p>\n\n\n\n<p>Dimas Gadelha disse que al\u00e9m da Moeda Tamoio, tem experi\u00eancia, coragem e um projeto claro para o futuro com o Vermelhinho, o passaporte universit\u00e1rio e todas as pol\u00edticas que deram frutos em Maric\u00e1. &#8220;A mudan\u00e7a est\u00e1 em nossas m\u00e3os, e juntos podemos fazer S\u00e3o Gon\u00e7alo crescer&#8221;, afirmou Dimas Gadelha.<\/p>\n\n\n\n<figure class=\"wp-block-image size-large\"><img fetchpriority=\"high\" decoding=\"async\" width=\"1024\" height=\"684\" src=\"https:\/\/sgvaimudar.com.br\/wp-content\/uploads\/2024\/10\/unnamed-1-2-1024x684.jpg\" alt=\"\" class=\"wp-image-12940\" srcset=\"https:\/\/sgvaimudar.com.br\/wp-content\/uploads\/2024\/10\/unnamed-1-2-1024x684.jpg 1024w, https:\/\/sgvaimudar.com.br\/wp-content\/uploads\/2024\/10\/unnamed-1-2-300x200.jpg 300w, https:\/\/sgvaimudar.com.br\/wp-content\/uploads\/2024\/10\/unnamed-1-2-768x513.jpg 768w, https:\/\/sgvaimudar.com.br\/wp-content\/uploads\/2024\/10\/unnamed-1-2-1536x1027.jpg 1536w, https:\/\/sgvaimudar.com.br\/wp-content\/uploads\/2024\/10\/unnamed-1-2.jpg 1616w\" sizes=\"(max-width: 1024px) 100vw, 1024px\" \/><\/figure>\n\n\n\n<p>O candidato a prefeito do PL, Capit\u00e3o Nelson, nesta quinta-feira (3\/10), cumpriu compromissos de governo e, durante \u00e0 tarde, realizou uma carreata por diversos bairros da cidade. \u00c0 noite ele seguiu com a sua agenda de campanha pol\u00edtica em busca da reelei\u00e7\u00e3o como prefeito de S\u00e3o Gon\u00e7alo.<\/p>\n\n\n\n<p>Na carreata desta quinta-feira, o atual prefeito de S\u00e3o Gon\u00e7alo percorreu os bairros Boa Vista, Porto da pedra, Centro, Camar\u00e3o, Porto Novo, Gradim, Para\u00edso, Porto Velho, Neves e Covanca, cumprimentando eleitores ao longo do trajeto.<\/p>\n\n\n\n<p>Na quarta-feira (2), ele fez uma caminhada pelo Barenco, no bairro Boa\u00e7u, onde conversou com eleitores e comerciantes locais da Rua Alfredo Bahiense. Tamb\u00e9m participou de reuni\u00f5es com candidatos a vereador nos bairros Centro, Porto da Pedra e Para\u00edso.<\/p>\n\n\n\n<p>Nos encontros, Capit\u00e3o Nelson ressaltou a for\u00e7a da cidade de S\u00e3o Gon\u00e7alo e o papel fundamental da representatividade pol\u00edtica que a cidade alcan\u00e7ou e o salto de qualidade na \u00e1rea da sa\u00fade que o munic\u00edpio conquistou.<\/p>\n\n\n\n<p>\u201cS\u00e3o Gon\u00e7alo \u00e9 grande! N\u00f3s somos uma pot\u00eancia! N\u00e3o temos que ficar dependendo de outras cidades para cuidar da sa\u00fade. Hoje s\u00e3o 1300 gon\u00e7alenses que s\u00e3o atendidos diariamente no Ciesg. Temos que ter tudo aqui em S\u00e3o Gon\u00e7alo. \u00c9 importante permanecermos unidos para que S\u00e3o Gon\u00e7alo continue a avan\u00e7ar&#8221;, disse Capit\u00e3o Nelson.<\/p>\n\n\n\n<p>Os moradores do Boa\u00e7u cumprimentaram Capit\u00e3o Nelson e falaram dos avan\u00e7os que chegaram ao bairro.<\/p>\n\n\n\n<p>\u201cMoro aqui h\u00e1 34 anos. N\u00e3o t\u00ednhamos essa pavimenta\u00e7\u00e3o que a gente t\u00e1 vendo aqui hoje. Passaram v\u00e1rios prefeitos por S\u00e3o Gon\u00e7alo e o \u00fanico que fez alguma coisa pelo nosso bairro foi o Capit\u00e3o Nelson. Perto da garagem da Mau\u00e1 a gente n\u00e3o conseguia passar em dias de chuva. Muitas fam\u00edlias perderam tudo dentro de casa e isso mudou. Votei nele em 2020 e continuo votando nele. Ele mudou a vida do gon\u00e7alense e est\u00e1 mostrando trabalho. Ele trabalha!\u201d disse Vilma Porto, de 57 anos, moradora do Boa\u00e7u.<\/p>\n\n\n\n<p>A chegada do programa Ilumina S\u00e3o Gon\u00e7alo tamb\u00e9m foi lembrada pela popula\u00e7\u00e3o local.<\/p>\n\n\n\n<p>\u201cSou morador do Boa\u00e7u h\u00e1 40 anos. Nosso bairro recebeu ilumina\u00e7\u00e3o toda nova, pavimenta\u00e7\u00e3o em muitas ruas. O Capit\u00e3o tamb\u00e9m fez a pra\u00e7a. Acredito que no domingo ele ganhe no primeiro turno\u201d, disse o mec\u00e2nico industrial Valdenor dos Santos, de 72 anos.<\/p>\n\n\n\n<p>Antes das elei\u00e7\u00f5es deste domingo (6), o atual prefeito segue empenhado nos \u00faltimos dias de campanha pol\u00edtica com sua agenda de reuni\u00f5es por toda a cidade, junto a candidatos a vereador e eleitores.<\/p>\n\n\n\n<p><strong><em><sup>S\u00e3o Gon\u00e7alo Vai Mudar. O Maior Portal da Cidade.<\/sup><\/em><\/strong><\/p>\n\n\n\n<figure class=\"wp-block-image size-full\"><img decoding=\"async\" width=\"250\" height=\"87\" src=\"https:\/\/sgvaimudar.com.br\/wp-content\/uploads\/2023\/08\/cropped-Logo.png\" alt=\"\" class=\"wp-image-2739\" \/><\/figure>\n","protected":false},"excerpt":{"rendered":"<p>Os candidatos(as)\u00a0Jaqueline Pedroza (Novo),\u00a0Viviane Carvalho (PMN),\u00a0Reginaldo Afonso\u00a0(PSTU),\u00a0Professor Josemar (Psol),\u00a0Dimas Gadelha (PT)\u00a0e\u00a0Capit\u00e3o Nelson (PL) fizeram caminhadas e panfletagem, gravaram v\u00eddeos nas&hellip;<\/p>\n","protected":false},"author":5,"featured_media":12262,"comment_status":"open","ping_status":"open","sticky":false,"template":"","format":"standard","meta":{"fifu_image_url":"","fifu_image_alt":"","footnotes":""},"categories":[3],"tags":[],"class_list":["post-12939","post","type-post","status-publish","format-standard","has-post-thumbnail","hentry","category-sao-goncalo"],"_links":{"self":[{"href":"https:\/\/sgvaimudar.com.br\/index.php\/wp-json\/wp\/v2\/posts\/12939","targetHints":{"allow":["GET"]}}],"collection":[{"href":"https:\/\/sgvaimudar.com.br\/index.php\/wp-json\/wp\/v2\/posts"}],"about":[{"href":"https:\/\/sgvaimudar.com.br\/index.php\/wp-json\/wp\/v2\/types\/post"}],"author":[{"embeddable":true,"href":"https:\/\/sgvaimudar.com.br\/index.php\/wp-json\/wp\/v2\/users\/5"}],"replies":[{"embeddable":true,"href":"https:\/\/sgvaimudar.com.br\/index.php\/wp-json\/wp\/v2\/comments?post=12939"}],"version-history":[{"count":1,"href":"https:\/\/sgvaimudar.com.br\/index.php\/wp-json\/wp\/v2\/posts\/12939\/revisions"}],"predecessor-version":[{"id":12951,"href":"https:\/\/sgvaimudar.com.br\/index.php\/wp-json\/wp\/v2\/posts\/12939\/revisions\/12951"}],"wp:featuredmedia":[{"embeddable":true,"href":"https:\/\/sgvaimudar.com.br\/index.php\/wp-json\/wp\/v2\/media\/12262"}],"wp:attachment":[{"href":"https:\/\/sgvaimudar.com.br\/index.php\/wp-json\/wp\/v2\/media?parent=12939"}],"wp:term":[{"taxonomy":"category","embeddable":true,"href":"https:\/\/sgvaimudar.com.br\/index.php\/wp-json\/wp\/v2\/categories?post=12939"},{"taxonomy":"post_tag","embeddable":true,"href":"https:\/\/sgvaimudar.com.br\/index.php\/wp-json\/wp\/v2\/tags?post=12939"}],"curies":[{"name":"wp","href":"https:\/\/api.w.org\/{rel}","templated":true}]}}