{"id":12922,"date":"2024-10-04T07:58:58","date_gmt":"2024-10-04T10:58:58","guid":{"rendered":"https:\/\/sgvaimudar.com.br\/?p=12922"},"modified":"2024-10-04T07:58:58","modified_gmt":"2024-10-04T10:58:58","slug":"ex-prefeito-do-rio-roberto-saturnino-braga-morre-aos-93-anos","status":"publish","type":"post","link":"https:\/\/sgvaimudar.com.br\/index.php\/2024\/10\/04\/ex-prefeito-do-rio-roberto-saturnino-braga-morre-aos-93-anos\/","title":{"rendered":"Ex-prefeito do Rio Roberto Saturnino Braga morre aos 93 anos"},"content":{"rendered":"\n<p><em>Ele foi o primeiro eleito diretamente ap\u00f3s a redemocratiza\u00e7\u00e3o<\/em><\/p>\n\n\n\n<p>O ex-prefeito da capital fluminense Roberto Saturnino Braga morreu nesta quinta-feira (3). O pol\u00edtico, que completou 93 anos em 13 de setembro, estava internado no Centro de Terapia Intensiva do Hospital Pr\u00f3-Card\u00edaco, na Zona Sul da cidade do Rio, onde deu entrada na \u00faltima sexta-feira (27).<img decoding=\"async\" src=\"https:\/\/agenciabrasil.ebc.com.br\/ebc.png?id=1614395&amp;o=node\"><img decoding=\"async\" src=\"https:\/\/agenciabrasil.ebc.com.br\/ebc.gif?id=1614395&amp;o=node\"><\/p>\n\n\n\n<p>Em 1986,&nbsp;com quase 40% dos votos pelo Partido Democr\u00e1tico Trabalhista (PDT), Saturnino se tornou o primeiro prefeito do Rio eleito diretamente ap\u00f3s a redemocratiza\u00e7\u00e3o, cargo que ocupou at\u00e9 1988.<\/p>\n\n\n\n<p>Antes, foi deputado federal em 1963, a partir de uma coliga\u00e7\u00e3o formada pelo Partido Socialista Brasileiro (PSB), pelo Movimento Trabalhista Renovador (MTR) e pelo Partido Social Trabalhista (PST), e senador de 1975 a 1985 pelo Movimento Democr\u00e1tico Brasileiro (MDB).<\/p>\n\n\n\n<p>Durante a pandemia de Covid-19,\u00a0Braga lembrou sua carreira pol\u00edtica\u00a0em um epis\u00f3dio da s\u00e9rie\u00a0Depoimentos Cariocas, do Arquivo Geral da Cidade do Rio de Janeiro.<\/p>\n\n\n\n<p><strong><em><sup>S\u00e3o Gon\u00e7alo Vai Mudar. O Maior Portal da Cidade.<\/sup><\/em><\/strong><\/p>\n\n\n\n<figure class=\"wp-block-image size-full\"><img decoding=\"async\" width=\"251\" height=\"88\" src=\"https:\/\/sgvaimudar.com.br\/wp-content\/uploads\/2023\/08\/Logo.png\" alt=\"\" class=\"wp-image-2738\" \/><\/figure>\n","protected":false},"excerpt":{"rendered":"<p>Ele foi o primeiro eleito diretamente ap\u00f3s a redemocratiza\u00e7\u00e3o O ex-prefeito da capital fluminense Roberto Saturnino Braga morreu nesta quinta-feira&hellip;<\/p>\n","protected":false},"author":5,"featured_media":12923,"comment_status":"open","ping_status":"open","sticky":false,"template":"","format":"standard","meta":{"fifu_image_url":"","fifu_image_alt":"","footnotes":""},"categories":[4],"tags":[],"class_list":["post-12922","post","type-post","status-publish","format-standard","has-post-thumbnail","hentry","category-brasil"],"_links":{"self":[{"href":"https:\/\/sgvaimudar.com.br\/index.php\/wp-json\/wp\/v2\/posts\/12922","targetHints":{"allow":["GET"]}}],"collection":[{"href":"https:\/\/sgvaimudar.com.br\/index.php\/wp-json\/wp\/v2\/posts"}],"about":[{"href":"https:\/\/sgvaimudar.com.br\/index.php\/wp-json\/wp\/v2\/types\/post"}],"author":[{"embeddable":true,"href":"https:\/\/sgvaimudar.com.br\/index.php\/wp-json\/wp\/v2\/users\/5"}],"replies":[{"embeddable":true,"href":"https:\/\/sgvaimudar.com.br\/index.php\/wp-json\/wp\/v2\/comments?post=12922"}],"version-history":[{"count":1,"href":"https:\/\/sgvaimudar.com.br\/index.php\/wp-json\/wp\/v2\/posts\/12922\/revisions"}],"predecessor-version":[{"id":12924,"href":"https:\/\/sgvaimudar.com.br\/index.php\/wp-json\/wp\/v2\/posts\/12922\/revisions\/12924"}],"wp:featuredmedia":[{"embeddable":true,"href":"https:\/\/sgvaimudar.com.br\/index.php\/wp-json\/wp\/v2\/media\/12923"}],"wp:attachment":[{"href":"https:\/\/sgvaimudar.com.br\/index.php\/wp-json\/wp\/v2\/media?parent=12922"}],"wp:term":[{"taxonomy":"category","embeddable":true,"href":"https:\/\/sgvaimudar.com.br\/index.php\/wp-json\/wp\/v2\/categories?post=12922"},{"taxonomy":"post_tag","embeddable":true,"href":"https:\/\/sgvaimudar.com.br\/index.php\/wp-json\/wp\/v2\/tags?post=12922"}],"curies":[{"name":"wp","href":"https:\/\/api.w.org\/{rel}","templated":true}]}}