{"id":12890,"date":"2024-10-03T10:02:16","date_gmt":"2024-10-03T13:02:16","guid":{"rendered":"https:\/\/sgvaimudar.com.br\/?p=12890"},"modified":"2024-10-03T10:09:03","modified_gmt":"2024-10-03T13:09:03","slug":"que-pena-morre-o-jornalista-cid-moreira-aos-97-anos","status":"publish","type":"post","link":"https:\/\/sgvaimudar.com.br\/index.php\/2024\/10\/03\/que-pena-morre-o-jornalista-cid-moreira-aos-97-anos\/","title":{"rendered":"Morre o jornalista Cid Moreira, aos 97 anos"},"content":{"rendered":"\n<p><em>Locutor foi apresentador do &#8220;Jornal Nacional&#8221; por anos<\/em><\/p>\n\n\n\n<p>O jornalista e ex-apresentador do Jornal Nacional Cid Moreira, morreu, na manh\u00e3, desta quinta-feira (3\/10), aos 97 anos. Ele estava internado em no hospital Santa Teresa, Teres\u00f3polis, na Regi\u00e3o Serrana do Rio de Janeiro desde a semana passada e nas \u00faltimas semanas vinha tratando de uma pneumonia.<\/p>\n\n\n\n<p>Cid fez anivers\u00e1rio no \u00faltimo domingo, 29. Ele era casado h\u00e1 23 anos com a jornalista F\u00e1tima Sampaio.<\/p>\n\n\n\n<p>Segundo a vi\u00fava informou a um peri\u00f3dico, no \u00faltimo s\u00e1bado, 28, o jornalista estava fazendo di\u00e1lise peritoneal h\u00e1 quatro anos em casa e tinha que fazer um check-up geral de tr\u00eas em tr\u00eas meses. &#8220;Ele veio v\u00e1rias vezes no hospital e ficou o dia inteiro, para fazer quatro, cinco exames. Ele toma algumas inje\u00e7\u00f5es que ajuda a dar for\u00e7as&#8221;.<\/p>\n\n\n\n<h2 class=\"wp-block-heading\">Vida e carreira<\/h2>\n\n\n\n<p>Cid Moreira nasceu em Taubat\u00e9, no Vale do Para\u00edba, em 1927. Ele iniciou a carreira no r\u00e1dio em 1944, depois de ser descoberto por um amigo que o incentivou a fazer um teste de locu\u00e7\u00e3o na R\u00e1dio Difusora de Taubat\u00e9. <\/p>\n\n\n\n<p>Nos anos seguintes, entre 1944 e 1949, ele narrou comerciais at\u00e9 se mudar para S\u00e3o Paulo, onde trabalhou na R\u00e1dio Bandeirantes e na Propago Publicidade.<\/p>\n\n\n\n<p>Em 1951, transferiu-se para o Rio de Janeiro, onde foi contratado pela R\u00e1dio Mayrink Veiga. Foi l\u00e1 que, entre 1951 e 1956,\u00a0come\u00e7ou a ter suas primeiras experi\u00eancias na televis\u00e3o, apresentando comerciais ao vivo em programas como \u201cAl\u00e9m da Imagina\u00e7\u00e3o\u201d e \u201cNoite de Gala\u201d, na TV Rio.<\/p>\n\n\n\n<p>Sua estreia como locutor de notici\u00e1rios aconteceu em 1963, no \u201cJornal de Vanguarda\u201d, da TV Rio, o que marcou o in\u00edcio de sua carreira no jornalismo televisivo. Nos anos seguintes, trabalhou nesse mesmo programa em v\u00e1rias emissoras, como Tupi, Globo, Excelsior e Continental, consolidando sua presen\u00e7a na televis\u00e3o.<\/p>\n\n\n\n<h2 class=\"wp-block-heading\">Ele estreou o JN<\/h2>\n\n\n\n<p>Em 1969, Cid Moreira voltou \u00e0 Globo para substituir Lu\u00eds Jatob\u00e1 no \u201cJornal da Globo\u201d. No mesmo ano,\u00a0foi escalado para a equipe do rec\u00e9m-lan\u00e7ado \u201cJornal Nacional\u201d, o 1\u00ba telejornal transmitido em rede no Brasil. A estreia ocorreu em setembro de 1969, e Cid dividiu a bancada com Hilton Gomes.<\/p>\n\n\n\n<p>Cid Moreira se lembra do nervosismo na estreia daquele que, em pouco tempo, seria o principal telejornal da televis\u00e3o brasileira. \u201cEu chegava no hor\u00e1rio de fazer o jornal, n\u00e3o participava da reda\u00e7\u00e3o. Eu s\u00f3 ia para apresentar o jornal. Naquele dia, cheguei e vi aquele nervosismo, todo mundo preocupado.\u00a0E, para mim, era normal.\u00a0Mas no dia seguinte, vi na capa do jornal O Globo: \u2018Jornal Nacional\u2026\u2019\u00a0A\u00ed comecei a perceber a dimens\u00e3o\u201d, revelou ao Mem\u00f3ria Globo.<\/p>\n\n\n\n<p>Dois anos depois, iniciou uma parceria de longa data com S\u00e9rgio Chapelin. Durante 26 anos,&nbsp;Cid foi o principal rosto do JN. Sua voz tornou-se sin\u00f4nimo de credibilidade, e seu&nbsp;<strong>\u201cboa-noite\u201d<\/strong>&nbsp;di\u00e1rio marcou a televis\u00e3o brasileira.<\/p>\n\n\n\n<p>Em 1996, uma reformula\u00e7\u00e3o do programa trouxe novos apresentadores, William Bonner e Lillian Witte Fibe, com Cid Moreira dedicando-se \u00e0 leitura de editoriais.<\/p>\n\n\n\n<h2 class=\"wp-block-heading\">Senhor de todos os sortil\u00e9gios\u2019<\/h2>\n\n\n\n<p>Paralelamente, Cid tamb\u00e9m participou do \u201cFant\u00e1stico\u201d desde sua estreia, em 1973, revezando com outros apresentadores. Em 1999, ele narrou o famoso quadro de&nbsp;<strong>Mr. M<\/strong>, que se tornou um grande sucesso do programa. Sua voz ic\u00f4nica ficou t\u00e3o ligada ao quadro que ele entrevistou o pr\u00f3prio Mr. M quando o ilusionista visitou o Brasil no ano seguinte.<\/p>\n\n\n\n<p>A partir da d\u00e9cada de 1990, Cid come\u00e7ou a se dedicar \u00e0 grava\u00e7\u00e3o de salmos b\u00edblicos. Em 2011,&nbsp;realizou o objetivo de gravar a B\u00edblia na \u00edntegra, projeto que se tornou um grande sucesso de vendas.<\/p>\n\n\n\n<p>Em 2010, foi lan\u00e7ada a biografia \u201cBoa Noite \u2013 Cid Moreira, a Grande Voz da Comunica\u00e7\u00e3o do Brasil\u201d, escrita por sua esposa, F\u00e1tima Sampaio Moreira. Durante a Copa do Mundo daquele ano, ele gravou a famosa vinheta\u00a0<strong>\u201cJabulaaani!\u201d<\/strong>\u00a0para a cobertura do \u201cFant\u00e1stico\u201d e programas esportivos da Globo, adicionando mais um cap\u00edtulo \u00e0 sua ilustre carreira.<\/p>\n\n\n\n<p><\/p>\n\n\n\n<p><strong><em><sup>S\u00e3o Gon\u00e7alo Vai Mudar. O Maior Portal da Cidade.<\/sup><\/em><\/strong><\/p>\n\n\n\n<figure class=\"wp-block-image size-full\"><img decoding=\"async\" width=\"250\" height=\"87\" src=\"https:\/\/sgvaimudar.com.br\/wp-content\/uploads\/2023\/08\/cropped-Logo.png\" alt=\"\" class=\"wp-image-2739\" \/><\/figure>\n","protected":false},"excerpt":{"rendered":"<p>Locutor foi apresentador do &#8220;Jornal Nacional&#8221; por anos O jornalista e ex-apresentador do Jornal Nacional Cid Moreira, morreu, na manh\u00e3,&hellip;<\/p>\n","protected":false},"author":5,"featured_media":12891,"comment_status":"open","ping_status":"open","sticky":false,"template":"","format":"standard","meta":{"fifu_image_url":"","fifu_image_alt":"","footnotes":""},"categories":[4],"tags":[],"class_list":["post-12890","post","type-post","status-publish","format-standard","has-post-thumbnail","hentry","category-brasil"],"_links":{"self":[{"href":"https:\/\/sgvaimudar.com.br\/index.php\/wp-json\/wp\/v2\/posts\/12890","targetHints":{"allow":["GET"]}}],"collection":[{"href":"https:\/\/sgvaimudar.com.br\/index.php\/wp-json\/wp\/v2\/posts"}],"about":[{"href":"https:\/\/sgvaimudar.com.br\/index.php\/wp-json\/wp\/v2\/types\/post"}],"author":[{"embeddable":true,"href":"https:\/\/sgvaimudar.com.br\/index.php\/wp-json\/wp\/v2\/users\/5"}],"replies":[{"embeddable":true,"href":"https:\/\/sgvaimudar.com.br\/index.php\/wp-json\/wp\/v2\/comments?post=12890"}],"version-history":[{"count":3,"href":"https:\/\/sgvaimudar.com.br\/index.php\/wp-json\/wp\/v2\/posts\/12890\/revisions"}],"predecessor-version":[{"id":12895,"href":"https:\/\/sgvaimudar.com.br\/index.php\/wp-json\/wp\/v2\/posts\/12890\/revisions\/12895"}],"wp:featuredmedia":[{"embeddable":true,"href":"https:\/\/sgvaimudar.com.br\/index.php\/wp-json\/wp\/v2\/media\/12891"}],"wp:attachment":[{"href":"https:\/\/sgvaimudar.com.br\/index.php\/wp-json\/wp\/v2\/media?parent=12890"}],"wp:term":[{"taxonomy":"category","embeddable":true,"href":"https:\/\/sgvaimudar.com.br\/index.php\/wp-json\/wp\/v2\/categories?post=12890"},{"taxonomy":"post_tag","embeddable":true,"href":"https:\/\/sgvaimudar.com.br\/index.php\/wp-json\/wp\/v2\/tags?post=12890"}],"curies":[{"name":"wp","href":"https:\/\/api.w.org\/{rel}","templated":true}]}}