{"id":12862,"date":"2024-10-02T13:57:53","date_gmt":"2024-10-02T16:57:53","guid":{"rendered":"https:\/\/sgvaimudar.com.br\/?p=12862"},"modified":"2024-10-02T13:58:54","modified_gmt":"2024-10-02T16:58:54","slug":"ministra-anielle-franco-presta-depoimento-a-pf-em-investigacao-sobre-suposto-assedio-envolvendo-ex-ministro-silvio-almeida","status":"publish","type":"post","link":"https:\/\/sgvaimudar.com.br\/index.php\/2024\/10\/02\/ministra-anielle-franco-presta-depoimento-a-pf-em-investigacao-sobre-suposto-assedio-envolvendo-ex-ministro-silvio-almeida\/","title":{"rendered":"Ministra Anielle Franco presta depoimento \u00e0 PF em investiga\u00e7\u00e3o sobre suposto ass\u00e9dio envolvendo ex-ministro Silvio Almeida"},"content":{"rendered":"\n<p>A ministra da Igualdade Racial, Anielle Franco, prestou depoimento nesta quarta-feira (2), na sede da Pol\u00edcia Federal, no \u00e2mbito do inqu\u00e9rito que investiga o ex-ministro dos Direitos Humanos e da Cidadania, Silvio Almeida, por suposto ass\u00e9dio moral e sexual. A investiga\u00e7\u00e3o foi aberta em 17 de setembro por ordem do ministro Andr\u00e9 Mendon\u00e7a, do Supremo Tribunal Federal (STF).<\/p>\n\n\n\n<p>Silvio Almeida foi demitido da pasta no dia 6 de setembro, um dia ap\u00f3s a ONG Me Too Brasil divulgar den\u00fancias de ass\u00e9dio sexual contra ele. Entre as v\u00edtimas estaria a pr\u00f3pria Anielle Franco. De acordo com relatos, os epis\u00f3dios de viol\u00eancia sexual inclu\u00edram toques inapropriados nas pernas da ministra, beijos sem consentimento e coment\u00e1rios de cunho sexual.<\/p>\n\n\n\n<p>Al\u00e9m das den\u00fancias de ass\u00e9dio sexual, o ex-ministro tamb\u00e9m \u00e9 acusado de ass\u00e9dio moral enquanto esteve \u00e0 frente do minist\u00e9rio. No dia de sua demiss\u00e3o, o presidente Luiz In\u00e1cio Lula da Silva emitiu uma nota oficial declarando que comportamentos desse tipo n\u00e3o seriam tolerados em seu governo. Silvio Almeida, no entanto, nega todas as acusa\u00e7\u00f5es.<\/p>\n\n\n\n<p>O depoimento da ministra teve in\u00edcio \u00e0s 10h05 e foi conclu\u00eddo por volta das 11h25. Conforme informa\u00e7\u00f5es obtidas pela CNN, todo o depoimento foi gravado, e sua transcri\u00e7\u00e3o ser\u00e1 feita posteriormente, com o objetivo de agilizar o procedimento.<\/p>\n","protected":false},"excerpt":{"rendered":"<p>A ministra da Igualdade Racial, Anielle Franco, prestou depoimento nesta quarta-feira (2), na sede da Pol\u00edcia Federal, no \u00e2mbito do&hellip;<\/p>\n","protected":false},"author":6,"featured_media":12863,"comment_status":"open","ping_status":"open","sticky":false,"template":"","format":"standard","meta":{"fifu_image_url":"","fifu_image_alt":"","footnotes":""},"categories":[4],"tags":[],"class_list":["post-12862","post","type-post","status-publish","format-standard","has-post-thumbnail","hentry","category-brasil"],"_links":{"self":[{"href":"https:\/\/sgvaimudar.com.br\/index.php\/wp-json\/wp\/v2\/posts\/12862","targetHints":{"allow":["GET"]}}],"collection":[{"href":"https:\/\/sgvaimudar.com.br\/index.php\/wp-json\/wp\/v2\/posts"}],"about":[{"href":"https:\/\/sgvaimudar.com.br\/index.php\/wp-json\/wp\/v2\/types\/post"}],"author":[{"embeddable":true,"href":"https:\/\/sgvaimudar.com.br\/index.php\/wp-json\/wp\/v2\/users\/6"}],"replies":[{"embeddable":true,"href":"https:\/\/sgvaimudar.com.br\/index.php\/wp-json\/wp\/v2\/comments?post=12862"}],"version-history":[{"count":2,"href":"https:\/\/sgvaimudar.com.br\/index.php\/wp-json\/wp\/v2\/posts\/12862\/revisions"}],"predecessor-version":[{"id":12865,"href":"https:\/\/sgvaimudar.com.br\/index.php\/wp-json\/wp\/v2\/posts\/12862\/revisions\/12865"}],"wp:featuredmedia":[{"embeddable":true,"href":"https:\/\/sgvaimudar.com.br\/index.php\/wp-json\/wp\/v2\/media\/12863"}],"wp:attachment":[{"href":"https:\/\/sgvaimudar.com.br\/index.php\/wp-json\/wp\/v2\/media?parent=12862"}],"wp:term":[{"taxonomy":"category","embeddable":true,"href":"https:\/\/sgvaimudar.com.br\/index.php\/wp-json\/wp\/v2\/categories?post=12862"},{"taxonomy":"post_tag","embeddable":true,"href":"https:\/\/sgvaimudar.com.br\/index.php\/wp-json\/wp\/v2\/tags?post=12862"}],"curies":[{"name":"wp","href":"https:\/\/api.w.org\/{rel}","templated":true}]}}