{"id":12843,"date":"2024-10-02T13:00:00","date_gmt":"2024-10-02T16:00:00","guid":{"rendered":"https:\/\/sgvaimudar.com.br\/?p=12843"},"modified":"2024-10-02T09:50:45","modified_gmt":"2024-10-02T12:50:45","slug":"paineis-do-cidade-ilustrada-ja-transformam-o-centro-de-sao-goncalo","status":"publish","type":"post","link":"https:\/\/sgvaimudar.com.br\/index.php\/2024\/10\/02\/paineis-do-cidade-ilustrada-ja-transformam-o-centro-de-sao-goncalo\/","title":{"rendered":"Pain\u00e9is do Cidade Ilustrada j\u00e1 transformam o Centro de S\u00e3o Gon\u00e7alo"},"content":{"rendered":"\n<p><em>Desenhos criam ambiente agrad\u00e1vel e conscientizam sobre conserva\u00e7\u00e3o dos espa\u00e7os<\/em><\/p>\n\n\n\n<p>O munic\u00edpio de S\u00e3o Gon\u00e7alo esta mais colorido e quem passa por bairros como Alc\u00e2ntara e Coluband\u00ea, por exemplo, j\u00e1 p\u00f4de constatar isso, com os pain\u00e9is de grafites desenvolvidos nesses bairros. <\/p>\n\n\n\n<figure class=\"wp-block-image size-full\"><img fetchpriority=\"high\" decoding=\"async\" width=\"1024\" height=\"683\" src=\"https:\/\/sgvaimudar.com.br\/wp-content\/uploads\/2024\/10\/unnamed-2-1.jpg\" alt=\"\" class=\"wp-image-12844\" srcset=\"https:\/\/sgvaimudar.com.br\/wp-content\/uploads\/2024\/10\/unnamed-2-1.jpg 1024w, https:\/\/sgvaimudar.com.br\/wp-content\/uploads\/2024\/10\/unnamed-2-1-300x200.jpg 300w, https:\/\/sgvaimudar.com.br\/wp-content\/uploads\/2024\/10\/unnamed-2-1-768x512.jpg 768w\" sizes=\"(max-width: 1024px) 100vw, 1024px\" \/><\/figure>\n\n\n\n<p>Agora, dois novos murais est\u00e3o sendo feitos em pontos na Avenida Presidente Kennedy, no Centro: um com v\u00e1rios rostos ind\u00edgenas, que remonta um pouco da hist\u00f3ria do munic\u00edpio, e outro com pessoas andando de patins e bicicletas, pr\u00f3ximo \u00e0 ciclovia do Muvi, incentivando o esporte.<\/p>\n\n\n\n<p>Os desenhos foram desenvolvidos pelos mais diversos bairros, por grafiteiros do Programa Cidade Ilustrada, da Secretaria de Desenvolvimento Econ\u00f4mico da Prefeitura, que re\u00fane dezenas de artistas locais sob a curadoria do artista gon\u00e7alense Marcelo Eco.<\/p>\n\n\n\n<p>O Cidade Ilustrada surgiu no primeiro ano da atual gest\u00e3o para proporcionar um ambiente agrad\u00e1vel e conscientizar a popula\u00e7\u00e3o sobre a necessidade de conservar os espa\u00e7os p\u00fablicos. Atualmente, um curso de grafite est\u00e1 em execu\u00e7\u00e3o para que uma nova gera\u00e7\u00e3o de grafiteiros gon\u00e7alenses possa surgir para incrementar ainda mais o projeto.<\/p>\n\n\n\n<p>O trabalho dos artistas do Cidade Ilustrada chama a aten\u00e7\u00e3o de quem passa diariamente por diversos pontos da cidade, como a nova Pra\u00e7a do Coluband\u00ea; as passarelas do Coelho e do Arsenal; o MUVI (especialmente no ponto da Pra\u00e7a Ex-Combatentes, no bairro Patronato); as salas de atendimento do Pronto Socorro Infantil Darcy Vargas (PSI), no Z\u00e9 Garoto; a Pra\u00e7a da Praia das Pedrinhas; o Centro de Atendimento Veterin\u00e1rio Municipal (Cavem), no Alc\u00e2ntara; o Ecoponto do Barro Vermelho; os viadutos de Maria Paula, Santa Luzia, Tribob\u00f3, Coluband\u00ea, Jardim Catarina e Marambaia, e os pared\u00f5es de Alc\u00e2ntara; dentre outros.<\/p>\n\n\n\n<p><strong><em><sup>S\u00e3o Gon\u00e7alo Vai Mudar. O Maior Portal da Cidade.<\/sup><\/em><\/strong><\/p>\n\n\n\n<figure class=\"wp-block-image size-full\"><img decoding=\"async\" width=\"251\" height=\"88\" src=\"https:\/\/sgvaimudar.com.br\/wp-content\/uploads\/2023\/08\/Logo.png\" alt=\"\" class=\"wp-image-2738\" \/><\/figure>\n","protected":false},"excerpt":{"rendered":"<p>Desenhos criam ambiente agrad\u00e1vel e conscientizam sobre conserva\u00e7\u00e3o dos espa\u00e7os O munic\u00edpio de S\u00e3o Gon\u00e7alo esta mais colorido e quem&hellip;<\/p>\n","protected":false},"author":5,"featured_media":12845,"comment_status":"open","ping_status":"open","sticky":false,"template":"","format":"standard","meta":{"fifu_image_url":"","fifu_image_alt":"","footnotes":""},"categories":[3],"tags":[],"class_list":["post-12843","post","type-post","status-publish","format-standard","has-post-thumbnail","hentry","category-sao-goncalo"],"_links":{"self":[{"href":"https:\/\/sgvaimudar.com.br\/index.php\/wp-json\/wp\/v2\/posts\/12843","targetHints":{"allow":["GET"]}}],"collection":[{"href":"https:\/\/sgvaimudar.com.br\/index.php\/wp-json\/wp\/v2\/posts"}],"about":[{"href":"https:\/\/sgvaimudar.com.br\/index.php\/wp-json\/wp\/v2\/types\/post"}],"author":[{"embeddable":true,"href":"https:\/\/sgvaimudar.com.br\/index.php\/wp-json\/wp\/v2\/users\/5"}],"replies":[{"embeddable":true,"href":"https:\/\/sgvaimudar.com.br\/index.php\/wp-json\/wp\/v2\/comments?post=12843"}],"version-history":[{"count":1,"href":"https:\/\/sgvaimudar.com.br\/index.php\/wp-json\/wp\/v2\/posts\/12843\/revisions"}],"predecessor-version":[{"id":12846,"href":"https:\/\/sgvaimudar.com.br\/index.php\/wp-json\/wp\/v2\/posts\/12843\/revisions\/12846"}],"wp:featuredmedia":[{"embeddable":true,"href":"https:\/\/sgvaimudar.com.br\/index.php\/wp-json\/wp\/v2\/media\/12845"}],"wp:attachment":[{"href":"https:\/\/sgvaimudar.com.br\/index.php\/wp-json\/wp\/v2\/media?parent=12843"}],"wp:term":[{"taxonomy":"category","embeddable":true,"href":"https:\/\/sgvaimudar.com.br\/index.php\/wp-json\/wp\/v2\/categories?post=12843"},{"taxonomy":"post_tag","embeddable":true,"href":"https:\/\/sgvaimudar.com.br\/index.php\/wp-json\/wp\/v2\/tags?post=12843"}],"curies":[{"name":"wp","href":"https:\/\/api.w.org\/{rel}","templated":true}]}}