{"id":12773,"date":"2024-10-01T10:26:12","date_gmt":"2024-10-01T13:26:12","guid":{"rendered":"https:\/\/sgvaimudar.com.br\/?p=12773"},"modified":"2024-10-01T10:26:12","modified_gmt":"2024-10-01T13:26:12","slug":"sgvm-eleicoes-2024-menos-de-uma-semana-para-o-1o-turno-confira-como-foi-a-agenda-dos-candidatos-a-prefeito-de-sao-goncalo","status":"publish","type":"post","link":"https:\/\/sgvaimudar.com.br\/index.php\/2024\/10\/01\/sgvm-eleicoes-2024-menos-de-uma-semana-para-o-1o-turno-confira-como-foi-a-agenda-dos-candidatos-a-prefeito-de-sao-goncalo\/","title":{"rendered":"SGVM Elei\u00e7\u00f5es 2024: menos de uma semana para o 1\u00ba turno. Confira como foi a agenda dos candidatos a prefeito de S\u00e3o Gon\u00e7alo"},"content":{"rendered":"\n<p><em>Os candidatos(as)\u00a0Jaqueline Pedroza (Novo),\u00a0Viviane Carvalho (PMN),\u00a0Reginaldo Afonso\u00a0(PSTU),\u00a0Professor Josemar (Psol),\u00a0Dimas Gadelha (PT)\u00a0e\u00a0Capit\u00e3o Nelson (PL) fizeram caminhadas e panfletagem, gravaram entrevistas e participaram de reuni\u00f5es para levarem as suas propostas aos eleitores<\/em><\/p>\n\n\n\n<p>Ao faltar menos de uma semana para o primeiro turno das elei\u00e7\u00f5es municipais de 2024 marcado para o domingo (6\/10), os candidatos(as) a prefeito(a) de S\u00e3o Gon\u00e7alo fizeram caminhadas e panfletagem em feiras, carreatas, gravaram entrevistas, participaram de reuni\u00f5es e ganharam apoios.<\/p>\n\n\n\n<figure class=\"wp-block-video\"><video height=\"850\" style=\"aspect-ratio: 478 \/ 850;\" width=\"478\" controls src=\"https:\/\/sgvaimudar.com.br\/wp-content\/uploads\/2024\/10\/Snapinsta.app_video_2F4CACDCA7BFD81B6D8C988490D3C194_video_dashinit.mp4\"><\/video><\/figure>\n\n\n\n<p>A candidata a prefeita de S\u00e3o Gon\u00e7alo do partido Novo, Jaqueline Pedroza, a convite da candidata a vereadora, M\u00e1rcia Cristina Viana, participou de uma reuni\u00e3o e apresentou suas propostas e ideias reais para mudar a vida dos gon\u00e7alenses.<\/p>\n\n\n\n<p>&#8220;Evento maravilhoso onde podemos conhecer um povo que est\u00e1 indignado, e que igualmente a gente, decidiu sair da indigna\u00e7\u00e3o para a a\u00e7\u00e3o&#8221;, disse a candidata.<\/p>\n\n\n\n<p>Jaqueline Pedroza tamb\u00e9m esteve reunida com o seu pastor Reginaldo Ribeiro e agradeceu pelas ora\u00e7\u00f5es e todo apoio. &#8220;Obrigado pastor por ter sempre uma palavra cristoc\u00eantrica para qualquer situa\u00e7\u00e3o&#8221;, disse Jaqueline.<\/p>\n\n\n\n<p>Segundo ela, S\u00e3o Gon\u00e7alo precisa de uma gest\u00e3o limpa e transparente. &#8220;Me comprometo a fazer valer cada centavo de imposto que voc\u00ea paga para os cofres p\u00fablicos&#8221;, afirmou a candidata do Novo.<\/p>\n\n\n\n<figure class=\"wp-block-video\"><video height=\"1280\" style=\"aspect-ratio: 720 \/ 1280;\" width=\"720\" controls src=\"https:\/\/sgvaimudar.com.br\/wp-content\/uploads\/2024\/10\/Snapinsta.app_video_1F47D714879B9FBA6C5EB05B256123A2_video_dashinit.mp4\"><\/video><\/figure>\n\n\n\n<p>A candidata a prefeita de S\u00e3o Gon\u00e7alo do PMN, Viviane Carvalho, disse que apertou o ritmo da campanha e o corpo a corpo.<\/p>\n\n\n\n<p>&#8220;Estamos na reta final da nossa caminhada rumo a uma S\u00e3o Gon\u00e7alo mais justa e acolhedora! Hoje foi dia de Santa Luzia sentir a energia da mudan\u00e7a, e no pr\u00f3ximo domingo, a transforma\u00e7\u00e3o continua nas urnas&#8221;, disse a candidata.<\/p>\n\n\n\n<p>Viviane Carvalho comemorou o anivers\u00e1rio do seu marido, e deixou registrado nas redes sociais o quanto \u00e9 grata pelo apoio e pela parceria do seu companheiro nessa caminhada de vida.<\/p>\n\n\n\n<p>&#8220;Ele sempre esteve ao meu lado, nos desafios e nas conquistas, me fortalecendo para seguir adiante. Que Deus te aben\u00e7oe e te conceda muitos anos de vida e felicidade&#8221;, afirmou a candidata do PMN a prefeitura de S\u00e3o Gon\u00e7alo.<\/p>\n\n\n\n<p>De acordo com a agenda de Viviane Carvalho, ela fechou o dia na Igreja Assembleia de Deus Minist\u00e9rio Filad\u00e9lfia, ao lado do Pastor Lemuel e da Pastora Cristiane. &#8220;Foi um momento de muita ben\u00e7\u00e3o e sou grata por esse momento de f\u00e9 e comunh\u00e3o, que fortalece nossa caminhada rumo a uma S\u00e3o Gon\u00e7alo mais justa e cuidada para todos&#8221;, disse Viviane do PMN.<\/p>\n\n\n\n<figure class=\"wp-block-image size-large\"><img fetchpriority=\"high\" decoding=\"async\" width=\"768\" height=\"1024\" src=\"https:\/\/sgvaimudar.com.br\/wp-content\/uploads\/2024\/10\/WhatsApp-Image-2024-09-30-at-08.27.17-768x1024.jpeg\" alt=\"\" class=\"wp-image-12777\" srcset=\"https:\/\/sgvaimudar.com.br\/wp-content\/uploads\/2024\/10\/WhatsApp-Image-2024-09-30-at-08.27.17-768x1024.jpeg 768w, https:\/\/sgvaimudar.com.br\/wp-content\/uploads\/2024\/10\/WhatsApp-Image-2024-09-30-at-08.27.17-225x300.jpeg 225w, https:\/\/sgvaimudar.com.br\/wp-content\/uploads\/2024\/10\/WhatsApp-Image-2024-09-30-at-08.27.17-1152x1536.jpeg 1152w, https:\/\/sgvaimudar.com.br\/wp-content\/uploads\/2024\/10\/WhatsApp-Image-2024-09-30-at-08.27.17.jpeg 1200w\" sizes=\"(max-width: 768px) 100vw, 768px\" \/><\/figure>\n\n\n\n<p>O candidato a prefeito de S\u00e3o Gon\u00e7alo do PSTU, Reginaldo Afonso, fez campanha na feira de Neves, onde distribuiu panfletos e conversou com eleitores.<\/p>\n\n\n\n<p>Segundo ele, o bate papo com os feirantes foi muito produtivo. &#8220;Apresentamos nosso projeto, nossa proposta de governar atrav\u00e9s de conselhos populares. Entra governo e sai governo, a vida do trabalhador n\u00e3o melhora&#8221;, afirmou Reginaldo do PSTU. <\/p>\n\n\n\n<p>Ele disse que no seu governo s\u00e3o os pr\u00f3prios trabalhadores que v\u00e3o exercer o poder. &#8220;Os conselhos populares ser\u00e3o ferramentas para isso. Em cada bairro, o trabalhador vai decidir onde ser\u00e3o aplicados os recursos do munic\u00edpio e participar diretamente das decis\u00f5es pol\u00edticas\u201d, declarou Reginaldo.<\/p>\n\n\n\n<p><strong>AGENDA <\/strong>&#8211; Na manh\u00e3 desta segunda-feira (30), Reginaldo fez panfletagem e caminhada no bairro Santa Luzia. Ainda \u00e0 noite ele concedeu uma entrevista ao F\u00f3rum de Cultura de S\u00e3o Gon\u00e7alo. <\/p>\n\n\n\n<p>Na manh\u00e3 desta ter\u00e7a-feira (01\/10), ele teve uma reuni\u00e3o com a coordena\u00e7\u00e3o de campanha.<\/p>\n\n\n\n<p>&#8220;Existe uma alternativa socialista e revolucion\u00e1ria para cidade de S\u00e3o Gon\u00e7alo e sou esse candidato para a cidade junto com meu vice Roberto Baeta. Vamos construir essa alternativa para os trabalhadores e a juventude&#8221;, discursou Reginaldo Afonso.<\/p>\n\n\n\n<figure class=\"wp-block-video\"><video height=\"1280\" style=\"aspect-ratio: 720 \/ 1280;\" width=\"720\" controls src=\"https:\/\/sgvaimudar.com.br\/wp-content\/uploads\/2024\/10\/Snapinsta.app_video_DF4B58A1A905D2FF9A2C6F52F55FD085_video_dashinit.mp4\"><\/video><\/figure>\n\n\n\n<p>O candidato do Psol para prefeito de S\u00e3o Gon\u00e7alo, Professor Josemar, em suas caminhadas e encontros vem alertando o seu eleitor de que essa semana vai ser decisiva e disse que conta com o apoio de todos.<\/p>\n\n\n\n<p>&#8220;No dia 06 de outubro \u00e9 50 nas urnas para real transforma\u00e7\u00e3o de S\u00e3o Gon\u00e7alo&#8221;, afirmou o candidato, que nos \u00faltimos dias ganhou o apoio e carinho em suas caminhadas de empreendedores e correligion\u00e1rios, principalmente, devido a data de seu anivers\u00e1rio.<\/p>\n\n\n\n<p>&#8220;Seguimos firme na luta por uma S\u00e3o Gon\u00e7alo melhor, e cada mensagem refor\u00e7a a esperan\u00e7a de dias mais justos e felizes&#8221;, disse o psolista que, recentemente, participou de uma carreata em que destacou a import\u00e2ncia de a\u00e7\u00f5es efetivas para as fam\u00edlias que perderam suas casas em enchentes.<\/p>\n\n\n\n<p>&#8220;N\u00e3o podemos fechar os olhos para quem mais precisa. Com pol\u00edticas p\u00fablicas eficientes, vamos garantir um futuro seguro e digno para todos&#8221;, discursou Professor Josemar na ocasi\u00e3o.<\/p>\n\n\n\n<p>Segundo a agenda do candidato, nesta ter\u00e7a-feira (1\/10) a tarde ele vai estar em sess\u00e3o plen\u00e1ria na Alerj e no in\u00edcio da noite tem uma entrevista na sede do Psol \/SG. Ainda no fim de semana, no s\u00e1bado (28) pela manh\u00e3, ele participou de uma caminhada no Gradim at\u00e9 a feira e a tarde esteve na Praia da Pedrinhas.<\/p>\n\n\n\n<p>Ainda na manh\u00e3 do domingo (29), Professor Josemar participou de uma carreata do partido, que teve concentra\u00e7\u00e3o em uma rua atr\u00e1s do 7\u00b0 BPM. Nesta segunda (30\/09), ele teve plen\u00e1ria da campanha.<\/p>\n\n\n\n<figure class=\"wp-block-video\"><video height=\"1280\" style=\"aspect-ratio: 720 \/ 1280;\" width=\"720\" controls src=\"https:\/\/sgvaimudar.com.br\/wp-content\/uploads\/2024\/10\/Snapinsta.app_video_D44E3745DE173700D9E69C645325DEB0_video_dashinit.mp4\"><\/video><\/figure>\n\n\n\n<p>O candidato a prefeito de S\u00e3o Gon\u00e7alo do PT, Dimas Gadelha, iniciou uma contagem regressiva para o 1\u00ba turno das elei\u00e7\u00f5es e disse que, se for eleito, vai colocar mais seguran\u00e7a nas ruas com a  amplia\u00e7\u00e3o do Programa Seguran\u00e7a Presente e vai avan\u00e7ar na Educa\u00e7\u00e3o.<\/p>\n\n\n\n<p>&#8220;Na Seguran\u00e7a, vou  trazer mais prote\u00e7\u00e3o e paz para S\u00e3o Gon\u00e7alo e Sobre a Educa\u00e7\u00e3o, vamos dar um grande passo com o Bolsa Universit\u00e1ria, que vai vir para transformar o futuro dos nossos jovens&#8221;, disse o petista.<\/p>\n\n\n\n<p>Dimas disse em suas redes sociais que cidades n\u00e3o se transformam apenas com cimento e tinta. &#8220;O verdadeiro progresso vem com investimento em pessoas: na educa\u00e7\u00e3o, na sa\u00fade, na seguran\u00e7a e na inclus\u00e3o social. Nosso compromisso \u00e9 com um futuro em que S\u00e3o Gon\u00e7alo cres\u00e7a de forma sustent\u00e1vel, priorizando o bem-estar e a qualidade de vida de todos os gon\u00e7alenses&#8221;, afirmou Dimas Gadelha.<\/p>\n\n\n\n<figure class=\"wp-block-image size-large\"><img decoding=\"async\" width=\"1024\" height=\"684\" src=\"https:\/\/sgvaimudar.com.br\/wp-content\/uploads\/2024\/10\/unnamed-1024x684.jpg\" alt=\"\" class=\"wp-image-12774\" srcset=\"https:\/\/sgvaimudar.com.br\/wp-content\/uploads\/2024\/10\/unnamed-1024x684.jpg 1024w, https:\/\/sgvaimudar.com.br\/wp-content\/uploads\/2024\/10\/unnamed-300x200.jpg 300w, https:\/\/sgvaimudar.com.br\/wp-content\/uploads\/2024\/10\/unnamed-768x513.jpg 768w, https:\/\/sgvaimudar.com.br\/wp-content\/uploads\/2024\/10\/unnamed-1536x1027.jpg 1536w, https:\/\/sgvaimudar.com.br\/wp-content\/uploads\/2024\/10\/unnamed.jpg 1616w\" sizes=\"(max-width: 1024px) 100vw, 1024px\" \/><\/figure>\n\n\n\n<p>O candidato do PL a reelei\u00e7\u00e3o a prefeito de S\u00e3o Gon\u00e7alo, Capit\u00e3o Nelson, participou de uma reuni\u00e3o da campanha, realizada no campo do Clube Mau\u00e1, com a presen\u00e7a de aproximadamente dez mil pessoas.<\/p>\n\n\n\n<p>Segundo os organizadores, o evento foi um grande ato de apoio \u00e0 candidatura de Capit\u00e3o, realizado no campo do Clube Esportivo Mau\u00e1, no Centro, e teve participa\u00e7\u00e3o do candidato a vice-prefeito Jo\u00e3o Ventura, do atual vice-prefeito S\u00e9rgio Gev\u00fa, do deputado estadual Douglas Ruas e do deputado federal Altineu C\u00f4rtes.<\/p>\n\n\n\n<p>\u201cEu estive debaixo de sol, chuva e poeira, de madrugada trabalhando para estar transformando a cidade de S\u00e3o Gon\u00e7alo. E muitos aqui estavam comigo. Ningu\u00e9m faz pol\u00edtica sozinho. Todos t\u00eam uma participa\u00e7\u00e3o enorme em tudo o que est\u00e1 sendo feito em S\u00e3o Gon\u00e7alo&#8221;, disse Capit\u00e3o. <\/p>\n\n\n\n<p>Ele afirmou que o importante agora \u00e9 manter a uni\u00e3o. &#8220;Aqui n\u00e3o temos ataque, n\u00f3s temos trabalho! Vamos buscar os votos dos indecisos, vamos buscar as pessoas para falar da transforma\u00e7\u00e3o que a cidade est\u00e1 vivendo. Voc\u00eas que nos d\u00e3o g\u00e1s.\u00a0 O g\u00e1s, a muni\u00e7\u00e3o e o combust\u00edvel vem de voc\u00eas, vem do povo gon\u00e7alense\u201d, disse o atual prefeito Capit\u00e3o Nelson.<\/p>\n\n\n\n<p>O candidato a vice-prefeito Jo\u00e3o Ventura, falou sobre o in\u00edcio de sua trajet\u00f3ria junto ao prefeito Capit\u00e3o Nelson.<\/p>\n\n\n\n<p>\u201cIniciei minha trajet\u00f3ria pol\u00edtica aos 18 anos, ao lado do Capit\u00e3o Nelson, segurando uma bandeira, assim como voc\u00eas est\u00e3o aqui hoje! Vamos rumo \u00e0 vit\u00f3ria, para S\u00e3o Gon\u00e7alo seguir avan\u00e7ando\u201d, disse o candidato a vice-prefeito, Jo\u00e3o Ventura.<\/p>\n\n\n\n<p>A reta final da campanha foi lembrada no \u00faltimo domingo.<\/p>\n\n\n\n<p>\u201cAgrade\u00e7o o empenho de todos at\u00e9 aqui. Temos uma grande miss\u00e3o nesta \u00faltima semana de campanha, de conscientizar toda a popula\u00e7\u00e3o gon\u00e7alense de que n\u00f3s temos um trabalho em curso na nossa cidade. \u00c9 um processo de transforma\u00e7\u00e3o liderado pelo prefeito Capit\u00e3o Nelson e esse trabalho tem que continuar com uma vota\u00e7\u00e3o hist\u00f3rica no domingo que vem\u201d, disse o deputado estadual Douglas Ruas.<\/p>\n\n\n\n<p>O deputado federal Altineu C\u00f4rtes incentivou a todos os colaboradores nesta reta final de campanha e deu um g\u00e1s.<\/p>\n\n\n\n<p>\u201cQuero deixar um desafio: vamos conquistar aqueles que ainda n\u00e3o est\u00e3o conosco. Faltam sete dias para a elei\u00e7\u00e3o. Vamos com humildade falar sobre tudo o que tem sido feito em S\u00e3o Gon\u00e7alo\u201d disse o deputado, na ocasi\u00e3o.<\/p>\n\n\n\n<p><strong>Reuni\u00f5es e caminhada<\/strong><\/p>\n\n\n\n<p>O candidato \u00e0 reelei\u00e7\u00e3o em S\u00e3o Gon\u00e7alo, Capit\u00e3o Nelson, participa de diversas reuni\u00f5es por todo o munic\u00edpio, junto a eleitores e candidatos a vereador.<\/p>\n\n\n\n<p>No s\u00e1bado (28) e nesta sexta-feira (27), ele  participou de reuni\u00f5es no Jardim Alc\u00e2ntara, Estrela do Norte, Ita\u00fana, Arsenal, Z\u00e9 Garoto, Centro e Santa Izabel. Durante a tarde de sexta, o atual prefeito participou de uma caminhada em Santa Luzia, onde falou com comerciantes e eleitores do bairro, apresentando propostas para a cidade.<\/p>\n\n\n\n<p><strong><em><sub>S\u00e3o Gon\u00e7alo Vai Mudar. O Maior Portal da Cidade.<\/sub><\/em><\/strong><\/p>\n\n\n\n<figure class=\"wp-block-image size-full\"><img decoding=\"async\" width=\"251\" height=\"88\" src=\"https:\/\/sgvaimudar.com.br\/wp-content\/uploads\/2023\/08\/Logo.png\" alt=\"\" class=\"wp-image-2738\" \/><\/figure>\n","protected":false},"excerpt":{"rendered":"<p>Os candidatos(as)\u00a0Jaqueline Pedroza (Novo),\u00a0Viviane Carvalho (PMN),\u00a0Reginaldo Afonso\u00a0(PSTU),\u00a0Professor Josemar (Psol),\u00a0Dimas Gadelha (PT)\u00a0e\u00a0Capit\u00e3o Nelson (PL) fizeram caminhadas e panfletagem, gravaram entrevistas e&hellip;<\/p>\n","protected":false},"author":5,"featured_media":12305,"comment_status":"open","ping_status":"open","sticky":false,"template":"","format":"standard","meta":{"fifu_image_url":"","fifu_image_alt":"","footnotes":""},"categories":[3],"tags":[],"class_list":["post-12773","post","type-post","status-publish","format-standard","has-post-thumbnail","hentry","category-sao-goncalo"],"_links":{"self":[{"href":"https:\/\/sgvaimudar.com.br\/index.php\/wp-json\/wp\/v2\/posts\/12773","targetHints":{"allow":["GET"]}}],"collection":[{"href":"https:\/\/sgvaimudar.com.br\/index.php\/wp-json\/wp\/v2\/posts"}],"about":[{"href":"https:\/\/sgvaimudar.com.br\/index.php\/wp-json\/wp\/v2\/types\/post"}],"author":[{"embeddable":true,"href":"https:\/\/sgvaimudar.com.br\/index.php\/wp-json\/wp\/v2\/users\/5"}],"replies":[{"embeddable":true,"href":"https:\/\/sgvaimudar.com.br\/index.php\/wp-json\/wp\/v2\/comments?post=12773"}],"version-history":[{"count":1,"href":"https:\/\/sgvaimudar.com.br\/index.php\/wp-json\/wp\/v2\/posts\/12773\/revisions"}],"predecessor-version":[{"id":12782,"href":"https:\/\/sgvaimudar.com.br\/index.php\/wp-json\/wp\/v2\/posts\/12773\/revisions\/12782"}],"wp:featuredmedia":[{"embeddable":true,"href":"https:\/\/sgvaimudar.com.br\/index.php\/wp-json\/wp\/v2\/media\/12305"}],"wp:attachment":[{"href":"https:\/\/sgvaimudar.com.br\/index.php\/wp-json\/wp\/v2\/media?parent=12773"}],"wp:term":[{"taxonomy":"category","embeddable":true,"href":"https:\/\/sgvaimudar.com.br\/index.php\/wp-json\/wp\/v2\/categories?post=12773"},{"taxonomy":"post_tag","embeddable":true,"href":"https:\/\/sgvaimudar.com.br\/index.php\/wp-json\/wp\/v2\/tags?post=12773"}],"curies":[{"name":"wp","href":"https:\/\/api.w.org\/{rel}","templated":true}]}}