{"id":12761,"date":"2024-10-01T08:10:44","date_gmt":"2024-10-01T11:10:44","guid":{"rendered":"https:\/\/sgvaimudar.com.br\/?p=12761"},"modified":"2024-10-01T08:10:45","modified_gmt":"2024-10-01T11:10:45","slug":"filipe-luis-tem-desafios-para-primeira-decisao-no-flamengo-que-divulgou-imagens-de-seu-1o-treino","status":"publish","type":"post","link":"https:\/\/sgvaimudar.com.br\/index.php\/2024\/10\/01\/filipe-luis-tem-desafios-para-primeira-decisao-no-flamengo-que-divulgou-imagens-de-seu-1o-treino\/","title":{"rendered":"Filipe Lu\u00eds tem desafios para primeira decis\u00e3o no Flamengo, que divulgou imagens de seu 1\u00ba treino"},"content":{"rendered":"\n<p><em>Treinador j\u00e1 tem que &#8220;trocar a roda do carro andando&#8221; com problemas nos setores ofensivo e defensivo, elenco ainda d\u00e1 sinais de abatimento ap\u00f3s a queda na Libertadores<\/em><\/p>\n\n\n\n<p>Ap\u00f3s a demiss\u00e3o de Tite \u00e9 hora de virar a p\u00e1gina e pensar nos desafios que Filipe Lu\u00eds tem no cargo de t\u00e9cnico interino do Flamengo. No entanto, o profissional chega ao cargo com sinais de treinador efetivado. O ex-lateral-esquerdo, por exemplo, ser\u00e1 oficialmente apresentado nesta ter\u00e7a (1), no Ninho do Urubu, como \u00e9 pr\u00e1tica comum na chegada de t\u00e9cnico do time principal.<\/p>\n\n\n\n<figure class=\"wp-block-video\"><video controls src=\"https:\/\/sgvaimudar.com.br\/58b07340-706c-4fcf-a31e-4164f70c3a4c\"><\/video><\/figure>\n\n\n\n<p>O cen\u00e1rio desafiador se imp\u00f5e a Filipe Lu\u00eds em sua primeira experi\u00eancia como t\u00e9cnico profissional. Vale lembrar que desde a sua aposentadoria, em 2023, o t\u00e9cnico dirigiu o Sub-17 e o Sub-20.<\/p>\n\n\n\n<p>\u201cVirar a p\u00e1gina\u201d da elimina\u00e7\u00e3o da Libertadores, diante do Pe\u00f1arol h\u00e1 uma semana, \u00e9 uma das miss\u00f5es do novo treinador. Os sinais do abatimento dos jogadores foram claros desde ent\u00e3o.<\/p>\n\n\n\n<p>Querido pelos companheiros com quem dividiu vesti\u00e1rio entre 2019 e 2023, Filipe Lu\u00eds sempre foi uma lideran\u00e7a positiva no grupo e uma voz respeitada pelos seus antigos companheiros.<\/p>\n\n\n\n<p>Nas entrevistas, os atletas falaram sobre a chatea\u00e7\u00e3o. At\u00e9 mesmo em campo, como na comemora\u00e7\u00e3o t\u00edmida no gol de Gerson no Maracan\u00e3, ao garantir a vit\u00f3ria no fim contra o Athletico.<\/p>\n\n\n\n<p>\u201cMomento dif\u00edcil, a gente chateado ainda com a elimina\u00e7\u00e3o na Libertadores, assim como o torcedor. A gente queria continuar. \u00c9 dif\u00edcil de falar. Infelizmente n\u00e3o conseguimos passar, mas o futebol \u00e9 din\u00e2mico e j\u00e1 temos outra partida decisiva na quarta (2)\u201d, disse Gerson, ap\u00f3s marcar o gol da vit\u00f3ria sobre o Athletico.<\/p>\n\n\n\n<p>O jogo decisivo citado por Gerson \u00e9 contra o Corinthians, no Maracan\u00e3, na ida das quartas de final da Copa do Brasil. A bola rola \u00e0s 21h30 (de Bras\u00edlia). Na outra chave est\u00e3o Atl\u00e9tico e Vasco.<\/p>\n\n\n\n<p>Caracter\u00edstica do trabalho de Tite, o Flamengo n\u00e3o apresentou a solidez defensiva nesta temporada. Os problemas defensivos, em especial em bolas a\u00e9reas, minaram a reta final do trabalho.<\/p>\n\n\n\n<p>Para este in\u00edcio de trabalho, Filipe Lu\u00eds ter\u00e1 a companhia dos profissionais que o acompanharam nas divis\u00f5es de base. Entre eles, o auxiliar Daniel Alegria, que \u00e9 especialista em bolas paradas.<\/p>\n\n\n\n<p>Um dos obst\u00e1culos que Tite n\u00e3o foi capaz de lidar no Flamengo foi a forma\u00e7\u00e3o ofensiva ap\u00f3s as les\u00f5es de Pedro, Everton Cebolinha e Luiz Ara\u00fajo &#8211; titulares e decisivos ao longo da temporada.<\/p>\n\n\n\n<p>Este, portanto, continuar\u00e1 sendo um desafio para Filipe Lu\u00eds. Nos \u00faltimos jogos, Gonzalo Plata, Bruno Henrique e Gabigol foram utilizados como titulares.<\/p>\n\n\n\n<p>Michael, em fase final de recupera\u00e7\u00e3o muscular, \u00e9 uma alternativa para a sequ\u00eancia, enquanto o centroavante Carlinhos \u00e9 op\u00e7\u00e3o apenas no Brasileir\u00e3o, j\u00e1 que n\u00e3o est\u00e1 inscrito na Copa do Brasil.<\/p>\n\n\n\n<p><em>Com informa\u00e7\u00f5es gE<\/em><\/p>\n\n\n\n<p><strong><em><sup>S\u00e3o Gon\u00e7alo Vai Mudar. O Maior Portal da Cidade.<\/sup><\/em><\/strong><\/p>\n\n\n\n<figure class=\"wp-block-image size-full\"><img decoding=\"async\" width=\"251\" height=\"88\" src=\"https:\/\/sgvaimudar.com.br\/wp-content\/uploads\/2023\/08\/Logo.png\" alt=\"\" class=\"wp-image-2738\" \/><\/figure>\n","protected":false},"excerpt":{"rendered":"<p>Treinador j\u00e1 tem que &#8220;trocar a roda do carro andando&#8221; com problemas nos setores ofensivo e defensivo, elenco ainda d\u00e1&hellip;<\/p>\n","protected":false},"author":5,"featured_media":12762,"comment_status":"open","ping_status":"open","sticky":false,"template":"","format":"standard","meta":{"fifu_image_url":"","fifu_image_alt":"","footnotes":""},"categories":[5],"tags":[],"class_list":["post-12761","post","type-post","status-publish","format-standard","has-post-thumbnail","hentry","category-esportes"],"_links":{"self":[{"href":"https:\/\/sgvaimudar.com.br\/index.php\/wp-json\/wp\/v2\/posts\/12761","targetHints":{"allow":["GET"]}}],"collection":[{"href":"https:\/\/sgvaimudar.com.br\/index.php\/wp-json\/wp\/v2\/posts"}],"about":[{"href":"https:\/\/sgvaimudar.com.br\/index.php\/wp-json\/wp\/v2\/types\/post"}],"author":[{"embeddable":true,"href":"https:\/\/sgvaimudar.com.br\/index.php\/wp-json\/wp\/v2\/users\/5"}],"replies":[{"embeddable":true,"href":"https:\/\/sgvaimudar.com.br\/index.php\/wp-json\/wp\/v2\/comments?post=12761"}],"version-history":[{"count":1,"href":"https:\/\/sgvaimudar.com.br\/index.php\/wp-json\/wp\/v2\/posts\/12761\/revisions"}],"predecessor-version":[{"id":12763,"href":"https:\/\/sgvaimudar.com.br\/index.php\/wp-json\/wp\/v2\/posts\/12761\/revisions\/12763"}],"wp:featuredmedia":[{"embeddable":true,"href":"https:\/\/sgvaimudar.com.br\/index.php\/wp-json\/wp\/v2\/media\/12762"}],"wp:attachment":[{"href":"https:\/\/sgvaimudar.com.br\/index.php\/wp-json\/wp\/v2\/media?parent=12761"}],"wp:term":[{"taxonomy":"category","embeddable":true,"href":"https:\/\/sgvaimudar.com.br\/index.php\/wp-json\/wp\/v2\/categories?post=12761"},{"taxonomy":"post_tag","embeddable":true,"href":"https:\/\/sgvaimudar.com.br\/index.php\/wp-json\/wp\/v2\/tags?post=12761"}],"curies":[{"name":"wp","href":"https:\/\/api.w.org\/{rel}","templated":true}]}}