{"id":12750,"date":"2024-09-29T19:00:00","date_gmt":"2024-09-29T22:00:00","guid":{"rendered":"https:\/\/sgvaimudar.com.br\/?p=12750"},"modified":"2024-09-29T15:03:11","modified_gmt":"2024-09-29T18:03:11","slug":"operacao-torniquete-policia-civil-prende-70-criminosos-em-17-dias-de-acoes","status":"publish","type":"post","link":"https:\/\/sgvaimudar.com.br\/index.php\/2024\/09\/29\/operacao-torniquete-policia-civil-prende-70-criminosos-em-17-dias-de-acoes\/","title":{"rendered":"Opera\u00e7\u00e3o Torniquete: Pol\u00edcia Civil prende 70 criminosos em 17 dias de a\u00e7\u00f5es"},"content":{"rendered":"\n<p><em>A Opera\u00e7\u00e3o Torniquete \u00e9 coordenada pela Subsecretaria de Planejamento e Integra\u00e7\u00e3o Operacional (SSPIO) da Pol\u00edcia Civil<\/em><\/p>\n\n\n\n<p>As a\u00e7\u00f5es de combate aos roubos e furtos de ve\u00edculos e cargas no estado do Rio de Janeiro v\u00eam apresentando resultados robustos. Em 17 dias da segunda fase da &#8220;Opera\u00e7\u00e3o Torniquete&#8221;, policiais civis de diferentes delegacias j\u00e1 prenderam 70 criminosos e apreenderam cinco adolescentes infratores.<\/p>\n\n\n\n<p>Nesta semana, agentes da&nbsp;60\u00aa DP (Campos El\u00edseos)&nbsp;cumpriram mandados de pris\u00e3o contra 11 pessoas de uma quadrilha&nbsp;especializada em roubos de cargas de cigarros.&nbsp;De acordo com as investiga\u00e7\u00f5es, o alvo principal do grupo criminoso era uma fabricante de cigarros. A quadrilha realizou pelo menos 15 roubos entre os anos de 2019 e 2020, tendo subtra\u00eddo cerca de 250 mil ma\u00e7os de cigarros.&nbsp;O preju\u00edzo para a empresa foi&nbsp;de R$ 3 milh\u00f5es.<\/p>\n\n\n\n<p>Policiais civis&nbsp;da 64\u00aa DP (S\u00e3o Jo\u00e3o de Meriti) prenderam em flagrante seis traficantes que praticavam roubos de ve\u00edculos em S\u00e3o Jo\u00e3o de Meriti, na Baixada Fluminense.&nbsp;Eles fazem parte da fac\u00e7\u00e3o de tr\u00e1fico de drogas que atua na comunidade Vila Ruth. Com o grupo, foram apreendidas&nbsp;duas pistolas e drogas.<\/p>\n\n\n\n<p>Agentes da Delegacia de Roubos e Furtos de Autom\u00f3veis (DRFA), em a\u00e7\u00e3o conjunta com policiais da Delegacia do Aeroporto Internacional do Rio de Janeiro (Dairj) e de unidades da capital, capturaram cinco integrantes de um dos principais grupos de roubadores de ve\u00edculos da Zona Norte, oriundo do Complexo do Alem\u00e3o. No momento da abordagem, eles estavam em um ve\u00edculo produto de crime e com tr\u00eas pistolas, \u00e0 procura de novas v\u00edtimas.<\/p>\n\n\n\n<p>Em outra a\u00e7\u00e3o, policiais da&nbsp;19\u00aa DP (Tijuca) prenderam dois homens que transportavam um ve\u00edculo clonado para a comunidade de Manguinhos. Eles j\u00e1 vinham sendo monitorados pelos agentes.<\/p>\n\n\n\n<p>A 2\u00aa fase da Opera\u00e7\u00e3o Torniquete, que foi deflagrada no dia 11 de setembro, tem o apoio da Secretaria de Seguran\u00e7a P\u00fablica (Sesp) e \u00e9 realizada com base em investiga\u00e7\u00f5es da DRFA e da DRFC. As a\u00e7\u00f5es, que visam \u00e0&nbsp;redu\u00e7\u00e3o dos indicadores estrat\u00e9gicos de criminalidade,&nbsp;contam, ainda, com informa\u00e7\u00f5es de intelig\u00eancia e dados do Instituto de Seguran\u00e7a P\u00fablica (ISP).<\/p>\n\n\n\n<p>Durante a primeira fase da opera\u00e7\u00e3o, entre novembro de 2022 e setembro de 2023, houve queda nos \u00edndices criminais. Em julho de 2023, por exemplo, os roubos de cargas e de ve\u00edculos na Regi\u00e3o Metropolitana registraram os menores n\u00fameros de casos desde janeiro de 2019.<\/p>\n\n\n\n<p>A Opera\u00e7\u00e3o Torniquete \u00e9 coordenada pela Subsecretaria de Planejamento e Integra\u00e7\u00e3o Operacional (SSPIO) da Pol\u00edcia Civil, por meio da DRFA e DRFC. Tamb\u00e9m participam das a\u00e7\u00f5es outras unidades do Departamento-Geral de Pol\u00edcia Especializada (DGPE) e delegacias distritais, al\u00e9m da Pol\u00edcia Militar.<\/p>\n\n\n\n<p><strong>S\u00e3o Gon\u00e7alo Vai Mudar. O Maior Portal da Cidade.<\/strong><\/p>\n\n\n\n<figure class=\"wp-block-image size-full\"><img decoding=\"async\" width=\"251\" height=\"88\" src=\"https:\/\/sgvaimudar.com.br\/wp-content\/uploads\/2023\/08\/Logo.png\" alt=\"\" class=\"wp-image-2738\" \/><\/figure>\n","protected":false},"excerpt":{"rendered":"<p>A Opera\u00e7\u00e3o Torniquete \u00e9 coordenada pela Subsecretaria de Planejamento e Integra\u00e7\u00e3o Operacional (SSPIO) da Pol\u00edcia Civil As a\u00e7\u00f5es de combate&hellip;<\/p>\n","protected":false},"author":5,"featured_media":12387,"comment_status":"open","ping_status":"open","sticky":false,"template":"","format":"standard","meta":{"fifu_image_url":"","fifu_image_alt":"","footnotes":""},"categories":[32],"tags":[],"class_list":["post-12750","post","type-post","status-publish","format-standard","has-post-thumbnail","hentry","category-casos-de-policia"],"_links":{"self":[{"href":"https:\/\/sgvaimudar.com.br\/index.php\/wp-json\/wp\/v2\/posts\/12750","targetHints":{"allow":["GET"]}}],"collection":[{"href":"https:\/\/sgvaimudar.com.br\/index.php\/wp-json\/wp\/v2\/posts"}],"about":[{"href":"https:\/\/sgvaimudar.com.br\/index.php\/wp-json\/wp\/v2\/types\/post"}],"author":[{"embeddable":true,"href":"https:\/\/sgvaimudar.com.br\/index.php\/wp-json\/wp\/v2\/users\/5"}],"replies":[{"embeddable":true,"href":"https:\/\/sgvaimudar.com.br\/index.php\/wp-json\/wp\/v2\/comments?post=12750"}],"version-history":[{"count":1,"href":"https:\/\/sgvaimudar.com.br\/index.php\/wp-json\/wp\/v2\/posts\/12750\/revisions"}],"predecessor-version":[{"id":12751,"href":"https:\/\/sgvaimudar.com.br\/index.php\/wp-json\/wp\/v2\/posts\/12750\/revisions\/12751"}],"wp:featuredmedia":[{"embeddable":true,"href":"https:\/\/sgvaimudar.com.br\/index.php\/wp-json\/wp\/v2\/media\/12387"}],"wp:attachment":[{"href":"https:\/\/sgvaimudar.com.br\/index.php\/wp-json\/wp\/v2\/media?parent=12750"}],"wp:term":[{"taxonomy":"category","embeddable":true,"href":"https:\/\/sgvaimudar.com.br\/index.php\/wp-json\/wp\/v2\/categories?post=12750"},{"taxonomy":"post_tag","embeddable":true,"href":"https:\/\/sgvaimudar.com.br\/index.php\/wp-json\/wp\/v2\/tags?post=12750"}],"curies":[{"name":"wp","href":"https:\/\/api.w.org\/{rel}","templated":true}]}}