{"id":12717,"date":"2024-09-29T09:00:00","date_gmt":"2024-09-29T12:00:00","guid":{"rendered":"https:\/\/sgvaimudar.com.br\/?p=12717"},"modified":"2024-09-29T06:42:50","modified_gmt":"2024-09-29T09:42:50","slug":"la-liga-pede-prisao-de-promotores-de-campanha-de-odio-contra-vini-jr","status":"publish","type":"post","link":"https:\/\/sgvaimudar.com.br\/index.php\/2024\/09\/29\/la-liga-pede-prisao-de-promotores-de-campanha-de-odio-contra-vini-jr\/","title":{"rendered":"La Liga pede pris\u00e3o de promotores de campanha de \u00f3dio contra Vini Jr."},"content":{"rendered":"\n<p><em>Solicita\u00e7\u00e3o \u00e9 feita antes do cl\u00e1ssico entre Real e Atl\u00e9tico<\/em><\/p>\n\n\n\n<p>A La Liga (entidade respons\u00e1vel pelo Campeonato Espanhol) est\u00e1 pedindo a pris\u00e3o imediata dos torcedores envolvidos em uma campanha de \u00f3dio contra o atacante brasileiro Vinicius J\u00fanior, do Real Madrid, antes do cl\u00e1ssico do pr\u00f3ximo domingo (29) contra o Atl\u00e9tico de Madri.<img decoding=\"async\" src=\"https:\/\/agenciabrasil.ebc.com.br\/ebc.png?id=1613894&amp;o=node\"><img decoding=\"async\" src=\"https:\/\/agenciabrasil.ebc.com.br\/ebc.gif?id=1613894&amp;o=node\"><\/p>\n\n\n\n<p>A campanha lan\u00e7ada nas redes sociais sob a hashtag \u201c#MetropolitanoConMascarilla\u201d (Metropolitano com m\u00e1scara) tem como objetivo incentivar os torcedores do Atl\u00e9tico a usarem m\u00e1scaras no Est\u00e1dio Metropolitano no domingo para insultar racialmente o atacante brasileiro sem revelarem suas identidades.<\/p>\n\n\n\n<p>V\u00e1rias pris\u00f5es foram efetuadas na Espanha desde o ano passado por insultos racistas contra Vin\u00edcius, que \u00e9 negro.<\/p>\n\n\n\n<p>\u201cA La Liga deseja anunciar que denunciar\u00e1 formalmente e solicitar a pris\u00e3o imediata dos instigadores por tr\u00e1s de uma campanha de \u00f3dio que busca promover atos racistas e depreciativos\u201d, anunciou a La Liga em um comunicado neste s\u00e1bado (29).<\/p>\n\n\n\n<p>\u201cA campanha constitui o crime de incita\u00e7\u00e3o ao \u00f3dio, conforme claramente definido no C\u00f3digo Penal. A La Liga condena vigorosamente essas a\u00e7\u00f5es que &#8211; direta ou indiretamente &#8211; incentivam, promovem e incitam o \u00f3dio contra um indiv\u00edduo, neste caso, o jogador Vinicius J\u00fanior, por causa de sua ra\u00e7a\u201d, diz o comunicado.<\/p>\n\n\n\n<p>\u201cEsses atos n\u00e3o apenas prejudicam a imagem do esporte e do nosso pa\u00eds, mas tamb\u00e9m representam uma amea\u00e7a direta \u00e0 integridade e ao bem-estar de todos os f\u00e3s\u201d, afirmou a La Liga.<\/p>\n\n\n\n<p><strong><em><sup>S\u00e3o Gon\u00e7alo Vai Mudar. O Maior Portal da Cidade.<\/sup><\/em><\/strong><\/p>\n\n\n\n<figure class=\"wp-block-image size-full\"><img decoding=\"async\" width=\"251\" height=\"88\" src=\"https:\/\/sgvaimudar.com.br\/wp-content\/uploads\/2023\/08\/Logo.png\" alt=\"\" class=\"wp-image-2738\" \/><\/figure>\n","protected":false},"excerpt":{"rendered":"<p>Solicita\u00e7\u00e3o \u00e9 feita antes do cl\u00e1ssico entre Real e Atl\u00e9tico A La Liga (entidade respons\u00e1vel pelo Campeonato Espanhol) est\u00e1 pedindo&hellip;<\/p>\n","protected":false},"author":5,"featured_media":12718,"comment_status":"open","ping_status":"open","sticky":false,"template":"","format":"standard","meta":{"fifu_image_url":"","fifu_image_alt":"","footnotes":""},"categories":[32,5,1],"tags":[],"class_list":["post-12717","post","type-post","status-publish","format-standard","has-post-thumbnail","hentry","category-casos-de-policia","category-esportes","category-mundo"],"_links":{"self":[{"href":"https:\/\/sgvaimudar.com.br\/index.php\/wp-json\/wp\/v2\/posts\/12717","targetHints":{"allow":["GET"]}}],"collection":[{"href":"https:\/\/sgvaimudar.com.br\/index.php\/wp-json\/wp\/v2\/posts"}],"about":[{"href":"https:\/\/sgvaimudar.com.br\/index.php\/wp-json\/wp\/v2\/types\/post"}],"author":[{"embeddable":true,"href":"https:\/\/sgvaimudar.com.br\/index.php\/wp-json\/wp\/v2\/users\/5"}],"replies":[{"embeddable":true,"href":"https:\/\/sgvaimudar.com.br\/index.php\/wp-json\/wp\/v2\/comments?post=12717"}],"version-history":[{"count":1,"href":"https:\/\/sgvaimudar.com.br\/index.php\/wp-json\/wp\/v2\/posts\/12717\/revisions"}],"predecessor-version":[{"id":12719,"href":"https:\/\/sgvaimudar.com.br\/index.php\/wp-json\/wp\/v2\/posts\/12717\/revisions\/12719"}],"wp:featuredmedia":[{"embeddable":true,"href":"https:\/\/sgvaimudar.com.br\/index.php\/wp-json\/wp\/v2\/media\/12718"}],"wp:attachment":[{"href":"https:\/\/sgvaimudar.com.br\/index.php\/wp-json\/wp\/v2\/media?parent=12717"}],"wp:term":[{"taxonomy":"category","embeddable":true,"href":"https:\/\/sgvaimudar.com.br\/index.php\/wp-json\/wp\/v2\/categories?post=12717"},{"taxonomy":"post_tag","embeddable":true,"href":"https:\/\/sgvaimudar.com.br\/index.php\/wp-json\/wp\/v2\/tags?post=12717"}],"curies":[{"name":"wp","href":"https:\/\/api.w.org\/{rel}","templated":true}]}}