{"id":12714,"date":"2024-09-29T08:30:00","date_gmt":"2024-09-29T11:30:00","guid":{"rendered":"https:\/\/sgvaimudar.com.br\/?p=12714"},"modified":"2024-09-29T06:36:10","modified_gmt":"2024-09-29T09:36:10","slug":"rodrigo-negao-assassino-de-jornalista-em-2019-e-morto-a-tiros-no-centro-de-marica","status":"publish","type":"post","link":"https:\/\/sgvaimudar.com.br\/index.php\/2024\/09\/29\/rodrigo-negao-assassino-de-jornalista-em-2019-e-morto-a-tiros-no-centro-de-marica\/","title":{"rendered":"Rodrigo Neg\u00e3o, assassino de jornalista em 2019, \u00e9 morto a tiros no Centro de Maric\u00e1"},"content":{"rendered":"\n<p><em>Rodrigo era um dos principais suspeitos pelo assassinato do jornalista Robson Giorno, ocorrido em 2019<\/em><\/p>\n\n\n\n<p>Rodrigo Jos\u00e9 Barbosa da Silva, conhecido como Rodrigo Neg\u00e3o, foi assassinado a tiros na comunidade do Saco das Flores, em Maric\u00e1, na noite desta sexta (27\/9). Rodrigo era um dos principais suspeitos pelo assassinato do jornalista Robson Giorno, ocorrido em 2019.<\/p>\n\n\n\n<p>Segundo informa\u00e7\u00f5es da Pol\u00edcia Militar, Rodrigo foi socorrido por familiares e levado ao Hospital Conde Modesto Leal, onde passou por cirurgia, mas n\u00e3o sobreviveu aos ferimentos. At\u00e9 o momento, os respons\u00e1veis pelo crime n\u00e3o foram localizados.<\/p>\n\n\n\n<p>Rodrigo Neg\u00e3o tamb\u00e9m enfrentava acusa\u00e7\u00f5es de envolvimento na morte de outras tr\u00eas pessoas: os jornalistas Rom\u00e1rio Barros, o vereador Ismael Breve e seu filho, o advogado Thiago Marins. Ele permaneceu preso por quase um ano, mas respondia ao processo em liberdade.<\/p>\n\n\n\n<p>A Delegacia de Homic\u00eddios de Niter\u00f3i e S\u00e3o Gon\u00e7alo (DHNSG) foi acionada e est\u00e1 investigando as circunst\u00e2ncias da morte de Rodrigo. Dilig\u00eancias est\u00e3o em andamento para apurar a autoria e a motiva\u00e7\u00e3o do crime.<\/p>\n\n\n\n<p><em><sup><strong>S\u00e3o Gon\u00e7alo Vai Mudar. O Maior Portal da Cidade.<\/strong><\/sup><\/em><\/p>\n\n\n\n<figure class=\"wp-block-image size-full\"><img decoding=\"async\" width=\"250\" height=\"87\" src=\"https:\/\/sgvaimudar.com.br\/wp-content\/uploads\/2023\/08\/cropped-Logo.png\" alt=\"\" class=\"wp-image-2739\" \/><\/figure>\n","protected":false},"excerpt":{"rendered":"<p>Rodrigo era um dos principais suspeitos pelo assassinato do jornalista Robson Giorno, ocorrido em 2019 Rodrigo Jos\u00e9 Barbosa da Silva,&hellip;<\/p>\n","protected":false},"author":5,"featured_media":12715,"comment_status":"open","ping_status":"open","sticky":false,"template":"","format":"standard","meta":{"fifu_image_url":"","fifu_image_alt":"","footnotes":""},"categories":[32],"tags":[],"class_list":["post-12714","post","type-post","status-publish","format-standard","has-post-thumbnail","hentry","category-casos-de-policia"],"_links":{"self":[{"href":"https:\/\/sgvaimudar.com.br\/index.php\/wp-json\/wp\/v2\/posts\/12714","targetHints":{"allow":["GET"]}}],"collection":[{"href":"https:\/\/sgvaimudar.com.br\/index.php\/wp-json\/wp\/v2\/posts"}],"about":[{"href":"https:\/\/sgvaimudar.com.br\/index.php\/wp-json\/wp\/v2\/types\/post"}],"author":[{"embeddable":true,"href":"https:\/\/sgvaimudar.com.br\/index.php\/wp-json\/wp\/v2\/users\/5"}],"replies":[{"embeddable":true,"href":"https:\/\/sgvaimudar.com.br\/index.php\/wp-json\/wp\/v2\/comments?post=12714"}],"version-history":[{"count":1,"href":"https:\/\/sgvaimudar.com.br\/index.php\/wp-json\/wp\/v2\/posts\/12714\/revisions"}],"predecessor-version":[{"id":12716,"href":"https:\/\/sgvaimudar.com.br\/index.php\/wp-json\/wp\/v2\/posts\/12714\/revisions\/12716"}],"wp:featuredmedia":[{"embeddable":true,"href":"https:\/\/sgvaimudar.com.br\/index.php\/wp-json\/wp\/v2\/media\/12715"}],"wp:attachment":[{"href":"https:\/\/sgvaimudar.com.br\/index.php\/wp-json\/wp\/v2\/media?parent=12714"}],"wp:term":[{"taxonomy":"category","embeddable":true,"href":"https:\/\/sgvaimudar.com.br\/index.php\/wp-json\/wp\/v2\/categories?post=12714"},{"taxonomy":"post_tag","embeddable":true,"href":"https:\/\/sgvaimudar.com.br\/index.php\/wp-json\/wp\/v2\/tags?post=12714"}],"curies":[{"name":"wp","href":"https:\/\/api.w.org\/{rel}","templated":true}]}}