{"id":12689,"date":"2024-09-28T15:00:00","date_gmt":"2024-09-28T18:00:00","guid":{"rendered":"https:\/\/sgvaimudar.com.br\/?p=12689"},"modified":"2024-09-28T10:30:45","modified_gmt":"2024-09-28T13:30:45","slug":"tre-rj-fara-coletiva-para-orientacao-aos-eleitores-dia-1o-no-palacio-da-democracia","status":"publish","type":"post","link":"https:\/\/sgvaimudar.com.br\/index.php\/2024\/09\/28\/tre-rj-fara-coletiva-para-orientacao-aos-eleitores-dia-1o-no-palacio-da-democracia\/","title":{"rendered":"TRE-RJ far\u00e1 coletiva para orienta\u00e7\u00e3o aos eleitores dia 1\u00ba, no Pal\u00e1cio da Democracia"},"content":{"rendered":"\n<p><em>Orienta\u00e7\u00f5es sobre documentos, e-T\u00edtulo, transporte coletivo gratuito e seguran\u00e7a da urna s\u00e3o alguns dos temas abordados<\/em><\/p>\n\n\n\n<p>O Tribunal Regional Eleitoral do Rio de Janeiro (TRE-RJ), nesta ter\u00e7a-feira (1\/10), \u00e0s 10h, vai receber os jornalistas para uma coletiva de imprensa sobre as elei\u00e7\u00f5es municipais com as participa\u00e7\u00f5es da diretora-geral Eline \u00cdris, e do secret\u00e1rio de Tecnologia da Informa\u00e7\u00e3o Michel Kovacs, no Pal\u00e1cio da Democracia. <\/p>\n\n\n\n<p>Profissionais de imprensa com interesse em fazer a cobertura da coletiva devem preencher formul\u00e1rio at\u00e9 \u00e0s 18h desta segunda-feira (30).<\/p>\n\n\n\n<p>Ser\u00e3o passadas orienta\u00e7\u00f5es importantes, de servi\u00e7o, para as eleitoras e eleitores, como documentos necess\u00e1rios para votar, modalidades de consulta ao local de vota\u00e7\u00e3o e uso do aplicativo e-T\u00edtulo. <\/p>\n\n\n\n<p>Na pauta tamb\u00e9m est\u00e3o previstas informa\u00e7\u00f5es sobre transporte coletivo gratuito de eleitores, uma das novidades da elei\u00e7\u00e3o, novos recursos de acessibilidade da urna eletr\u00f4nica, proibi\u00e7\u00e3o de celular na cabina de vota\u00e7\u00e3o, prote\u00e7\u00e3o do sigilo do voto e outros temas.\u00a0<\/p>\n\n\n\n<p>Os assuntos relativos \u00e0 fiscaliza\u00e7\u00e3o da propaganda e casos concretos da situa\u00e7\u00e3o de registro de candidatura n\u00e3o ser\u00e3o tratados no encontro, uma vez que o foco \u00e9 orienta\u00e7\u00e3o ao eleitorado. <\/p>\n\n\n\n<p>&#8220;A coletiva demanda credenciamento pr\u00f3prio, que n\u00e3o se confunde com os necess\u00e1rios para acesso ao Pal\u00e1cio da Democracia na data da elei\u00e7\u00e3o (06\/10) ou a locais de vota\u00e7\u00e3o no dia do pleito, explicados. O credenciamento pode ser feito at\u00e9 \u00e0s 18h desta segunda-feira (30)&#8221;, disse o TRE-RJ na nota.\u00a0<\/p>\n\n\n\n<p><strong><em><sup>S\u00e3o Gon\u00e7alo Vai Mudar. O Maior Portal da Cidade.<\/sup><\/em><\/strong><\/p>\n\n\n\n<figure class=\"wp-block-image size-full\"><img decoding=\"async\" width=\"251\" height=\"88\" src=\"https:\/\/sgvaimudar.com.br\/wp-content\/uploads\/2023\/08\/Logo.png\" alt=\"\" class=\"wp-image-2738\" \/><\/figure>\n","protected":false},"excerpt":{"rendered":"<p>Orienta\u00e7\u00f5es sobre documentos, e-T\u00edtulo, transporte coletivo gratuito e seguran\u00e7a da urna s\u00e3o alguns dos temas abordados O Tribunal Regional Eleitoral&hellip;<\/p>\n","protected":false},"author":5,"featured_media":11512,"comment_status":"open","ping_status":"open","sticky":false,"template":"","format":"standard","meta":{"fifu_image_url":"","fifu_image_alt":"","footnotes":""},"categories":[4],"tags":[],"class_list":["post-12689","post","type-post","status-publish","format-standard","has-post-thumbnail","hentry","category-brasil"],"_links":{"self":[{"href":"https:\/\/sgvaimudar.com.br\/index.php\/wp-json\/wp\/v2\/posts\/12689","targetHints":{"allow":["GET"]}}],"collection":[{"href":"https:\/\/sgvaimudar.com.br\/index.php\/wp-json\/wp\/v2\/posts"}],"about":[{"href":"https:\/\/sgvaimudar.com.br\/index.php\/wp-json\/wp\/v2\/types\/post"}],"author":[{"embeddable":true,"href":"https:\/\/sgvaimudar.com.br\/index.php\/wp-json\/wp\/v2\/users\/5"}],"replies":[{"embeddable":true,"href":"https:\/\/sgvaimudar.com.br\/index.php\/wp-json\/wp\/v2\/comments?post=12689"}],"version-history":[{"count":1,"href":"https:\/\/sgvaimudar.com.br\/index.php\/wp-json\/wp\/v2\/posts\/12689\/revisions"}],"predecessor-version":[{"id":12690,"href":"https:\/\/sgvaimudar.com.br\/index.php\/wp-json\/wp\/v2\/posts\/12689\/revisions\/12690"}],"wp:featuredmedia":[{"embeddable":true,"href":"https:\/\/sgvaimudar.com.br\/index.php\/wp-json\/wp\/v2\/media\/11512"}],"wp:attachment":[{"href":"https:\/\/sgvaimudar.com.br\/index.php\/wp-json\/wp\/v2\/media?parent=12689"}],"wp:term":[{"taxonomy":"category","embeddable":true,"href":"https:\/\/sgvaimudar.com.br\/index.php\/wp-json\/wp\/v2\/categories?post=12689"},{"taxonomy":"post_tag","embeddable":true,"href":"https:\/\/sgvaimudar.com.br\/index.php\/wp-json\/wp\/v2\/tags?post=12689"}],"curies":[{"name":"wp","href":"https:\/\/api.w.org\/{rel}","templated":true}]}}