{"id":12678,"date":"2024-09-28T10:18:04","date_gmt":"2024-09-28T13:18:04","guid":{"rendered":"https:\/\/sgvaimudar.com.br\/?p=12678"},"modified":"2024-09-28T10:19:44","modified_gmt":"2024-09-28T13:19:44","slug":"sgvm-eleicoes-2024-poucos-dias-para-o-1o-turno-confira-como-foi-a-agenda-dos-candidatos-a-prefeito-de-sao-goncalo","status":"publish","type":"post","link":"https:\/\/sgvaimudar.com.br\/index.php\/2024\/09\/28\/sgvm-eleicoes-2024-poucos-dias-para-o-1o-turno-confira-como-foi-a-agenda-dos-candidatos-a-prefeito-de-sao-goncalo\/","title":{"rendered":"SGVM Elei\u00e7\u00f5es 2024: Poucos dias para o 1\u00ba turno. Confira como foi a agenda dos candidatos a prefeito de S\u00e3o Gon\u00e7alo"},"content":{"rendered":"\n<p><em>Os candidatos(as)\u00a0Jaqueline Pedroza (Novo),\u00a0Viviane Carvalho (PMN),\u00a0Reginaldo Afonso\u00a0(PSTU),\u00a0Professor Josemar (Psol),\u00a0Dimas Gadelha (PT)\u00a0e\u00a0Capit\u00e3o Nelson (PL) fizeram caminhadas, gravaram entrevistas e participaram de reuni\u00f5es para levarem as suas propostas aos eleitores<\/em><\/p>\n\n\n\n<p>Ao faltar poucos dias para o primeiro turno das elei\u00e7\u00f5es municipais de 2024 marcado para o domingo (6\/10), os candidatos(as) a prefeito(a) de S\u00e3o Gon\u00e7alo fizeram caminhadas, carreatas, gravaram entrevistas, participaram de reuni\u00f5es e ganharam apoios. <\/p>\n\n\n\n<figure class=\"wp-block-video\"><video height=\"1280\" style=\"aspect-ratio: 720 \/ 1280;\" width=\"720\" controls src=\"https:\/\/sgvaimudar.com.br\/wp-content\/uploads\/2024\/09\/Snapinsta.app_video_734590089E46BD0BFD85D7565F3B12A0_video_dashinit.mp4\"><\/video><\/figure>\n\n\n\n<p>A candidata do PMN a prefeita, Viviane Carvalho, participou de um v\u00eddeo criativo indagando a participa\u00e7\u00e3o das mulheres na pol\u00edtica. Ela disse que \u00e9 um absurdo o fato de estarem ignorando a sua participa\u00e7\u00e3o nos debates, enquanto levam s\u00f3 os homens para falar mais do mesmo. <\/p>\n\n\n\n<p>&#8220;Al\u00f4\u00a0<a href=\"https:\/\/www.instagram.com\/tvglobo\/\">@tvglobo<\/a>\u00a0!!! Queremos participar do debate! Compartilha esse v\u00eddeo se voc\u00ea quer me ver no debate da Globo e marca eles aqui nos coment\u00e1rios. Vamos mostrar a nossa verdadeira for\u00e7a&#8221;, lamentou a candidata.<\/p>\n\n\n\n<p>Nesta semana Viviane Carvalho fez uma caminhada, que segundo ela, foi incr\u00edvel, do Vila 3 ao Miriambi. &#8220;A cada dia que passa, o apoio da popula\u00e7\u00e3o s\u00f3 aumenta, mostrando que S\u00e3o Gon\u00e7alo quer mudan\u00e7a de verdade. Vamos juntos nessa reta final, levando nossas propostas por toda a cidade&#8221;, disse Viviane.<\/p>\n\n\n\n<figure class=\"wp-block-video\"><video height=\"1280\" style=\"aspect-ratio: 720 \/ 1280;\" width=\"720\" controls src=\"https:\/\/sgvaimudar.com.br\/wp-content\/uploads\/2024\/09\/Snapinsta.app_video_644337AC5AA7756C737E44E7850377BD_video_dashinit.mp4\"><\/video><\/figure>\n\n\n\n<p>A candidata a prefeita do Novo, Jaqueline Pedroza, ganhou um apoio de peso na sua campanha com a participa\u00e7\u00e3o do deputado federal mais votado do Paran\u00e1 e embaixador nacional do Novo, Deltan Dallagnol.<\/p>\n\n\n\n<p>Segundo Jaqueline, S\u00e3o Gon\u00e7alo precisa de uma gest\u00e3o limpa e transparente. &#8220;Me comprometo fazer valer cada centavo de imposto que voc\u00ea paga para os cofres p\u00fablicos. \u00c9 hora de tirarmos a velha Pol\u00edtica do poder. Vamos causar um impacto positivo na nossa cidade, fazer hist\u00f3ria. Por isso precisamos da sua ajuda, da sua confian\u00e7a! Vote 30 e acredite: S\u00e3o Gon\u00e7alo ainda tem jeito&#8221;, afirmou Pedroza.<\/p>\n\n\n\n<figure class=\"wp-block-image size-large\"><img fetchpriority=\"high\" decoding=\"async\" width=\"1024\" height=\"1024\" src=\"https:\/\/sgvaimudar.com.br\/wp-content\/uploads\/2024\/09\/Pesquisa-do-Instituto-Agora-O-DIA-aponta-Reginaldo-16-PSTU-com-1-de-intencoes-de-voto-para-a-prefeitura-de-Sao-Goncalo.-Isso-demonstra-que-ha-espaco-para-uma-alternativa-revolucionaria-e-socialista-para-os-tra-1024x1024.jpg\" alt=\"\" class=\"wp-image-12682\" srcset=\"https:\/\/sgvaimudar.com.br\/wp-content\/uploads\/2024\/09\/Pesquisa-do-Instituto-Agora-O-DIA-aponta-Reginaldo-16-PSTU-com-1-de-intencoes-de-voto-para-a-prefeitura-de-Sao-Goncalo.-Isso-demonstra-que-ha-espaco-para-uma-alternativa-revolucionaria-e-socialista-para-os-tra-1024x1024.jpg 1024w, https:\/\/sgvaimudar.com.br\/wp-content\/uploads\/2024\/09\/Pesquisa-do-Instituto-Agora-O-DIA-aponta-Reginaldo-16-PSTU-com-1-de-intencoes-de-voto-para-a-prefeitura-de-Sao-Goncalo.-Isso-demonstra-que-ha-espaco-para-uma-alternativa-revolucionaria-e-socialista-para-os-tra-300x300.jpg 300w, https:\/\/sgvaimudar.com.br\/wp-content\/uploads\/2024\/09\/Pesquisa-do-Instituto-Agora-O-DIA-aponta-Reginaldo-16-PSTU-com-1-de-intencoes-de-voto-para-a-prefeitura-de-Sao-Goncalo.-Isso-demonstra-que-ha-espaco-para-uma-alternativa-revolucionaria-e-socialista-para-os-tra-150x150.jpg 150w, https:\/\/sgvaimudar.com.br\/wp-content\/uploads\/2024\/09\/Pesquisa-do-Instituto-Agora-O-DIA-aponta-Reginaldo-16-PSTU-com-1-de-intencoes-de-voto-para-a-prefeitura-de-Sao-Goncalo.-Isso-demonstra-que-ha-espaco-para-uma-alternativa-revolucionaria-e-socialista-para-os-tra-768x768.jpg 768w, https:\/\/sgvaimudar.com.br\/wp-content\/uploads\/2024\/09\/Pesquisa-do-Instituto-Agora-O-DIA-aponta-Reginaldo-16-PSTU-com-1-de-intencoes-de-voto-para-a-prefeitura-de-Sao-Goncalo.-Isso-demonstra-que-ha-espaco-para-uma-alternativa-revolucionaria-e-socialista-para-os-tra.jpg 1080w\" sizes=\"(max-width: 1024px) 100vw, 1024px\" \/><\/figure>\n\n\n\n<p>O candidato do PSTU para prefeito de S\u00e3o Gon\u00e7alo, Reginaldo Afonso, na manh\u00e3 deste s\u00e1bado (28), participou de caminhada no bairro Rio do Ouro. Ainda na sexta-feira (27), ele esteve em caminhada no bairro Rio do Ouro. J\u00e1 no domingo (29), a caminhada ser\u00e1 pela manh\u00e3, em Neves.<\/p>\n\n\n\n<p>Reginaldo Afonso tamb\u00e9m esteve fazendo caminhada nos bairros Raul Veiga e Rio do Ouro e durante corpo a corpo com os eleitores falou sobre a Pesquisa do Instituto \u00c1gora\/O Dia que o aponta com 1% de inten\u00e7\u00f5es de voto para a prefeitura de S\u00e3o Gon\u00e7alo. <\/p>\n\n\n\n<p>&#8220;Isso demonstra que h\u00e1 espa\u00e7o para uma alternativa revolucion\u00e1ria e socialista para os trabalhadores e a juventude de S\u00e3o Gon\u00e7alo. Essa porcentagem poderia ser ainda maior se n\u00e3o houvesse o boicote da grande m\u00eddia e as limita\u00e7\u00f5es impostas pelo sistema eleitoral que privilegia os candidatos do governo, dos ricos e poderosos&#8221;, afirmou o socialista.<\/p>\n\n\n\n<p>Ele disse que sua campanha \u00e9 independente, \u00e9 composta exclusivamente por trabalhadores. &#8220;N\u00e3o usamos a maquina da prefeitura, nem recebemos financiamento de grandes empres\u00e1rios, preservando assim nossa independ\u00eancia de classe&#8221;, disse Reginaldo.<\/p>\n\n\n\n<p>&#8220;Nosso objetivo \u00e9 construir uma S\u00e3o Gon\u00e7alo diferente, onde os trabalhadores e a juventude governem atrav\u00e9s de Conselhos Populares. Junte-se a n\u00f3s na constru\u00e7\u00e3o dessa campanha. Vote 16 nas elei\u00e7\u00f5es e apoie uma alternativa revolucion\u00e1ria e socialista&#8221;, completou o candidato do PSTU.<\/p>\n\n\n\n<figure class=\"wp-block-image size-large\"><img decoding=\"async\" width=\"768\" height=\"1024\" src=\"https:\/\/sgvaimudar.com.br\/wp-content\/uploads\/2024\/09\/WhatsApp-Image-2024-09-26-at-16.50.26-768x1024.jpeg\" alt=\"\" class=\"wp-image-12681\" srcset=\"https:\/\/sgvaimudar.com.br\/wp-content\/uploads\/2024\/09\/WhatsApp-Image-2024-09-26-at-16.50.26-768x1024.jpeg 768w, https:\/\/sgvaimudar.com.br\/wp-content\/uploads\/2024\/09\/WhatsApp-Image-2024-09-26-at-16.50.26-225x300.jpeg 225w, https:\/\/sgvaimudar.com.br\/wp-content\/uploads\/2024\/09\/WhatsApp-Image-2024-09-26-at-16.50.26-1152x1536.jpeg 1152w, https:\/\/sgvaimudar.com.br\/wp-content\/uploads\/2024\/09\/WhatsApp-Image-2024-09-26-at-16.50.26-1536x2048.jpeg 1536w, https:\/\/sgvaimudar.com.br\/wp-content\/uploads\/2024\/09\/WhatsApp-Image-2024-09-26-at-16.50.26-scaled.jpeg 1920w\" sizes=\"(max-width: 768px) 100vw, 768px\" \/><\/figure>\n\n\n\n<p>O candidato a prefeito Professor Josemar, da federa\u00e7\u00e3o Psol-Rede, participou do debate do site G1, nesta quinta-feira (26), ao vivo no est\u00fadio da TV Globo. Os outros convidados, Capit\u00e3o Nelson e Dimas Gadelha, n\u00e3o compareceram.<\/p>\n\n\n\n<p>\u201cFoi um grande desrespeito \u00e0 imprensa e aos eleitores de S\u00e3o Gon\u00e7alo. Capit\u00e3o Nelson avisou que n\u00e3o iria 10 minutos antes do sorteio das perguntas. Dimas esperou o sorteio e, em seguida, saiu pelos corredores da TV Globo\u201d, criticou Professor Josemar, que aproveitou o tempo do programa para esclarecer com detalhes as suas propostas.<\/p>\n\n\n\n<p>Sobre sua agenda, o candidato psolista esteve na parte da manh\u00e3 de sexta-feira (27\/09) caminhando no Centro de Alc\u00e2ntara e a tarde participou de uma mini-carreata que saiu de Nova Cidade e foi at\u00e9 a Pra\u00e7a da Marisa, no Centro.<\/p>\n\n\n\n<p>Neste s\u00e1bado (28\/09), \u00e0s 9h faz caminhada do Gradim at\u00e9 a feira, a concentra\u00e7\u00e3o foi na sede Psol. J\u00e1 \u00e0s 14h, Professor Hosemar foi at\u00e9 a Praia da Pedrinhas. Na manh\u00e3 deste domingo (29\/09) ele participa de uma carreata do 50 (Concentra\u00e7\u00e3o: rua atr\u00e1s do 7\u00b0 BPM). Na segunda (30\/09), o psolista tem Plen\u00e1ria da campanha, \u00e0s 18h.<\/p>\n\n\n\n<figure class=\"wp-block-video\"><video height=\"1280\" style=\"aspect-ratio: 720 \/ 1280;\" width=\"720\" controls src=\"https:\/\/sgvaimudar.com.br\/wp-content\/uploads\/2024\/09\/Snapinsta.app_video_2C4CC1DFBA5CD3E45673EFBA26D245B8_video_dashinit.mp4\"><\/video><\/figure>\n\n\n\n<p>O candidato do PT a prefeito de S\u00e3o Gon\u00e7alo, Dimas Gadelha, andou pelas ruas da cidade falando de sua proposta para o transporte: o vermelhinho. Que \u00e9 um sistema de transporte p\u00fablico gratuito, administrado por uma Empresa P\u00fablica de Transportes.\u00a0O projeto teve in\u00edcio em 2014 e Maric\u00e1 foi a primeira cidade com mais de 100 mil habitantes a adotar um sistema de transporte totalmente gratuito.\u00a0<\/p>\n\n\n\n<p>&#8220;Vamos refor\u00e7ar a sa\u00fade p\u00fablica com concurso para novos profissionais, ampliar a frota de ambul\u00e2ncias, construir uma nova sede para a Defesa Civil e lan\u00e7ar o programa \u2018Sa\u00fade na Palma da M\u00e3o\u2019, garantindo atendimento r\u00e1pido e eficiente para todos os gon\u00e7alenses&#8221;, afirmou o candidato petista.<\/p>\n\n\n\n<figure class=\"wp-block-image size-large\"><img decoding=\"async\" width=\"1024\" height=\"684\" src=\"https:\/\/sgvaimudar.com.br\/wp-content\/uploads\/2024\/09\/unnamed-3-7-1024x684.jpg\" alt=\"\" class=\"wp-image-12679\" srcset=\"https:\/\/sgvaimudar.com.br\/wp-content\/uploads\/2024\/09\/unnamed-3-7-1024x684.jpg 1024w, https:\/\/sgvaimudar.com.br\/wp-content\/uploads\/2024\/09\/unnamed-3-7-300x200.jpg 300w, https:\/\/sgvaimudar.com.br\/wp-content\/uploads\/2024\/09\/unnamed-3-7-768x513.jpg 768w, https:\/\/sgvaimudar.com.br\/wp-content\/uploads\/2024\/09\/unnamed-3-7-1536x1027.jpg 1536w, https:\/\/sgvaimudar.com.br\/wp-content\/uploads\/2024\/09\/unnamed-3-7.jpg 1616w\" sizes=\"(max-width: 1024px) 100vw, 1024px\" \/><\/figure>\n\n\n\n<p>O candidato do PL, Capit\u00e3o Nelson, cumpriu compromissos de governo e participou de caminhada e reuni\u00f5es com candidatos a vereador durante a noite.<\/p>\n\n\n\n<p>Na \u00faltima quinta-feira (26), o candidato \u00e0 reelei\u00e7\u00e3o como prefeito de S\u00e3o Gon\u00e7alo participou de uma caminhada no fim da tarde no bairro Porto da Pedra, e depois de uma reuni\u00e3o no Campo Novo, em Maria Paula, junto a um candidato a vereador e eleitores.<\/p>\n\n\n\n<p>\u201cS\u00e3o Gon\u00e7alo n\u00e3o precisa de gente contando hist\u00f3ria, o gon\u00e7alense j\u00e1 est\u00e1 cansado disso. Aqui temos que nos dedicar muito, nos empenhar em muito trabalho. Eu nunca vi ningu\u00e9m conquistar alguma coisa num estalar de dedos. Aqui n\u00e3o tem m\u00e1gica, aqui tem trabalho! E trabalho s\u00e9rio\u201d, disse o prefeito ao falar sobre o grande volume de realiza\u00e7\u00f5es na cidade, mesmo com o curto or\u00e7amento que o munic\u00edpio possui.<\/p>\n\n\n\n<p>Durante a caminhada que realizou no bairro Porto da Pedra, Capit\u00e3o Nelson conversou com moradores e comerciantes na Rua Ab\u00edlio Jos\u00e9 de Mattos sobre as conquistas para o munic\u00edpio na sua gest\u00e3o e tamb\u00e9m sobre as propostas para seu pr\u00f3ximo governo, caso seja reeleito.<\/p>\n\n\n\n<p>\u201cSegundo o m\u00e9dico, se eu n\u00e3o operasse, teria mais seis meses de vida. Eu seria mandada para Vassouras para realizar o cateterismo, mas fui atendida aqui no Hospital do C\u00e2ncer e do Cora\u00e7\u00e3o. Quando meu nome entrou na regula\u00e7\u00e3o, em um m\u00eas eu fui chamada! Recebi um atendimento de primeira, com funcion\u00e1rios maravilhosos. Toda semana volto l\u00e1 para realizar exames de sangue e sou tratada realmente como se fosse da fam\u00edlia. Essa semana meu pai tamb\u00e9m passou por um cateterismo e deu tudo certo. Sigo fazendo acompanhamento l\u00e1 no Vila Tr\u00eas, no Centro de Imagens\u201d, disse a dona de casa Simone Evangelista, moradora do Porto da Pedra.<\/p>\n\n\n\n<p>Durante a tarde, Capit\u00e3o Nelson participou de uma caminhada e durante a noite, de reuni\u00f5es com candidatos a vereador e eleitores.<\/p>\n\n\n\n<p><strong><em><sup>S\u00e3o Gon\u00e7alo Vai Mudar. O Maior Portal da Cidade.<\/sup><\/em><\/strong><\/p>\n\n\n\n<figure class=\"wp-block-image size-full\"><img loading=\"lazy\" decoding=\"async\" width=\"251\" height=\"88\" src=\"https:\/\/sgvaimudar.com.br\/wp-content\/uploads\/2023\/08\/Logo.png\" alt=\"\" class=\"wp-image-2738\" \/><\/figure>\n","protected":false},"excerpt":{"rendered":"<p>Os candidatos(as)\u00a0Jaqueline Pedroza (Novo),\u00a0Viviane Carvalho (PMN),\u00a0Reginaldo Afonso\u00a0(PSTU),\u00a0Professor Josemar (Psol),\u00a0Dimas Gadelha (PT)\u00a0e\u00a0Capit\u00e3o Nelson (PL) fizeram caminhadas, gravaram entrevistas e participaram de&hellip;<\/p>\n","protected":false},"author":5,"featured_media":12305,"comment_status":"open","ping_status":"open","sticky":false,"template":"","format":"standard","meta":{"fifu_image_url":"","fifu_image_alt":"","footnotes":""},"categories":[3],"tags":[],"class_list":["post-12678","post","type-post","status-publish","format-standard","has-post-thumbnail","hentry","category-sao-goncalo"],"_links":{"self":[{"href":"https:\/\/sgvaimudar.com.br\/index.php\/wp-json\/wp\/v2\/posts\/12678","targetHints":{"allow":["GET"]}}],"collection":[{"href":"https:\/\/sgvaimudar.com.br\/index.php\/wp-json\/wp\/v2\/posts"}],"about":[{"href":"https:\/\/sgvaimudar.com.br\/index.php\/wp-json\/wp\/v2\/types\/post"}],"author":[{"embeddable":true,"href":"https:\/\/sgvaimudar.com.br\/index.php\/wp-json\/wp\/v2\/users\/5"}],"replies":[{"embeddable":true,"href":"https:\/\/sgvaimudar.com.br\/index.php\/wp-json\/wp\/v2\/comments?post=12678"}],"version-history":[{"count":3,"href":"https:\/\/sgvaimudar.com.br\/index.php\/wp-json\/wp\/v2\/posts\/12678\/revisions"}],"predecessor-version":[{"id":12688,"href":"https:\/\/sgvaimudar.com.br\/index.php\/wp-json\/wp\/v2\/posts\/12678\/revisions\/12688"}],"wp:featuredmedia":[{"embeddable":true,"href":"https:\/\/sgvaimudar.com.br\/index.php\/wp-json\/wp\/v2\/media\/12305"}],"wp:attachment":[{"href":"https:\/\/sgvaimudar.com.br\/index.php\/wp-json\/wp\/v2\/media?parent=12678"}],"wp:term":[{"taxonomy":"category","embeddable":true,"href":"https:\/\/sgvaimudar.com.br\/index.php\/wp-json\/wp\/v2\/categories?post=12678"},{"taxonomy":"post_tag","embeddable":true,"href":"https:\/\/sgvaimudar.com.br\/index.php\/wp-json\/wp\/v2\/tags?post=12678"}],"curies":[{"name":"wp","href":"https:\/\/api.w.org\/{rel}","templated":true}]}}