{"id":12675,"date":"2024-09-28T13:00:00","date_gmt":"2024-09-28T16:00:00","guid":{"rendered":"https:\/\/sgvaimudar.com.br\/?p=12675"},"modified":"2024-09-28T08:19:49","modified_gmt":"2024-09-28T11:19:49","slug":"familia-encontra-jovem-desaparecida-em-sao-goncalo","status":"publish","type":"post","link":"https:\/\/sgvaimudar.com.br\/index.php\/2024\/09\/28\/familia-encontra-jovem-desaparecida-em-sao-goncalo\/","title":{"rendered":"Fam\u00edlia encontra jovem desaparecida em S\u00e3o Gon\u00e7alo"},"content":{"rendered":"\n<p>Chegou ao fim o drama dos familiares da estudante Ana Luiza de Almeida Mendes, de 16 anos, moradora do bairro Antonina, em S\u00e3o Gon\u00e7alo, que havia desaparecido ap\u00f3s sair de casa, na tarde do \u00faltimo domingo (22). <\/p>\n\n\n\n<p>Ap\u00f3s peregrinar por v\u00e1rias regi\u00f5es da cidade, os parentes a localizaram no in\u00edcio da noite dessa quarta-feira (25), na casa de uma amiga, no Mutu\u00e1. A jovem estavam bem e ficou surpresa ao ser encontrada, mas concordou em voltar para casa.\u00a0<\/p>\n\n\n\n<p>Segundo a ocorr\u00eancia, ela decidiu sair de casa ap\u00f3s desaven\u00e7as com familiares sobre as companhias que habitualmente tinha. Em sinal de protesto, Ana Luiza fugiu de casa quando estava sozinha e a m\u00e3e havia sa\u00eddo para o trabalho. A menor chegou em estar na casa de outra amiga no Jardim Catarina, antes de ir para o Mutu\u00e1.\u00a0<\/p>\n\n\n\n<p>O Disque Den\u00fancia divulgou o cartaz\u00a0para mobilizar a popula\u00e7\u00e3o e encontrar a jovem, que j\u00e1 est\u00e1 em casa e passa bem.\u00a0<\/p>\n\n\n\n<p><strong><em><sup>S\u00e3o Gon\u00e7alo Vai Mudar. O Maior Portal da Cidade.<\/sup><\/em><\/strong><\/p>\n\n\n\n<figure class=\"wp-block-image size-full\"><img decoding=\"async\" width=\"251\" height=\"88\" src=\"https:\/\/sgvaimudar.com.br\/wp-content\/uploads\/2023\/08\/Logo.png\" alt=\"\" class=\"wp-image-2738\" \/><\/figure>\n","protected":false},"excerpt":{"rendered":"<p>Chegou ao fim o drama dos familiares da estudante Ana Luiza de Almeida Mendes, de 16 anos, moradora do bairro&hellip;<\/p>\n","protected":false},"author":5,"featured_media":12676,"comment_status":"open","ping_status":"open","sticky":false,"template":"","format":"standard","meta":{"fifu_image_url":"","fifu_image_alt":"","footnotes":""},"categories":[32],"tags":[],"class_list":["post-12675","post","type-post","status-publish","format-standard","has-post-thumbnail","hentry","category-casos-de-policia"],"_links":{"self":[{"href":"https:\/\/sgvaimudar.com.br\/index.php\/wp-json\/wp\/v2\/posts\/12675","targetHints":{"allow":["GET"]}}],"collection":[{"href":"https:\/\/sgvaimudar.com.br\/index.php\/wp-json\/wp\/v2\/posts"}],"about":[{"href":"https:\/\/sgvaimudar.com.br\/index.php\/wp-json\/wp\/v2\/types\/post"}],"author":[{"embeddable":true,"href":"https:\/\/sgvaimudar.com.br\/index.php\/wp-json\/wp\/v2\/users\/5"}],"replies":[{"embeddable":true,"href":"https:\/\/sgvaimudar.com.br\/index.php\/wp-json\/wp\/v2\/comments?post=12675"}],"version-history":[{"count":1,"href":"https:\/\/sgvaimudar.com.br\/index.php\/wp-json\/wp\/v2\/posts\/12675\/revisions"}],"predecessor-version":[{"id":12677,"href":"https:\/\/sgvaimudar.com.br\/index.php\/wp-json\/wp\/v2\/posts\/12675\/revisions\/12677"}],"wp:featuredmedia":[{"embeddable":true,"href":"https:\/\/sgvaimudar.com.br\/index.php\/wp-json\/wp\/v2\/media\/12676"}],"wp:attachment":[{"href":"https:\/\/sgvaimudar.com.br\/index.php\/wp-json\/wp\/v2\/media?parent=12675"}],"wp:term":[{"taxonomy":"category","embeddable":true,"href":"https:\/\/sgvaimudar.com.br\/index.php\/wp-json\/wp\/v2\/categories?post=12675"},{"taxonomy":"post_tag","embeddable":true,"href":"https:\/\/sgvaimudar.com.br\/index.php\/wp-json\/wp\/v2\/tags?post=12675"}],"curies":[{"name":"wp","href":"https:\/\/api.w.org\/{rel}","templated":true}]}}