{"id":12614,"date":"2024-09-27T08:24:46","date_gmt":"2024-09-27T11:24:46","guid":{"rendered":"https:\/\/sgvaimudar.com.br\/?p=12614"},"modified":"2024-09-27T09:31:24","modified_gmt":"2024-09-27T12:31:24","slug":"em-discurso-rodrigo-neves-ataca-carlos-jordy-tinha-que-ter-sido-colocado-para-correr","status":"publish","type":"post","link":"https:\/\/sgvaimudar.com.br\/index.php\/2024\/09\/27\/em-discurso-rodrigo-neves-ataca-carlos-jordy-tinha-que-ter-sido-colocado-para-correr\/","title":{"rendered":"Em discurso, Rodrigo Neves ataca Carlos Jordy: &#8220;Tinha que ter sido colocado para correr&#8221;"},"content":{"rendered":"\n<p><em>Carlos Jordy disse que registrou queixa-crime <\/em><\/p>\n\n\n\n<p>Em uma recente reuni\u00e3o pol\u00edtica, o candidato \u00e0 prefeitura de Niter\u00f3i, Rodrigo Neves (PDT), perdeu a compostura ao atacar o bolsonarista Carlos Jordy (PL), que tem mostrado crescimento nas pesquisas na cidade.<\/p>\n\n\n\n<p>&#8220;Me chamou de safado, salafr\u00e1rio e at\u00e9 racista. Um grande discurso de \u00f3dio, isso n\u00e3o \u00e9 postura de um candidato a prefeito \u00e9 lament\u00e1vel a agress\u00e3o a democracia&#8221;, disse Jordy em v\u00eddeo de defesa; veja abaixo:<\/p>\n\n\n\n<figure class=\"wp-block-video\"><video height=\"848\" style=\"aspect-ratio: 480 \/ 848;\" width=\"480\" controls src=\"https:\/\/sgvaimudar.com.br\/wp-content\/uploads\/2024\/09\/WhatsApp-Video-2024-09-27-at-09.23.49.mp4\"><\/video><\/figure>\n\n\n\n<p>No v\u00eddeo que circula, Rodrigo Neves afirma que est\u00e1 \u201cputo\u201d da vida porque o advers\u00e1rio, que segundo ele, nunca apareceu no Prevent\u00f3rio, na Zona Sul de Niter\u00f3i, esteve no local fazendo agenda de campanha.<\/p>\n\n\n\n<p>\u201cEle tinha que ser colocado para corre quando ele botasse o p\u00e9 dentro da comunidade\u201d, afirmou Rodrigo Neves.<br><br>A declara\u00e7\u00e3o do ex-prefeito, que pareceu incitar a\u00e7\u00f5es contra seu advers\u00e1rio pol\u00edtico, gerou grande repercuss\u00e3o, especialmente em um momento em que o Brasil enfrenta um aumento da viol\u00eancia.<\/p>\n\n\n\n<p>&#8220;Com o cen\u00e1rio eleitoral cada vez mais acirrado, \u00e9 preocupante quando candidatos incentivam atos que podem potencialmente agravar ainda mais esse clima&#8221;, escreveu um leitor na postagem.<\/p>\n\n\n\n<p>Carlos Jordy disse para o SGVM que registrou queixa-crime e provocou o Minist\u00e9rio P\u00fablico Eleitoral (MPE) e Tribunal Regional  Eleitoral (TRE).<\/p>\n\n\n\n<p><strong>PESQUISA <\/strong>&#8211; A poucos dias das elei\u00e7\u00f5es, o candidato do PDT para prefeito de Niter\u00f3i (RJ) Rodrigo Neves lidera a disputa com 44% das inten\u00e7\u00f5es de voto segundo pesquisa do Instituto Gerp divulgada nesta quinta-feira (26). Em segundo lugar aparece Carlos Jordy, com 22%, seguido por Tal\u00edria Petrone (9%) e Bruno Lessa (2%). Os indecisos somam 15%.<\/p>\n\n\n\n<p>O Instituto Gerp mostrou que Rodrigo Neves lidera tamb\u00e9m no cen\u00e1rio espont\u00e2neo, quando nenhum nome \u00e9 apresentado previamente ao entrevistado. O ex-prefeito chega a 31% contra 17% de Carlos Jordy.<\/p>\n\n\n\n<p>A pesquisa do Gerp, registrada sob o n\u00famero RJ-06484\/2024, foi feita com 1250 entrevistas e tem margem de erro de 2,83% pontos percentuais para mais ou para menos. O intervalo de confian\u00e7a \u00e9 de 95,55%.<\/p>\n\n\n\n<p>O TRE-RJ foi procurado para falar sobre a quest\u00e3o da incita\u00e7\u00e3o, assim como Rodrigo Neves, que n\u00e3o se manifestou at\u00e9 o fechamento desta mat\u00e9ria.<\/p>\n\n\n\n<p><strong><em><sup>S\u00e3o Gon\u00e7alo Vai Mudar. O Maior Portal da Cidade.<\/sup><\/em><\/strong><\/p>\n\n\n\n<figure class=\"wp-block-image size-full\"><img decoding=\"async\" width=\"250\" height=\"87\" src=\"https:\/\/sgvaimudar.com.br\/wp-content\/uploads\/2023\/08\/cropped-Logo.png\" alt=\"\" class=\"wp-image-2739\" \/><\/figure>\n\n\n\n<p> <\/p>\n","protected":false},"excerpt":{"rendered":"<p>Carlos Jordy disse que registrou queixa-crime Em uma recente reuni\u00e3o pol\u00edtica, o candidato \u00e0 prefeitura de Niter\u00f3i, Rodrigo Neves (PDT),&hellip;<\/p>\n","protected":false},"author":5,"featured_media":12250,"comment_status":"open","ping_status":"open","sticky":false,"template":"","format":"standard","meta":{"fifu_image_url":"","fifu_image_alt":"","footnotes":""},"categories":[34],"tags":[],"class_list":["post-12614","post","type-post","status-publish","format-standard","has-post-thumbnail","hentry","category-niteroi"],"_links":{"self":[{"href":"https:\/\/sgvaimudar.com.br\/index.php\/wp-json\/wp\/v2\/posts\/12614","targetHints":{"allow":["GET"]}}],"collection":[{"href":"https:\/\/sgvaimudar.com.br\/index.php\/wp-json\/wp\/v2\/posts"}],"about":[{"href":"https:\/\/sgvaimudar.com.br\/index.php\/wp-json\/wp\/v2\/types\/post"}],"author":[{"embeddable":true,"href":"https:\/\/sgvaimudar.com.br\/index.php\/wp-json\/wp\/v2\/users\/5"}],"replies":[{"embeddable":true,"href":"https:\/\/sgvaimudar.com.br\/index.php\/wp-json\/wp\/v2\/comments?post=12614"}],"version-history":[{"count":9,"href":"https:\/\/sgvaimudar.com.br\/index.php\/wp-json\/wp\/v2\/posts\/12614\/revisions"}],"predecessor-version":[{"id":12642,"href":"https:\/\/sgvaimudar.com.br\/index.php\/wp-json\/wp\/v2\/posts\/12614\/revisions\/12642"}],"wp:featuredmedia":[{"embeddable":true,"href":"https:\/\/sgvaimudar.com.br\/index.php\/wp-json\/wp\/v2\/media\/12250"}],"wp:attachment":[{"href":"https:\/\/sgvaimudar.com.br\/index.php\/wp-json\/wp\/v2\/media?parent=12614"}],"wp:term":[{"taxonomy":"category","embeddable":true,"href":"https:\/\/sgvaimudar.com.br\/index.php\/wp-json\/wp\/v2\/categories?post=12614"},{"taxonomy":"post_tag","embeddable":true,"href":"https:\/\/sgvaimudar.com.br\/index.php\/wp-json\/wp\/v2\/tags?post=12614"}],"curies":[{"name":"wp","href":"https:\/\/api.w.org\/{rel}","templated":true}]}}