{"id":12599,"date":"2024-09-26T21:00:00","date_gmt":"2024-09-27T00:00:00","guid":{"rendered":"https:\/\/sgvaimudar.com.br\/?p=12599"},"modified":"2024-09-26T11:25:00","modified_gmt":"2024-09-26T14:25:00","slug":"muita-audacia-bandidos-resgatam-procurado-por-homicidio-ferido-de-ambulancia-dos-bombeiros-em-itaborai","status":"publish","type":"post","link":"https:\/\/sgvaimudar.com.br\/index.php\/2024\/09\/26\/muita-audacia-bandidos-resgatam-procurado-por-homicidio-ferido-de-ambulancia-dos-bombeiros-em-itaborai\/","title":{"rendered":"Muita aud\u00e1cia: Bandidos resgatam procurado por homic\u00eddio ferido de ambul\u00e2ncia dos bombeiros em Itabora\u00ed"},"content":{"rendered":"\n<p><em>A Corregedoria da PM investiga o caso e seis agentes estavam sendo ouvidos na Delegacia de Itabora\u00ed na noite desta quarta<\/em><\/p>\n\n\n\n<p>Criminosos armados resgataram um homem procurado por homic\u00eddio ferido de uma ambul\u00e2ncia dos bombeiros na tarde desta quarta-feira (25) em Itabora\u00ed. O resgate ocorreu depois de uma opera\u00e7\u00e3o do 35\u00ba BPM na comunidade conhecida como Col\u00f4nia, que deixou 2 mortos. <\/p>\n\n\n\n<div data-wp-interactive=\"core\/file\" class=\"wp-block-file\"><object data-wp-bind--hidden=\"!state.hasPdfPreview\" hidden class=\"wp-block-file__embed\" data=\"https:\/\/sgvaimudar.com.br\/wp-content\/uploads\/2024\/09\/RptRelLista.aspx_-1.pdf\" type=\"application\/pdf\" style=\"width:100%;height:600px\" aria-label=\"Incorporado de RptRelLista.aspx_-1.\"><\/object><a id=\"wp-block-file--media-fa857e73-d8a9-4967-ae7f-6c805ed754eb\" href=\"https:\/\/sgvaimudar.com.br\/wp-content\/uploads\/2024\/09\/RptRelLista.aspx_-1.pdf\">RptRelLista.aspx_-1<\/a><a href=\"https:\/\/sgvaimudar.com.br\/wp-content\/uploads\/2024\/09\/RptRelLista.aspx_-1.pdf\" class=\"wp-block-file__button wp-element-button\" download aria-describedby=\"wp-block-file--media-fa857e73-d8a9-4967-ae7f-6c805ed754eb\">Baixar<\/a><\/div>\n\n\n\n<p>Clayton de Ara\u00fajo Costa contra quem h\u00e1 um mandado de pris\u00e3o em aberto por homic\u00eddio, tamb\u00e9m ficou ferido na perna durante a a\u00e7\u00e3o policial.<\/p>\n\n\n\n<p>Os bombeiros foram socorr\u00ea-lo em uma \u00e1rea de mata pr\u00f3xima. No trajeto para o hospital, a ambul\u00e2ncia foi interceptada por criminosos armados e Clayton foi levado. A ambul\u00e2ncia estava sem escolta da PM no momento do resgate.<\/p>\n\n\n\n<p>A Corregedoria da PM investiga o caso e seis agentes estavam sendo ouvidos na Delegacia de Itabora\u00ed na noite desta quarta. Bombeiros tamb\u00e9m foram interrogados. Afirmaram que chegaram a questionar a pol\u00edcia sobre escolta, mas foram informados que a comunidade estava &#8220;tranquila&#8221;.<\/p>\n\n\n\n<h2 class=\"wp-block-heading\">O que os procurados disseram:<\/h2>\n\n\n\n<p><strong>Corpo de Bombeiros<\/strong><\/p>\n\n\n\n<p><em>&#8220;O Corpo de Bombeiros Militar do Estado do Rio de Janeiro foi acionado, na tarde desta quarta-feira (25.09), para uma ocorr\u00eancia de agress\u00e3o por arma de fogo, na localidade de Campo do Col\u00f4nia, em Itabora\u00ed. Ap\u00f3s os primeiros-socorros \u00e0 v\u00edtima, durante o encaminhamento para a unidade hospitalar, uma ambul\u00e2ncia da corpora\u00e7\u00e3o foi abordada por homens armados. A v\u00edtima, que tinha um ferimento na coxa, foi retirada da viatura e levada pelos criminosos. Nenhum militar ficou ferido.<\/em><\/p>\n\n\n\n<p><em>A corpora\u00e7\u00e3o est\u00e1 \u00e0 disposi\u00e7\u00e3o das autoridades para colaborar com as investiga\u00e7\u00f5es. O caso foi registrado na 71\u00aa DP. A equipe m\u00e9dica diretamente envolvida na a\u00e7\u00e3o est\u00e1 recebendo todo o suporte necess\u00e1rio do CBMERJ&#8221;.<\/em><\/p>\n\n\n\n<p><strong>Pol\u00edcia Militar<\/strong><\/p>\n\n\n\n<p><em>&#8220;Assessoria de Imprensa da Secretaria de Estado de Pol\u00edcia Militar informa que, nesta quarta-feira (25\/9), de acordo com dados preliminares dos policiais militares do 35\u00baBPM, equipes foram atacadas quando refor\u00e7avam o patrulhamento na regi\u00e3o da Col\u00f4nia, em Itabora\u00ed. Dois suspeitos foram feridos.<\/em><\/p>\n\n\n\n<p><em>Os policiais envolvidos na a\u00e7\u00e3o foram ouvidos na delegacia. O comandante da unidade determinou a instaura\u00e7\u00e3o de um inqu\u00e9rito policial militar para verificar as circunst\u00e2ncias da a\u00e7\u00e3o. Foram apreendidos uma pistola, um rev\u00f3lver, dois carregadores, muni\u00e7\u00f5es, material entorpecente, dois r\u00e1dios transmissores. A ocorr\u00eancia foi encaminhada para a 71\u00aa DP&#8221;.<\/em><\/p>\n\n\n\n<p><em>Com informa\u00e7\u00f5es g1<\/em><\/p>\n\n\n\n<p><strong><em><sub>S\u00e3o Gon\u00e7alo Vai Mudar. O Maior Portal da Cidade<\/sub><\/em><\/strong><\/p>\n\n\n\n<figure class=\"wp-block-image size-full\"><img decoding=\"async\" width=\"251\" height=\"88\" src=\"https:\/\/sgvaimudar.com.br\/wp-content\/uploads\/2023\/08\/Logo.png\" alt=\"\" class=\"wp-image-2738\" \/><\/figure>\n","protected":false},"excerpt":{"rendered":"<p>A Corregedoria da PM investiga o caso e seis agentes estavam sendo ouvidos na Delegacia de Itabora\u00ed na noite desta&hellip;<\/p>\n","protected":false},"author":5,"featured_media":12600,"comment_status":"open","ping_status":"open","sticky":false,"template":"","format":"standard","meta":{"fifu_image_url":"","fifu_image_alt":"","footnotes":""},"categories":[32],"tags":[],"class_list":["post-12599","post","type-post","status-publish","format-standard","has-post-thumbnail","hentry","category-casos-de-policia"],"_links":{"self":[{"href":"https:\/\/sgvaimudar.com.br\/index.php\/wp-json\/wp\/v2\/posts\/12599","targetHints":{"allow":["GET"]}}],"collection":[{"href":"https:\/\/sgvaimudar.com.br\/index.php\/wp-json\/wp\/v2\/posts"}],"about":[{"href":"https:\/\/sgvaimudar.com.br\/index.php\/wp-json\/wp\/v2\/types\/post"}],"author":[{"embeddable":true,"href":"https:\/\/sgvaimudar.com.br\/index.php\/wp-json\/wp\/v2\/users\/5"}],"replies":[{"embeddable":true,"href":"https:\/\/sgvaimudar.com.br\/index.php\/wp-json\/wp\/v2\/comments?post=12599"}],"version-history":[{"count":1,"href":"https:\/\/sgvaimudar.com.br\/index.php\/wp-json\/wp\/v2\/posts\/12599\/revisions"}],"predecessor-version":[{"id":12603,"href":"https:\/\/sgvaimudar.com.br\/index.php\/wp-json\/wp\/v2\/posts\/12599\/revisions\/12603"}],"wp:featuredmedia":[{"embeddable":true,"href":"https:\/\/sgvaimudar.com.br\/index.php\/wp-json\/wp\/v2\/media\/12600"}],"wp:attachment":[{"href":"https:\/\/sgvaimudar.com.br\/index.php\/wp-json\/wp\/v2\/media?parent=12599"}],"wp:term":[{"taxonomy":"category","embeddable":true,"href":"https:\/\/sgvaimudar.com.br\/index.php\/wp-json\/wp\/v2\/categories?post=12599"},{"taxonomy":"post_tag","embeddable":true,"href":"https:\/\/sgvaimudar.com.br\/index.php\/wp-json\/wp\/v2\/tags?post=12599"}],"curies":[{"name":"wp","href":"https:\/\/api.w.org\/{rel}","templated":true}]}}