{"id":12594,"date":"2024-09-26T19:00:00","date_gmt":"2024-09-26T22:00:00","guid":{"rendered":"https:\/\/sgvaimudar.com.br\/?p=12594"},"modified":"2024-09-26T11:13:21","modified_gmt":"2024-09-26T14:13:21","slug":"homem-e-preso-com-fuzil-carregadores-e-centenas-de-municoes-na-ponte-rio-niteroi","status":"publish","type":"post","link":"https:\/\/sgvaimudar.com.br\/index.php\/2024\/09\/26\/homem-e-preso-com-fuzil-carregadores-e-centenas-de-municoes-na-ponte-rio-niteroi\/","title":{"rendered":"Homem \u00e9 preso com fuzil, carregadores e centenas de muni\u00e7\u00f5es na Ponte Rio-Niter\u00f3i"},"content":{"rendered":"\n<p><em>O fato aconteceu durante a\u00e7\u00e3o conjunta da PRF e PF<\/em><\/p>\n\n\n\n<p>Um homem foi preso com um fuzil, carregadores e centenas de muni\u00e7\u00f5es, na quarta-feira (25), na Ponte Rio-Niter\u00f3i (BR-101), em Niter\u00f3i. O armamento estava escondido dentro do painel de um carro. O flagrante aconteceu durante uma a\u00e7\u00e3o conjunta entre a Pol\u00edcia Rodovi\u00e1ria Federal (PRF) e a Pol\u00edcia Federal (PF).<\/p>\n\n\n\n<figure class=\"wp-block-image size-large\"><img fetchpriority=\"high\" decoding=\"async\" width=\"768\" height=\"1024\" src=\"https:\/\/sgvaimudar.com.br\/wp-content\/uploads\/2024\/09\/WhatsApp-Image-2024-09-26-at-09.15.11-768x1024.jpeg\" alt=\"\" class=\"wp-image-12595\" srcset=\"https:\/\/sgvaimudar.com.br\/wp-content\/uploads\/2024\/09\/WhatsApp-Image-2024-09-26-at-09.15.11-768x1024.jpeg 768w, https:\/\/sgvaimudar.com.br\/wp-content\/uploads\/2024\/09\/WhatsApp-Image-2024-09-26-at-09.15.11-225x300.jpeg 225w, https:\/\/sgvaimudar.com.br\/wp-content\/uploads\/2024\/09\/WhatsApp-Image-2024-09-26-at-09.15.11-1152x1536.jpeg 1152w, https:\/\/sgvaimudar.com.br\/wp-content\/uploads\/2024\/09\/WhatsApp-Image-2024-09-26-at-09.15.11.jpeg 1200w\" sizes=\"(max-width: 768px) 100vw, 768px\" \/><\/figure>\n\n\n\n<p>Por volta das 20h, policiais rodovi\u00e1rios federais da 2\u00aa Delegacia (Niter\u00f3i) receberam informa\u00e7\u00f5es da PF sobre o poss\u00edvel transporte do material. Na altura da pra\u00e7a do ped\u00e1gio, as equipes deram ordem de parada ao ve\u00edculo suspeito, mas o condutor desobedeceu e iniciou uma fuga no sentido Niter\u00f3i, por\u00e9m n\u00e3o conseguiu escapar e acabou sendo abordado logo adiante.<\/p>\n\n\n\n<figure class=\"wp-block-image size-large\"><img decoding=\"async\" width=\"576\" height=\"1024\" src=\"https:\/\/sgvaimudar.com.br\/wp-content\/uploads\/2024\/09\/WhatsApp-Image-2024-09-26-at-09.15.09-576x1024.jpeg\" alt=\"\" class=\"wp-image-12597\" srcset=\"https:\/\/sgvaimudar.com.br\/wp-content\/uploads\/2024\/09\/WhatsApp-Image-2024-09-26-at-09.15.09-576x1024.jpeg 576w, https:\/\/sgvaimudar.com.br\/wp-content\/uploads\/2024\/09\/WhatsApp-Image-2024-09-26-at-09.15.09-169x300.jpeg 169w, https:\/\/sgvaimudar.com.br\/wp-content\/uploads\/2024\/09\/WhatsApp-Image-2024-09-26-at-09.15.09-768x1365.jpeg 768w, https:\/\/sgvaimudar.com.br\/wp-content\/uploads\/2024\/09\/WhatsApp-Image-2024-09-26-at-09.15.09-864x1536.jpeg 864w, https:\/\/sgvaimudar.com.br\/wp-content\/uploads\/2024\/09\/WhatsApp-Image-2024-09-26-at-09.15.09.jpeg 900w\" sizes=\"(max-width: 576px) 100vw, 576px\" \/><\/figure>\n\n\n\n<p>Durante a revista no carro, os policiais encontraram um fuzil, dez carregadores e 209 muni\u00e7\u00f5es \u2013 calibre 5,56mm. O armamento estava escondido no painel do ve\u00edculo, aberto ap\u00f3s o acionamento de um dispositivo. <\/p>\n\n\n\n<p>O motorista acabou confessando que buscou o material em uma comunidade na Zona Norte do Rio e disse que entregaria em Niter\u00f3i. O homem possu\u00eda antecedentes criminais e usava uma tornozeleira eletr\u00f4nica.<\/p>\n\n\n\n<p>A ocorr\u00eancia foi encaminhada \u00e0 Pol\u00edcia Federal.<\/p>\n\n\n\n<p><strong><em><sup>S\u00e3o Gon\u00e7alo Vai Mudar. O Maior Portal da Cidade.<\/sup><\/em><\/strong><\/p>\n\n\n\n<figure class=\"wp-block-image size-full\"><img decoding=\"async\" width=\"250\" height=\"87\" src=\"https:\/\/sgvaimudar.com.br\/wp-content\/uploads\/2023\/08\/cropped-Logo.png\" alt=\"\" class=\"wp-image-2739\" \/><\/figure>\n","protected":false},"excerpt":{"rendered":"<p>O fato aconteceu durante a\u00e7\u00e3o conjunta da PRF e PF Um homem foi preso com um fuzil, carregadores e centenas&hellip;<\/p>\n","protected":false},"author":5,"featured_media":12596,"comment_status":"open","ping_status":"open","sticky":false,"template":"","format":"standard","meta":{"fifu_image_url":"","fifu_image_alt":"","footnotes":""},"categories":[32],"tags":[],"class_list":["post-12594","post","type-post","status-publish","format-standard","has-post-thumbnail","hentry","category-casos-de-policia"],"_links":{"self":[{"href":"https:\/\/sgvaimudar.com.br\/index.php\/wp-json\/wp\/v2\/posts\/12594","targetHints":{"allow":["GET"]}}],"collection":[{"href":"https:\/\/sgvaimudar.com.br\/index.php\/wp-json\/wp\/v2\/posts"}],"about":[{"href":"https:\/\/sgvaimudar.com.br\/index.php\/wp-json\/wp\/v2\/types\/post"}],"author":[{"embeddable":true,"href":"https:\/\/sgvaimudar.com.br\/index.php\/wp-json\/wp\/v2\/users\/5"}],"replies":[{"embeddable":true,"href":"https:\/\/sgvaimudar.com.br\/index.php\/wp-json\/wp\/v2\/comments?post=12594"}],"version-history":[{"count":1,"href":"https:\/\/sgvaimudar.com.br\/index.php\/wp-json\/wp\/v2\/posts\/12594\/revisions"}],"predecessor-version":[{"id":12598,"href":"https:\/\/sgvaimudar.com.br\/index.php\/wp-json\/wp\/v2\/posts\/12594\/revisions\/12598"}],"wp:featuredmedia":[{"embeddable":true,"href":"https:\/\/sgvaimudar.com.br\/index.php\/wp-json\/wp\/v2\/media\/12596"}],"wp:attachment":[{"href":"https:\/\/sgvaimudar.com.br\/index.php\/wp-json\/wp\/v2\/media?parent=12594"}],"wp:term":[{"taxonomy":"category","embeddable":true,"href":"https:\/\/sgvaimudar.com.br\/index.php\/wp-json\/wp\/v2\/categories?post=12594"},{"taxonomy":"post_tag","embeddable":true,"href":"https:\/\/sgvaimudar.com.br\/index.php\/wp-json\/wp\/v2\/tags?post=12594"}],"curies":[{"name":"wp","href":"https:\/\/api.w.org\/{rel}","templated":true}]}}