{"id":12558,"date":"2024-09-26T08:36:17","date_gmt":"2024-09-26T11:36:17","guid":{"rendered":"https:\/\/sgvaimudar.com.br\/?p=12558"},"modified":"2024-09-26T08:36:50","modified_gmt":"2024-09-26T11:36:50","slug":"atencao-motoristas-mudanca-de-transito-em-varios-bairros-teve-inicio","status":"publish","type":"post","link":"https:\/\/sgvaimudar.com.br\/index.php\/2024\/09\/26\/atencao-motoristas-mudanca-de-transito-em-varios-bairros-teve-inicio\/","title":{"rendered":"Aten\u00e7\u00e3o motoristas: Mudan\u00e7a de tr\u00e2nsito em v\u00e1rios bairros teve in\u00edcio"},"content":{"rendered":"\n<p><em>Altera\u00e7\u00e3o em trajeto do novo corredor vi\u00e1rio ser\u00e1 permanente<\/em><\/p>\n\n\n\n<p>Teve in\u00edcio, nesta quarta-feira (25), uma das novas altera\u00e7\u00f5es de tr\u00e2nsito no munic\u00edpio de S\u00e3o Gon\u00e7alo. Realizada pela Secretaria de Transportes, a mudan\u00e7a, que ser\u00e1 permanente, ocorre em decorr\u00eancia do andamento das obras do novo corredor vi\u00e1rio. A altera\u00e7\u00e3o ir\u00e1 atingir diretamente aqueles motoristas que trafegam pelos bairros Porto da Madama, Porto Velho, Vila Lage e Neves.<\/p>\n\n\n\n<figure class=\"wp-block-image size-full\"><img fetchpriority=\"high\" decoding=\"async\" width=\"1024\" height=\"683\" src=\"https:\/\/sgvaimudar.com.br\/wp-content\/uploads\/2024\/09\/unnamed-6-5.jpg\" alt=\"\" class=\"wp-image-12560\" srcset=\"https:\/\/sgvaimudar.com.br\/wp-content\/uploads\/2024\/09\/unnamed-6-5.jpg 1024w, https:\/\/sgvaimudar.com.br\/wp-content\/uploads\/2024\/09\/unnamed-6-5-300x200.jpg 300w, https:\/\/sgvaimudar.com.br\/wp-content\/uploads\/2024\/09\/unnamed-6-5-768x512.jpg 768w\" sizes=\"(max-width: 1024px) 100vw, 1024px\" \/><\/figure>\n\n\n\n<p>A partir de agora, os carros que v\u00eam do Centro de S\u00e3o Gon\u00e7alo no sentido Niter\u00f3i, seguindo pela Avenida Presidente Kennedy, pela Rua Jaime Figueiredo e pela Rua Fontes, dever\u00e3o acessar a via auxiliar (rua de baixo) da Rua Comandante Ari Parreiras, na altura do CIUG, e continuar em frente, no sentido Neves.<\/p>\n\n\n\n<p>Anteriormente, ao chegar pr\u00f3ximo ao CIUG pela Rua Fontes, os motoristas acessavam a via de cima, que tinha duplo sentido, para chegar at\u00e9 Neves. Agora, a Rua Comandante Ari Parreiras estar\u00e1 em sentido \u00fanico de circula\u00e7\u00e3o para S\u00e3o Gon\u00e7alo na parte de cima e sentido \u00fanico para Neves\/Niter\u00f3i na parte de baixo.<\/p>\n\n\n\n<p>Os motoristas tamb\u00e9m devem ficar atentos \u00e0s novas proibi\u00e7\u00f5es de estacionamento nas vias em quest\u00e3o.<\/p>\n\n\n\n<p><sup><strong><sub>S\u00e3o Gon\u00e7alo Vai Mudar. O Maior Portal da Cidade.<\/sub><\/strong><\/sup><\/p>\n\n\n\n<figure class=\"wp-block-image size-full\"><img decoding=\"async\" width=\"250\" height=\"87\" src=\"https:\/\/sgvaimudar.com.br\/wp-content\/uploads\/2023\/08\/cropped-Logo.png\" alt=\"\" class=\"wp-image-2739\" \/><\/figure>\n","protected":false},"excerpt":{"rendered":"<p>Altera\u00e7\u00e3o em trajeto do novo corredor vi\u00e1rio ser\u00e1 permanente Teve in\u00edcio, nesta quarta-feira (25), uma das novas altera\u00e7\u00f5es de tr\u00e2nsito&hellip;<\/p>\n","protected":false},"author":5,"featured_media":12559,"comment_status":"open","ping_status":"open","sticky":false,"template":"","format":"standard","meta":{"fifu_image_url":"","fifu_image_alt":"","footnotes":""},"categories":[3],"tags":[],"class_list":["post-12558","post","type-post","status-publish","format-standard","has-post-thumbnail","hentry","category-sao-goncalo"],"_links":{"self":[{"href":"https:\/\/sgvaimudar.com.br\/index.php\/wp-json\/wp\/v2\/posts\/12558","targetHints":{"allow":["GET"]}}],"collection":[{"href":"https:\/\/sgvaimudar.com.br\/index.php\/wp-json\/wp\/v2\/posts"}],"about":[{"href":"https:\/\/sgvaimudar.com.br\/index.php\/wp-json\/wp\/v2\/types\/post"}],"author":[{"embeddable":true,"href":"https:\/\/sgvaimudar.com.br\/index.php\/wp-json\/wp\/v2\/users\/5"}],"replies":[{"embeddable":true,"href":"https:\/\/sgvaimudar.com.br\/index.php\/wp-json\/wp\/v2\/comments?post=12558"}],"version-history":[{"count":1,"href":"https:\/\/sgvaimudar.com.br\/index.php\/wp-json\/wp\/v2\/posts\/12558\/revisions"}],"predecessor-version":[{"id":12561,"href":"https:\/\/sgvaimudar.com.br\/index.php\/wp-json\/wp\/v2\/posts\/12558\/revisions\/12561"}],"wp:featuredmedia":[{"embeddable":true,"href":"https:\/\/sgvaimudar.com.br\/index.php\/wp-json\/wp\/v2\/media\/12559"}],"wp:attachment":[{"href":"https:\/\/sgvaimudar.com.br\/index.php\/wp-json\/wp\/v2\/media?parent=12558"}],"wp:term":[{"taxonomy":"category","embeddable":true,"href":"https:\/\/sgvaimudar.com.br\/index.php\/wp-json\/wp\/v2\/categories?post=12558"},{"taxonomy":"post_tag","embeddable":true,"href":"https:\/\/sgvaimudar.com.br\/index.php\/wp-json\/wp\/v2\/tags?post=12558"}],"curies":[{"name":"wp","href":"https:\/\/api.w.org\/{rel}","templated":true}]}}