{"id":12512,"date":"2024-09-25T09:13:32","date_gmt":"2024-09-25T12:13:32","guid":{"rendered":"https:\/\/sgvaimudar.com.br\/?p=12512"},"modified":"2024-09-25T09:24:57","modified_gmt":"2024-09-25T12:24:57","slug":"moto-e-apreendida-em-acao-do-12obpm-contra-um-rolezinho-de-ida-a-praia","status":"publish","type":"post","link":"https:\/\/sgvaimudar.com.br\/index.php\/2024\/09\/25\/moto-e-apreendida-em-acao-do-12obpm-contra-um-rolezinho-de-ida-a-praia\/","title":{"rendered":"Moto \u00e9 apreendida em a\u00e7\u00e3o do 12\u00baBPM contra um &#8216;rolezinho&#8217; de ida \u00e0 praia"},"content":{"rendered":"\n<p><em>Condutores ao verem \u00e0 viatura se separaram e uma parte entrou de moto na contra m\u00e3o na Rua Miguel de Frias. Uma menina de 18 anos, foi acusada de fazer gesto f\u00e1lico (mostrar dedo do meio) para \u00e0 pol\u00edcia<\/em><\/p>\n\n\n\n<p>Os policiais militares do 12\u00baBPM, apreenderam, na tarde desta ter\u00e7a-feira (24\/9), uma moto em atua\u00e7\u00e3o contra um &#8220;rolezinho&#8221; em Niter\u00f3i.&nbsp;Segundo a ocorr\u00eancia, a a\u00e7\u00e3o aconteceu em Icara\u00ed.<\/p>\n\n\n\n<figure class=\"wp-block-image size-large\"><img fetchpriority=\"high\" decoding=\"async\" width=\"1024\" height=\"771\" src=\"https:\/\/sgvaimudar.com.br\/wp-content\/uploads\/2024\/09\/WhatsApp-Image-2024-09-24-at-17.57.48-1-1024x771.jpeg\" alt=\"\" class=\"wp-image-12514\" srcset=\"https:\/\/sgvaimudar.com.br\/wp-content\/uploads\/2024\/09\/WhatsApp-Image-2024-09-24-at-17.57.48-1-1024x771.jpeg 1024w, https:\/\/sgvaimudar.com.br\/wp-content\/uploads\/2024\/09\/WhatsApp-Image-2024-09-24-at-17.57.48-1-300x226.jpeg 300w, https:\/\/sgvaimudar.com.br\/wp-content\/uploads\/2024\/09\/WhatsApp-Image-2024-09-24-at-17.57.48-1-768x578.jpeg 768w, https:\/\/sgvaimudar.com.br\/wp-content\/uploads\/2024\/09\/WhatsApp-Image-2024-09-24-at-17.57.48-1-1536x1156.jpeg 1536w, https:\/\/sgvaimudar.com.br\/wp-content\/uploads\/2024\/09\/WhatsApp-Image-2024-09-24-at-17.57.48-1.jpeg 1600w\" sizes=\"(max-width: 1024px) 100vw, 1024px\" \/><\/figure>\n\n\n\n<p>De acordo com os policiais, por volta das 03h10min., na Avenida Jornalista Alberto Francisco Torres, in\u00fameras motocicletas indo em dire\u00e7\u00e3o \u00e0 praia bateram de frente com uma viatura e parte do grupo dos motociclistas retornaram de onde vieram e outra parte entrou na contram\u00e3o pela Rua Miguel de Frias.<\/p>\n\n\n\n<p>De acordo com a PM, o casal foi t\u00e3o abusado que, no momento em que tentou fugir, uma menina de 18 anos, ocupante da garupa de uma motocicleta bem \u00e0 frente da viatura, se virou e fez um gesto f\u00e1lico (mostrou o dedo do meio), enquanto filmava a viatura com o celular na outra m\u00e3o. <\/p>\n\n\n\n<p>&#8220;O grupo que trafegava pela contram\u00e3o de dire\u00e7\u00e3o da Rua Miguel de Frias, parte dissipou pela Rua Fagundes Varela e parte seguiu para a Avenida Roberto Silveira. A moto em que acusada estava, passou a circular pelas ruas adjacentes e em certo momento, na Avenida Jornalista Alberto Francisco Torres, na altura da Rua General Pereira da Silva, o condutor, de 20 anos, perdeu o controle da moto ao frear, vindo a cair ao solo&#8221;, disse a PM na nota. <\/p>\n\n\n\n<p>O casal estava sem capacete e a motocicleta Honda CG 2023 azul sem placa, foi levada pelo reboque da Nittrans at\u00e9 a 77\u00aaDP, onde ficou apreendida assim como seus dois aparelhos celulares por ordem da Autoridade Policial. <\/p>\n\n\n\n<p>A pol\u00edcia disse que os eles foram levados pela guarni\u00e7\u00e3o ao Hospital Estadual Alberto Torres (Heal), onde receberam atendimento m\u00e9dico e informou ainda que o acusado tentou fugir, mas sofreu uma queda. <\/p>\n\n\n\n<p>Conforme os agentes, a dupla foi autuada em flagrante delito pelos crimes de: Dire\u00e7\u00e3o Perigosa, Les\u00e3o Corporal Culposa na dire\u00e7\u00e3o de ve\u00edculo automotor, disputa de corrida n\u00e3o autorizada e associa\u00e7\u00e3o criminosa.<\/p>\n\n\n\n<p><strong><em><sup>S\u00e3o Gon\u00e7alo Vai Mudar. O Maior Portal da Cidade.<\/sup><\/em><\/strong><\/p>\n\n\n\n<figure class=\"wp-block-image size-full\"><img decoding=\"async\" width=\"251\" height=\"88\" src=\"https:\/\/sgvaimudar.com.br\/wp-content\/uploads\/2023\/08\/Logo.png\" alt=\"\" class=\"wp-image-2738\" \/><\/figure>\n","protected":false},"excerpt":{"rendered":"<p>Condutores ao verem \u00e0 viatura se separaram e uma parte entrou de moto na contra m\u00e3o na Rua Miguel de&hellip;<\/p>\n","protected":false},"author":5,"featured_media":12513,"comment_status":"open","ping_status":"open","sticky":false,"template":"","format":"standard","meta":{"fifu_image_url":"","fifu_image_alt":"","footnotes":""},"categories":[32],"tags":[],"class_list":["post-12512","post","type-post","status-publish","format-standard","has-post-thumbnail","hentry","category-casos-de-policia"],"_links":{"self":[{"href":"https:\/\/sgvaimudar.com.br\/index.php\/wp-json\/wp\/v2\/posts\/12512","targetHints":{"allow":["GET"]}}],"collection":[{"href":"https:\/\/sgvaimudar.com.br\/index.php\/wp-json\/wp\/v2\/posts"}],"about":[{"href":"https:\/\/sgvaimudar.com.br\/index.php\/wp-json\/wp\/v2\/types\/post"}],"author":[{"embeddable":true,"href":"https:\/\/sgvaimudar.com.br\/index.php\/wp-json\/wp\/v2\/users\/5"}],"replies":[{"embeddable":true,"href":"https:\/\/sgvaimudar.com.br\/index.php\/wp-json\/wp\/v2\/comments?post=12512"}],"version-history":[{"count":2,"href":"https:\/\/sgvaimudar.com.br\/index.php\/wp-json\/wp\/v2\/posts\/12512\/revisions"}],"predecessor-version":[{"id":12518,"href":"https:\/\/sgvaimudar.com.br\/index.php\/wp-json\/wp\/v2\/posts\/12512\/revisions\/12518"}],"wp:featuredmedia":[{"embeddable":true,"href":"https:\/\/sgvaimudar.com.br\/index.php\/wp-json\/wp\/v2\/media\/12513"}],"wp:attachment":[{"href":"https:\/\/sgvaimudar.com.br\/index.php\/wp-json\/wp\/v2\/media?parent=12512"}],"wp:term":[{"taxonomy":"category","embeddable":true,"href":"https:\/\/sgvaimudar.com.br\/index.php\/wp-json\/wp\/v2\/categories?post=12512"},{"taxonomy":"post_tag","embeddable":true,"href":"https:\/\/sgvaimudar.com.br\/index.php\/wp-json\/wp\/v2\/tags?post=12512"}],"curies":[{"name":"wp","href":"https:\/\/api.w.org\/{rel}","templated":true}]}}