{"id":12485,"date":"2024-09-24T14:55:07","date_gmt":"2024-09-24T17:55:07","guid":{"rendered":"https:\/\/sgvaimudar.com.br\/?p=12485"},"modified":"2024-09-29T15:52:20","modified_gmt":"2024-09-29T18:52:20","slug":"distribuidora-de-energia-anuncia-contratacao-de-dois-mil-eletricistas-ate-2026","status":"publish","type":"post","link":"https:\/\/sgvaimudar.com.br\/index.php\/2024\/09\/24\/distribuidora-de-energia-anuncia-contratacao-de-dois-mil-eletricistas-ate-2026\/","title":{"rendered":"Distribuidora de energia anuncia contrata\u00e7\u00e3o de dois mil eletricistas at\u00e9 2026"},"content":{"rendered":"\n<p><em>Entre 2024 e 2026, Enel promete investir R$ 3,5 bilh\u00f5es em sua \u00e1rea de concess\u00e3o,&nbsp;um aumento de cerca de 18% em rela\u00e7\u00e3o \u00e0 m\u00e9dia anual de investimento dos \u00faltimos seis anos; Distribuidora vai promover a forma\u00e7\u00e3o de novos eletricistas; Nove subesta\u00e7\u00f5es ser\u00e3o modernizadas ou ampliadas no per\u00edodo e o n\u00famero de podas ser\u00e1 ampliado e ser\u00e1 38% maior este ano em rela\u00e7\u00e3o a 2023<\/em><\/p>\n\n\n\n<figure class=\"wp-block-image size-full is-resized\"><img fetchpriority=\"high\" decoding=\"async\" width=\"295\" height=\"442\" src=\"https:\/\/sgvaimudar.com.br\/wp-content\/uploads\/2024\/09\/ENEL.png\" alt=\"\" class=\"wp-image-12487\" style=\"aspect-ratio:0.667420814479638;width:693px;height:auto\" srcset=\"https:\/\/sgvaimudar.com.br\/wp-content\/uploads\/2024\/09\/ENEL.png 295w, https:\/\/sgvaimudar.com.br\/wp-content\/uploads\/2024\/09\/ENEL-200x300.png 200w\" sizes=\"(max-width: 295px) 100vw, 295px\" \/><\/figure>\n\n\n\n<p>A Enel Distribui\u00e7\u00e3o Rio anunciou nesta ter\u00e7a-feira (24) a contrata\u00e7\u00e3o de dois mil eletricistas pr\u00f3prios, que v\u00e3o refor\u00e7ar a opera\u00e7\u00e3o da distribuidora de energia nos munic\u00edpios de sua \u00e1rea de concess\u00e3o, para reduzir o tempo de atendimento em campo e otimizar servi\u00e7os como manuten\u00e7\u00f5es preventivas, podas e o combate ao furto de energia. <\/p>\n\n\n\n<p>O an\u00fancio foi feito durante o lan\u00e7amento do plano de a\u00e7\u00f5es da distribuidora para o per\u00edodo 2024-2026, realizado nas instala\u00e7\u00f5es da empresa no munic\u00edpio de S\u00e3o Gon\u00e7alo. Ao todo, a Enel Rio vai investir R$ 3,5 bilh\u00f5es at\u00e9 2026, o que representa um aumento de cerca de 18% em compara\u00e7\u00e3o com a m\u00e9dia dos \u00faltimos seis anos. &nbsp;<\/p>\n\n\n\n<p>Segundo as informa\u00e7\u00f5es, os investimentos da distribuidora est\u00e3o focados na moderniza\u00e7\u00e3o e amplia\u00e7\u00e3o da capacidade da rede de distribui\u00e7\u00e3o de energia nos 66 munic\u00edpios atendidos pela empresa e no refor\u00e7o da contrata\u00e7\u00e3o de equipes pr\u00f3prias. Al\u00e9m de gerar oportunidades de emprego, a contrata\u00e7\u00e3o de novos colaboradores pr\u00f3prios dar\u00e1 maior celeridade \u00e0s atividades.<\/p>\n\n\n\n<p><strong>350 novos profissionais j\u00e1 foram contratados este ano<\/strong><\/p>\n\n\n\n<p>De acordo com a distribuidora, a contrata\u00e7\u00e3o dos 2.045 eletricistas pr\u00f3prios at\u00e9 o fim de 2026 j\u00e1 come\u00e7ou. <\/p>\n\n\n\n<p>&#8220;Mais de 350 novos profissionais come\u00e7aram a atuar este ano em munic\u00edpios como Niter\u00f3i, S\u00e3o Gon\u00e7alo, Mag\u00e9, Petr\u00f3polis, Teres\u00f3polis, Campos dos Goytacazes, Maca\u00e9, Santo Ant\u00f4nio de P\u00e1dua, Resende, Angra dos Reis e Paraty. Al\u00e9m disso, para suprir a demanda de m\u00e3o de obra qualificada no setor e acelerar as contrata\u00e7\u00f5es previstas para 2025, a Enel Rio abrir\u00e1 150 vagas para forma\u00e7\u00e3o de novos eletricistas. Para participar da Escola de Eletricistas, basta ter mais de 18 anos e o Ensino Fundamental completo&#8221;, afirmou a Enel na nota.<\/p>\n\n\n\n<p>\u201cEste \u00e9 um plano que est\u00e1 focado no nosso maior patrim\u00f4nio, que s\u00e3o as pessoas. Assumimos um compromisso de ampliar a contrata\u00e7\u00e3o de eletricistas para atua\u00e7\u00e3o em campo, com o objetivo de reduzir o tempo de atendimento aos nossos clientes. Ser\u00e1 uma jornada de muitas entregas que simbolizam a nossa vontade de estar cada vez mais pr\u00f3ximos dos nossos p\u00fablicos\u201d,&nbsp;destaca&nbsp;Anna Paula Pacheco, presidente da Enel Rio.<\/p>\n\n\n\n<p>\u201cVamos oferecer uma energia cada vez melhor, tornando a rede el\u00e9trica mais resiliente aos desafios clim\u00e1ticos e ao crescimento da demanda, para seguir contribuindo com o desenvolvimento econ\u00f4mico e social do estado do Rio de Janeiro\u201d,&nbsp;ressaltou&nbsp;Jose Luis Salas, Diretor de Redes da Enel Rio. &nbsp;<\/p>\n\n\n\n<p><strong>Entre as a\u00e7\u00f5es contempladas no plano at\u00e9 2026, est\u00e3o:<\/strong><\/p>\n\n\n\n<p>&#8211; Inspe\u00e7\u00e3o de mais de 120 mil km de redes de baixa e m\u00e9dia tens\u00e3o;<\/p>\n\n\n\n<p>&#8211; Substitui\u00e7\u00e3o de 210 km de redes de baixa e m\u00e9dia tens\u00e3o, com a ado\u00e7\u00e3o de uma tecnologia de redes compactas, mais resistentes a poss\u00edveis interfer\u00eancias externas, como a queda de galhos e \u00e1rvores;<\/p>\n\n\n\n<p>&#8211; 89 quil\u00f4metros de novas redes de alta tens\u00e3o;<\/p>\n\n\n\n<p>&#8211; Cerca de 1,3 milh\u00e3o de podas, das quais 545 mil j\u00e1 em 2024 (aumento de 38% em rela\u00e7\u00e3o a 2023);<\/p>\n\n\n\n<p>&#8211; Uma nova subesta\u00e7\u00e3o e 9 modernizadas ou ampliadas;<\/p>\n\n\n\n<p>&#8211; Instala\u00e7\u00e3o de mais de 700 equipamentos de telecontrole, que permitem a execu\u00e7\u00e3o de comandos \u00e0 dist\u00e2ncia na rede, remanejando cargas e reduzindo significativamente o impacto de eventuais ocorr\u00eancias.<\/p>\n\n\n\n<p>&#8211; Intensifica\u00e7\u00e3o de manuten\u00e7\u00f5es preventivas e corretivas, com troca de equipamentos como transformadores e postes, entre outros equipamentos;<\/p>\n\n\n\n<p>&#8211; Amplia\u00e7\u00e3o do combate ao furto de energia, com aplica\u00e7\u00e3o de novas tecnologias e aumento nas inspe\u00e7\u00f5es em campo, em parceria com autoridades policiais;<\/p>\n\n\n\n<p>&#8211; Realiza\u00e7\u00e3o ou apoio de projetos culturais e esportivos, com aporte estimado de R$ 90 milh\u00f5es em cerca de 80 iniciativas apenas em 2024;<\/p>\n\n\n\n<p>&#8211; Amplia\u00e7\u00e3o e moderniza\u00e7\u00e3o de lojas, com aumento na capacidade de atendimento presencial;<\/p>\n\n\n\n<p>&#8211; Moderniza\u00e7\u00e3o e novos servi\u00e7os nos canais de atendimento digitais.<\/p>\n\n\n\n<p><strong><em><sup>S\u00e3o Gon\u00e7alo Vai Mudar. O Maior Portal da Cidade.<\/sup><\/em><\/strong><\/p>\n\n\n\n<figure class=\"wp-block-image size-full\"><img decoding=\"async\" width=\"250\" height=\"87\" src=\"https:\/\/sgvaimudar.com.br\/wp-content\/uploads\/2023\/08\/cropped-Logo.png\" alt=\"\" class=\"wp-image-2739\" \/><\/figure>\n","protected":false},"excerpt":{"rendered":"<p>Entre 2024 e 2026, Enel promete investir R$ 3,5 bilh\u00f5es em sua \u00e1rea de concess\u00e3o,&nbsp;um aumento de cerca de 18%&hellip;<\/p>\n","protected":false},"author":5,"featured_media":12486,"comment_status":"open","ping_status":"open","sticky":false,"template":"","format":"standard","meta":{"fifu_image_url":"","fifu_image_alt":"","footnotes":""},"categories":[3],"tags":[],"class_list":["post-12485","post","type-post","status-publish","format-standard","has-post-thumbnail","hentry","category-sao-goncalo"],"_links":{"self":[{"href":"https:\/\/sgvaimudar.com.br\/index.php\/wp-json\/wp\/v2\/posts\/12485","targetHints":{"allow":["GET"]}}],"collection":[{"href":"https:\/\/sgvaimudar.com.br\/index.php\/wp-json\/wp\/v2\/posts"}],"about":[{"href":"https:\/\/sgvaimudar.com.br\/index.php\/wp-json\/wp\/v2\/types\/post"}],"author":[{"embeddable":true,"href":"https:\/\/sgvaimudar.com.br\/index.php\/wp-json\/wp\/v2\/users\/5"}],"replies":[{"embeddable":true,"href":"https:\/\/sgvaimudar.com.br\/index.php\/wp-json\/wp\/v2\/comments?post=12485"}],"version-history":[{"count":6,"href":"https:\/\/sgvaimudar.com.br\/index.php\/wp-json\/wp\/v2\/posts\/12485\/revisions"}],"predecessor-version":[{"id":12760,"href":"https:\/\/sgvaimudar.com.br\/index.php\/wp-json\/wp\/v2\/posts\/12485\/revisions\/12760"}],"wp:featuredmedia":[{"embeddable":true,"href":"https:\/\/sgvaimudar.com.br\/index.php\/wp-json\/wp\/v2\/media\/12486"}],"wp:attachment":[{"href":"https:\/\/sgvaimudar.com.br\/index.php\/wp-json\/wp\/v2\/media?parent=12485"}],"wp:term":[{"taxonomy":"category","embeddable":true,"href":"https:\/\/sgvaimudar.com.br\/index.php\/wp-json\/wp\/v2\/categories?post=12485"},{"taxonomy":"post_tag","embeddable":true,"href":"https:\/\/sgvaimudar.com.br\/index.php\/wp-json\/wp\/v2\/tags?post=12485"}],"curies":[{"name":"wp","href":"https:\/\/api.w.org\/{rel}","templated":true}]}}