{"id":12481,"date":"2024-09-24T14:37:06","date_gmt":"2024-09-24T17:37:06","guid":{"rendered":"https:\/\/sgvaimudar.com.br\/?p=12481"},"modified":"2024-09-24T14:37:06","modified_gmt":"2024-09-24T17:37:06","slug":"sao-goncalo-realiza-leilao-de-veiculos-em-outubro","status":"publish","type":"post","link":"https:\/\/sgvaimudar.com.br\/index.php\/2024\/09\/24\/sao-goncalo-realiza-leilao-de-veiculos-em-outubro\/","title":{"rendered":"S\u00e3o Gon\u00e7alo realiza leil\u00e3o de ve\u00edculos em outubro"},"content":{"rendered":"\n<p><em>Novo preg\u00e3o ocorrer\u00e1 de forma online no dia 8 do pr\u00f3ximo m\u00eas<\/em><\/p>\n\n\n\n<p>A Secretaria de Transportes da Prefeitura de S\u00e3o Gon\u00e7alo informou que vai realizar um novo leil\u00e3o virtual de ve\u00edculos apreendidos e removidos no munic\u00edpio. O preg\u00e3o eletr\u00f4nico acontecer\u00e1 de forma virtual, atrav\u00e9s do link\u00a0<a rel=\"noreferrer noopener\" href=\"https:\/\/click.cse360.com.br\/Click\/AddCampaignEmailClick\/4ba88d2a-5c75-41b3-b20a-08dcd7328d68\/https%253a%252f%252fwww.eblonline.com.br%252f\/ac66966e-2b55-4484-fb2c-08dc491eed5f\/jornalistaws@gmail.com\/False\" target=\"_blank\">https:\/\/www.eblonline.com.br\/<\/a>, a partir das 10h da ter\u00e7a-feira (8\/10). Ao todo, ser\u00e3o leiloados 63 ve\u00edculos conservados e duas sucatas.<\/p>\n\n\n\n<figure class=\"wp-block-image size-large\"><img fetchpriority=\"high\" decoding=\"async\" width=\"1024\" height=\"683\" src=\"https:\/\/sgvaimudar.com.br\/wp-content\/uploads\/2024\/09\/unnamed-1-8-1024x683.jpg\" alt=\"\" class=\"wp-image-12482\" srcset=\"https:\/\/sgvaimudar.com.br\/wp-content\/uploads\/2024\/09\/unnamed-1-8-1024x683.jpg 1024w, https:\/\/sgvaimudar.com.br\/wp-content\/uploads\/2024\/09\/unnamed-1-8-300x200.jpg 300w, https:\/\/sgvaimudar.com.br\/wp-content\/uploads\/2024\/09\/unnamed-1-8-768x512.jpg 768w, https:\/\/sgvaimudar.com.br\/wp-content\/uploads\/2024\/09\/unnamed-1-8.jpg 1200w\" sizes=\"(max-width: 1024px) 100vw, 1024px\" \/><\/figure>\n\n\n\n<p>Todos os ve\u00edculos leiloados s\u00e3o autom\u00f3veis que n\u00e3o foram reclamados por seus propriet\u00e1rios em um prazo de 60 dias a contar da data do recolhimento, conforme o artigo 328 do C\u00f3digo de Tr\u00e2nsito Brasileiro.<\/p>\n\n\n\n<p>A visita\u00e7\u00e3o ao p\u00e1tio para inspe\u00e7\u00e3o visual dos ve\u00edculos pode ser feita at\u00e9 o dia 7 de outubro, no hor\u00e1rio das 9h \u00e0s 12h e das 14h \u00e0s 17h, de segunda a sexta-feira, e de 9h \u00e0s 12h, aos s\u00e1bados, na Rua Doutor Nilo Pe\u00e7anha, 246, Centro. N\u00e3o haver\u00e1 visita\u00e7\u00e3o aos domingos e feriados, bem como no dia da realiza\u00e7\u00e3o do leil\u00e3o. <\/p>\n\n\n\n<p>Durante a inspe\u00e7\u00e3o visual, n\u00e3o s\u00e3o permitidos procedimentos como manuseio, experimenta\u00e7\u00e3o e ou remo\u00e7\u00e3o de pe\u00e7as. N\u00e3o h\u00e1 necessidade de agendamento pr\u00e9vio para a visita\u00e7\u00e3o.<\/p>\n\n\n\n<p>Apenas poder\u00e3o participar do leil\u00e3o dos lotes, classificados como conservados, compradores residentes do Estado do Rio de Janeiro ou com declara\u00e7\u00e3o de resid\u00eancia no Estado, conforme disposto pelo Detran-RJ.<\/p>\n\n\n\n<p>O edital completo do leil\u00e3o pode ser conferido atrav\u00e9s dos links:<\/p>\n\n\n\n<p><a href=\"https:\/\/eblonline.com.br\/lotes\/164\">https:\/\/eblonline.com.br\/lotes\/164<\/a>;<\/p>\n\n\n\n<p><a href=\"https:\/\/eblonline.com.br\/lotes\/163\">https:\/\/eblonline.com.br\/lotes\/163<\/a>;<\/p>\n\n\n\n<p><a href=\"https:\/\/www.pmsg.rj.gov.br\/wp-content\/uploads\/2024\/09\/EDITAL-DE-LEILAO-PSG07-24-PUBLICACAO.pdf\">https:\/\/www.pmsg.rj.gov.br\/wp-content\/uploads\/2024\/09\/EDITAL-DE-LEILAO-PSG07-24-PUBLICACAO.pdf<\/a>;<\/p>\n\n\n\n<p><a href=\"https:\/\/www.sergiorepresasleiloes.com.br\/\">https:\/\/www.sergiorepresasleiloes.com.br\/<\/a>.<\/p>\n\n\n\n<p>S\u00e3o Gon\u00e7alo Vai Mudar. O Maior Portal da Cidade.<\/p>\n\n\n\n<figure class=\"wp-block-image size-full\"><img decoding=\"async\" width=\"250\" height=\"87\" src=\"https:\/\/sgvaimudar.com.br\/wp-content\/uploads\/2023\/08\/cropped-Logo.png\" alt=\"\" class=\"wp-image-2739\" \/><\/figure>\n","protected":false},"excerpt":{"rendered":"<p>Novo preg\u00e3o ocorrer\u00e1 de forma online no dia 8 do pr\u00f3ximo m\u00eas A Secretaria de Transportes da Prefeitura de S\u00e3o&hellip;<\/p>\n","protected":false},"author":5,"featured_media":12483,"comment_status":"open","ping_status":"open","sticky":false,"template":"","format":"standard","meta":{"fifu_image_url":"","fifu_image_alt":"","footnotes":""},"categories":[3],"tags":[],"class_list":["post-12481","post","type-post","status-publish","format-standard","has-post-thumbnail","hentry","category-sao-goncalo"],"_links":{"self":[{"href":"https:\/\/sgvaimudar.com.br\/index.php\/wp-json\/wp\/v2\/posts\/12481","targetHints":{"allow":["GET"]}}],"collection":[{"href":"https:\/\/sgvaimudar.com.br\/index.php\/wp-json\/wp\/v2\/posts"}],"about":[{"href":"https:\/\/sgvaimudar.com.br\/index.php\/wp-json\/wp\/v2\/types\/post"}],"author":[{"embeddable":true,"href":"https:\/\/sgvaimudar.com.br\/index.php\/wp-json\/wp\/v2\/users\/5"}],"replies":[{"embeddable":true,"href":"https:\/\/sgvaimudar.com.br\/index.php\/wp-json\/wp\/v2\/comments?post=12481"}],"version-history":[{"count":1,"href":"https:\/\/sgvaimudar.com.br\/index.php\/wp-json\/wp\/v2\/posts\/12481\/revisions"}],"predecessor-version":[{"id":12484,"href":"https:\/\/sgvaimudar.com.br\/index.php\/wp-json\/wp\/v2\/posts\/12481\/revisions\/12484"}],"wp:featuredmedia":[{"embeddable":true,"href":"https:\/\/sgvaimudar.com.br\/index.php\/wp-json\/wp\/v2\/media\/12483"}],"wp:attachment":[{"href":"https:\/\/sgvaimudar.com.br\/index.php\/wp-json\/wp\/v2\/media?parent=12481"}],"wp:term":[{"taxonomy":"category","embeddable":true,"href":"https:\/\/sgvaimudar.com.br\/index.php\/wp-json\/wp\/v2\/categories?post=12481"},{"taxonomy":"post_tag","embeddable":true,"href":"https:\/\/sgvaimudar.com.br\/index.php\/wp-json\/wp\/v2\/tags?post=12481"}],"curies":[{"name":"wp","href":"https:\/\/api.w.org\/{rel}","templated":true}]}}