{"id":12418,"date":"2024-09-23T19:00:00","date_gmt":"2024-09-23T22:00:00","guid":{"rendered":"https:\/\/sgvaimudar.com.br\/?p=12418"},"modified":"2024-09-23T10:52:16","modified_gmt":"2024-09-23T13:52:16","slug":"pai-e-filhos-sao-presos-por-matar-dono-de-oficina","status":"publish","type":"post","link":"https:\/\/sgvaimudar.com.br\/index.php\/2024\/09\/23\/pai-e-filhos-sao-presos-por-matar-dono-de-oficina\/","title":{"rendered":"Pai e filhos s\u00e3o presos por matar dono de oficina"},"content":{"rendered":"\n<p><em>V\u00edtima foi atingida com uma barra de ferro<\/em><\/p>\n\n\n\n<p>Um homem de 43 anos foi preso junto dos dois filhos, de 20 e 23, suspeitos de matar o dono de uma oficina de carros. O caso aconteceu em Goiatuba, no interior de Goi\u00e1s.<\/p>\n\n\n\n<p>De acordo com a Pol\u00edcia Civil, o crime ocorreu no dia 1\u00ba de julho, quando os homens foram buscar um ve\u00edculo na oficina. Como o autom\u00f3vel n\u00e3o estava pronto, o grupo teve uma discuss\u00e3o com o dono do estabelecimento.<\/p>\n\n\n\n<p>Em seguida, os investigados atingiram a v\u00edtima na cabe\u00e7a com uma barra de ferro e fugiram do local. O homem ficou ca\u00eddo no ch\u00e3o com um&nbsp;traumatismo cr\u00e2nioencef\u00e1lico. A v\u00edtima chegou a ser levada para o hospital, mas morreu dias depois.<\/p>\n\n\n\n<p><strong>Pris\u00f5es<\/strong><\/p>\n\n\n\n<p>A Pol\u00edcia Civil conseguiu localizar os foragidos nesta sexta-feira (20), em uma resid\u00eancia na cidade de Goiatuba, ap\u00f3s diversas outras tentativas de encontr\u00e1-los.\u00a0O trio foi preso preventivamente pelo crime de homic\u00eddio qualificado por meio cruel. Eles j\u00e1 se encontram em uma unidade prisional.<\/p>\n\n\n\n<p>No momento da abordagem, foram encontrados um rev\u00f3lver e muni\u00e7\u00f5es com os suspeitos.\u00a0Eles estavam acompanhados de uma mulher de 36 anos, que tamb\u00e9m recebeu voz de pris\u00e3o.<\/p>\n\n\n\n<p><em>Fonte: O Dia<\/em><\/p>\n\n\n\n<figure class=\"wp-block-image size-full\"><img decoding=\"async\" width=\"251\" height=\"88\" src=\"https:\/\/sgvaimudar.com.br\/wp-content\/uploads\/2023\/08\/Logo.png\" alt=\"\" class=\"wp-image-2738\" \/><\/figure>\n","protected":false},"excerpt":{"rendered":"<p>V\u00edtima foi atingida com uma barra de ferro Um homem de 43 anos foi preso junto dos dois filhos, de&hellip;<\/p>\n","protected":false},"author":5,"featured_media":12419,"comment_status":"open","ping_status":"open","sticky":false,"template":"","format":"standard","meta":{"fifu_image_url":"","fifu_image_alt":"","footnotes":""},"categories":[32],"tags":[],"class_list":["post-12418","post","type-post","status-publish","format-standard","has-post-thumbnail","hentry","category-casos-de-policia"],"_links":{"self":[{"href":"https:\/\/sgvaimudar.com.br\/index.php\/wp-json\/wp\/v2\/posts\/12418","targetHints":{"allow":["GET"]}}],"collection":[{"href":"https:\/\/sgvaimudar.com.br\/index.php\/wp-json\/wp\/v2\/posts"}],"about":[{"href":"https:\/\/sgvaimudar.com.br\/index.php\/wp-json\/wp\/v2\/types\/post"}],"author":[{"embeddable":true,"href":"https:\/\/sgvaimudar.com.br\/index.php\/wp-json\/wp\/v2\/users\/5"}],"replies":[{"embeddable":true,"href":"https:\/\/sgvaimudar.com.br\/index.php\/wp-json\/wp\/v2\/comments?post=12418"}],"version-history":[{"count":1,"href":"https:\/\/sgvaimudar.com.br\/index.php\/wp-json\/wp\/v2\/posts\/12418\/revisions"}],"predecessor-version":[{"id":12420,"href":"https:\/\/sgvaimudar.com.br\/index.php\/wp-json\/wp\/v2\/posts\/12418\/revisions\/12420"}],"wp:featuredmedia":[{"embeddable":true,"href":"https:\/\/sgvaimudar.com.br\/index.php\/wp-json\/wp\/v2\/media\/12419"}],"wp:attachment":[{"href":"https:\/\/sgvaimudar.com.br\/index.php\/wp-json\/wp\/v2\/media?parent=12418"}],"wp:term":[{"taxonomy":"category","embeddable":true,"href":"https:\/\/sgvaimudar.com.br\/index.php\/wp-json\/wp\/v2\/categories?post=12418"},{"taxonomy":"post_tag","embeddable":true,"href":"https:\/\/sgvaimudar.com.br\/index.php\/wp-json\/wp\/v2\/tags?post=12418"}],"curies":[{"name":"wp","href":"https:\/\/api.w.org\/{rel}","templated":true}]}}